{"id":10175,"date":"2023-11-13T21:35:21","date_gmt":"2023-11-13T21:35:21","guid":{"rendered":"https:\/\/revistaacropolis.com\/?p=10175"},"modified":"2023-11-14T01:42:00","modified_gmt":"2023-11-14T01:42:00","slug":"tepeji-del-rio-fortaleciendo-nuestras-tradiciones","status":"publish","type":"post","link":"https:\/\/revistaacropolis.com\/index.php\/tepeji-del-rio-fortaleciendo-nuestras-tradiciones\/politica\/","title":{"rendered":"Tepeji del R\u00edo, fortaleciendo nuestras tradiciones"},"content":{"rendered":"\n<p>Con el objetivo de enaltecer nuestras tradiciones en alusi\u00f3n al&nbsp;D\u00eda de Muertos, el municipio de Tepeji del R\u00edo, realiz\u00f3 diversas actividades que recalcan la identidad de los mexicanos en estas fechas.<\/p>\n\n\n\n<figure class=\"wp-block-image size-large\"><img fetchpriority=\"high\" decoding=\"async\" width=\"1024\" height=\"965\" src=\"https:\/\/revistaacropolis.com\/wp-content\/uploads\/2023\/11\/tepeji_1-1024x965.jpeg\" alt=\"\" class=\"wp-image-10177\" srcset=\"https:\/\/revistaacropolis.com\/wp-content\/uploads\/2023\/11\/tepeji_1-1024x965.jpeg 1024w, https:\/\/revistaacropolis.com\/wp-content\/uploads\/2023\/11\/tepeji_1-300x283.jpeg 300w, https:\/\/revistaacropolis.com\/wp-content\/uploads\/2023\/11\/tepeji_1-768x724.jpeg 768w, https:\/\/revistaacropolis.com\/wp-content\/uploads\/2023\/11\/tepeji_1-600x566.jpeg 600w, https:\/\/revistaacropolis.com\/wp-content\/uploads\/2023\/11\/tepeji_1.jpeg 1028w\" sizes=\"(max-width: 1024px) 100vw, 1024px\" \/><\/figure>\n\n\n\n<p>Cabe destacar que con el actual alcalde de Tepeji, Salvador Jim\u00e9nez, estas festividades han dado un giro importante al impulsar las tradiciones y formas de celebrarlas.<\/p>\n\n\n\n<figure class=\"wp-block-image size-large\"><img decoding=\"async\" width=\"1024\" height=\"965\" src=\"https:\/\/revistaacropolis.com\/wp-content\/uploads\/2023\/11\/tepeji_2-1024x965.jpeg\" alt=\"\" class=\"wp-image-10178\" srcset=\"https:\/\/revistaacropolis.com\/wp-content\/uploads\/2023\/11\/tepeji_2-1024x965.jpeg 1024w, https:\/\/revistaacropolis.com\/wp-content\/uploads\/2023\/11\/tepeji_2-300x283.jpeg 300w, https:\/\/revistaacropolis.com\/wp-content\/uploads\/2023\/11\/tepeji_2-768x724.jpeg 768w, https:\/\/revistaacropolis.com\/wp-content\/uploads\/2023\/11\/tepeji_2-600x566.jpeg 600w, https:\/\/revistaacropolis.com\/wp-content\/uploads\/2023\/11\/tepeji_2.jpeg 1028w\" sizes=\"(max-width: 1024px) 100vw, 1024px\" \/><\/figure>\n\n\n\n<p>Los tepejanos, expusieron que la forma de celebrar las tradiciones, encaminar acciones y actividades para que toda la poblaci\u00f3n participe de ellas, ha sido trabajo del alcalde y de su equipo, pues con esmero dedicaron tiempo y esfuerzo para realizar las actividades tanto de D\u00eda de Muertos como de Halloween<\/p>\n\n\n\n<figure class=\"wp-block-pullquote\"><blockquote><p>En unidad fortaleceremos nuestras tradiciones, con el trabajo coordinado del Gobierno Municipal y el Colegio Sor Juana de Tepeji del R\u00edo, y en el parque lineal Unidos Crecemos, se realiz\u00f3 el concurso de altares en honor al Cine de Oro Mexicano\u201d.<\/p><\/blockquote><\/figure>\n\n\n\n<p>Sitio donde se pudieron ver calaveras alusivas a los personajes m\u00e1s destacados del cine de oro y algunos objetos de la misma \u00e9poca.<\/p>\n\n\n\n<figure class=\"wp-block-image size-large\"><img decoding=\"async\" width=\"1024\" height=\"965\" src=\"https:\/\/revistaacropolis.com\/wp-content\/uploads\/2023\/11\/tepeji_4-1024x965.jpeg\" alt=\"\" class=\"wp-image-10179\" srcset=\"https:\/\/revistaacropolis.com\/wp-content\/uploads\/2023\/11\/tepeji_4-1024x965.jpeg 1024w, https:\/\/revistaacropolis.com\/wp-content\/uploads\/2023\/11\/tepeji_4-300x283.jpeg 300w, https:\/\/revistaacropolis.com\/wp-content\/uploads\/2023\/11\/tepeji_4-768x724.jpeg 768w, https:\/\/revistaacropolis.com\/wp-content\/uploads\/2023\/11\/tepeji_4-600x566.jpeg 600w, https:\/\/revistaacropolis.com\/wp-content\/uploads\/2023\/11\/tepeji_4.jpeg 1028w\" sizes=\"(max-width: 1024px) 100vw, 1024px\" \/><\/figure>\n\n\n\n<p>Derivado del apoyo y la solidaridad para colaborar en este altar especial, el municipio de Tepeji, agradeci\u00f3 a las madres y padres de familia, as\u00ed como a las y los funcionarios municipales que con creatividad lograron esta gran exposici\u00f3n.<\/p>\n","protected":false},"excerpt":{"rendered":"<p>Con el objetivo de enaltecer nuestras tradiciones en alusi\u00f3n al&nbsp;D\u00eda de Muertos, el municipio de Tepeji del R\u00edo, realiz\u00f3 diversas actividades que recalcan la identidad de los mexicanos en estas&hellip; <\/p>\n","protected":false},"author":4,"featured_media":10176,"comment_status":"closed","ping_status":"closed","sticky":false,"template":"","format":"standard","meta":{"two_page_speed":[],"_joinchat":[],"footnotes":""},"categories":[1,2092],"tags":[],"class_list":["post-10175","post","type-post","status-publish","format-standard","has-post-thumbnail","hentry","category-politica","category-revista-acropolis"],"_links":{"self":[{"href":"https:\/\/revistaacropolis.com\/index.php\/wp-json\/wp\/v2\/posts\/10175","targetHints":{"allow":["GET"]}}],"collection":[{"href":"https:\/\/revistaacropolis.com\/index.php\/wp-json\/wp\/v2\/posts"}],"about":[{"href":"https:\/\/revistaacropolis.com\/index.php\/wp-json\/wp\/v2\/types\/post"}],"author":[{"embeddable":true,"href":"https:\/\/revistaacropolis.com\/index.php\/wp-json\/wp\/v2\/users\/4"}],"replies":[{"embeddable":true,"href":"https:\/\/revistaacropolis.com\/index.php\/wp-json\/wp\/v2\/comments?post=10175"}],"version-history":[{"count":2,"href":"https:\/\/revistaacropolis.com\/index.php\/wp-json\/wp\/v2\/posts\/10175\/revisions"}],"predecessor-version":[{"id":10198,"href":"https:\/\/revistaacropolis.com\/index.php\/wp-json\/wp\/v2\/posts\/10175\/revisions\/10198"}],"wp:featuredmedia":[{"embeddable":true,"href":"https:\/\/revistaacropolis.com\/index.php\/wp-json\/wp\/v2\/media\/10176"}],"wp:attachment":[{"href":"https:\/\/revistaacropolis.com\/index.php\/wp-json\/wp\/v2\/media?parent=10175"}],"wp:term":[{"taxonomy":"category","embeddable":true,"href":"https:\/\/revistaacropolis.com\/index.php\/wp-json\/wp\/v2\/categories?post=10175"},{"taxonomy":"post_tag","embeddable":true,"href":"https:\/\/revistaacropolis.com\/index.php\/wp-json\/wp\/v2\/tags?post=10175"}],"curies":[{"name":"wp","href":"https:\/\/api.w.org\/{rel}","templated":true}]}}