{"id":10310,"date":"2023-11-17T00:18:56","date_gmt":"2023-11-17T00:18:56","guid":{"rendered":"https:\/\/revistaacropolis.com\/?p=10310"},"modified":"2023-11-17T00:18:59","modified_gmt":"2023-11-17T00:18:59","slug":"alumnos-del-ia-promueven-amparo-vs-uaeh-los-orillan-a-dar-de-baja-carga-de-materia-acusan","status":"publish","type":"post","link":"https:\/\/revistaacropolis.com\/index.php\/alumnos-del-ia-promueven-amparo-vs-uaeh-los-orillan-a-dar-de-baja-carga-de-materia-acusan\/politica\/","title":{"rendered":"Alumnos del IA promueven amparo Vs UAEH; los orillan a dar de baja carga de materia, acusan"},"content":{"rendered":"\n<p><strong>Tras informar que interpusieron el amparo 1775\/2023 contra actos de la casa de estudios, alumnos paristas del Instituto de Artes (IA) acusaron que la Universidad Aut\u00f3noma del Estado de Hidalgo (UAEH) est\u00e1 orillando a los estudiantes del plante ubicado en Real del Monte<\/strong>, sin actividades desde hace 80 d\u00edas, a dar de baja su carga de materia como estrategia para finalizar el paro ignorando las mesas de di\u00e1logo solicitadas.<\/p>\n\n\n\n<figure class=\"wp-block-pullquote\"><blockquote><p>A los compa\u00f1eros b\u00e1sicamente se les est\u00e1 diciendo que para salvar el semestre se van a dar de baja las materias que necesiten de un espacio, de alg\u00fan instrumento o de las condiciones necesarias para seguir esta materia. Que se den de baja las materias y que se sigan el proceso con las materias que se puedan tomar en (el edificio) de Abasolo\u201d, expuso V\u00edctor Morales Su\u00e1rez, uno de los quejosos.<\/p><\/blockquote><\/figure>\n\n\n\n<p>El requerimiento de la casa de estudios, dijeron, tiene fecha l\u00edmite a las 15:00 horas de ma\u00f1ana, lo que calificaron como una jugada \u201csucia\u201d.<\/p>\n\n\n\n<figure class=\"wp-block-image size-large\"><img fetchpriority=\"high\" decoding=\"async\" width=\"1024\" height=\"683\" src=\"https:\/\/revistaacropolis.com\/wp-content\/uploads\/2023\/11\/E75A2948-D659-435D-8D8F-AE402DBB8F61-1024x683.jpeg\" alt=\"\" class=\"wp-image-10312\" srcset=\"https:\/\/revistaacropolis.com\/wp-content\/uploads\/2023\/11\/E75A2948-D659-435D-8D8F-AE402DBB8F61-1024x683.jpeg 1024w, https:\/\/revistaacropolis.com\/wp-content\/uploads\/2023\/11\/E75A2948-D659-435D-8D8F-AE402DBB8F61-300x200.jpeg 300w, https:\/\/revistaacropolis.com\/wp-content\/uploads\/2023\/11\/E75A2948-D659-435D-8D8F-AE402DBB8F61-768x512.jpeg 768w, https:\/\/revistaacropolis.com\/wp-content\/uploads\/2023\/11\/E75A2948-D659-435D-8D8F-AE402DBB8F61-600x400.jpeg 600w, https:\/\/revistaacropolis.com\/wp-content\/uploads\/2023\/11\/E75A2948-D659-435D-8D8F-AE402DBB8F61.jpeg 1170w\" sizes=\"(max-width: 1024px) 100vw, 1024px\" \/><\/figure>\n\n\n\n<p><strong>Asimismo, indicaron que la UAEH no realiza esta acci\u00f3n de forma oficial<\/strong>, sino a trav\u00e9s de grupos de WhatsApp y de sus coordinadores de carrera.<\/p>\n\n\n\n<p>Apenas ayer, un grupo de alrededor de 40 estudiantes el IA acudi\u00f3 al Edificio Central de Abasolo a tomar clases como sede alterna a la de Real del Monte.<\/p>\n\n\n\n<p>Respeto del juicio de amparo 1775\/2023, promovida el pasado 10 de octubre, los quejosos reclamaron del rector Octavio Acosta, el Consejo Universitario y la presidenta del patronato de la UAEH, L\u00eddia Garc\u00eda Anaya, la violaci\u00f3n al derecho a la educaci\u00f3n y a la libre expresi\u00f3n y discusi\u00f3n de las ideas: relacionado a las agresiones que sufrieron por parte de un grupo de choque de la instituci\u00f3n el 19 de septiembre en el Edificio Central de Abasolo.<\/p>\n\n\n\n<p>Asimismo, a la libertad de c\u00e1tedra y a los principios de legalidad y seguridad jur\u00eddica.<\/p>\n\n\n\n<figure class=\"wp-block-pullquote\"><blockquote><p>En qu\u00e9 universidad seria se proh\u00edbe la libre manifestaci\u00f3n de las ideas, toda universidad es una de sus principales elementos, los chicos pueden expresarse, y m\u00e1s si est\u00e1n hablando de temas educativos\u201d, se\u00f1al\u00f3 Julio G\u00e1lvez Bautista, abogado de los quejosos.<\/p><\/blockquote><\/figure>\n\n\n\n<p>Indic\u00f3 que, adem\u00e1s de presentar las carpetas de investigaci\u00f3n iniciada por los patitas lesionados, se har\u00e1 saber al juez segundo de distrito, en audiencia incidental que se realizar\u00e1 el pr\u00f3ximo 21 de noviembre, la afectaci\u00f3n al derecho a la educaci\u00f3n, pues dijo que los directivos est\u00e1n tratando de hacer que el alumnado firme hojas para \u201cborrarlos de la matr\u00edcula, inclusive quitarles materias\u201d. Pues de esa manera, advirti\u00f3, algunos pueden ser expulsados \u201cpor ese tema\u201d.<\/p>\n\n\n\n<figure class=\"wp-block-image size-large\"><img decoding=\"async\" width=\"897\" height=\"1024\" src=\"https:\/\/revistaacropolis.com\/wp-content\/uploads\/2023\/11\/38410603-38E4-4FEE-9959-EEF6F15545FF-897x1024.jpeg\" alt=\"\" class=\"wp-image-10313\" srcset=\"https:\/\/revistaacropolis.com\/wp-content\/uploads\/2023\/11\/38410603-38E4-4FEE-9959-EEF6F15545FF-897x1024.jpeg 897w, https:\/\/revistaacropolis.com\/wp-content\/uploads\/2023\/11\/38410603-38E4-4FEE-9959-EEF6F15545FF-263x300.jpeg 263w, https:\/\/revistaacropolis.com\/wp-content\/uploads\/2023\/11\/38410603-38E4-4FEE-9959-EEF6F15545FF-768x876.jpeg 768w, https:\/\/revistaacropolis.com\/wp-content\/uploads\/2023\/11\/38410603-38E4-4FEE-9959-EEF6F15545FF-526x600.jpeg 526w, https:\/\/revistaacropolis.com\/wp-content\/uploads\/2023\/11\/38410603-38E4-4FEE-9959-EEF6F15545FF.jpeg 1170w\" sizes=\"(max-width: 897px) 100vw, 897px\" \/><\/figure>\n\n\n\n<p>Apunt\u00f3 que \u201ccomo fueron violentados con el uso de la fuerza\u201d el 19 de septiembre, el juez de distrito tiene las facultades para decretar medidas de seguridad que considera para que \u201cse abra la universidad a la educaci\u00f3n\u201d y no sean violentados los alumnos, ya sea girando oficios a Seguridad P\u00fablica o al gobierno para que exista una guardia.<\/p>\n\n\n\n<p>\u201cEs un buen momento para que (\u2026) pueda avanzar sobre la autonom\u00eda universitaria, se debata el tema de qui\u00e9n es el titula de la autonom\u00eda universitaria: si los directores que violentan a los alumnos o los titulares de la autonom\u00eda universitaria son los alumnos junto con los profesores\u201d, a\u00f1adi\u00f3.<\/p>\n\n\n\n<p>Precis\u00f3 que el juicio de amparo por parte de estudiantes en defensa de derechos colectivos es contra particulares, pero por autos de autoridad de la universidad. Con ello, dijo, se levanta \u201cese velo de autonom\u00eda\u201d con la que la UAEH dec\u00eda \u201cque no se pod\u00eda cuestionar\u201d.<\/p>\n\n\n\n<p>Asimismo, el abogado indic\u00f3 que el pr\u00f3ximo 14 de diciembre ser\u00e1 la audiencia constitucional para saber si la justicia federal ampara a los estudiantes contra los actos reclamados.<\/p>\n\n\n\n<figure class=\"wp-block-pullquote\"><blockquote><p>Son estrategias viejas para tiempos nuevos, ya no podemos mandar a golpear a los alumnos cada que se manifiesten (\u2026) tienes que dejar que ellos expresen lo que aprenden d\u00eda a d\u00eda, entonces por ese lado el amparo es eso, un respaldo para nosotros\u201d, agreg\u00f3 el parista Eduardo Cuevas Cruz, tras recordar que el Grupo Universidad, de Gerardo Sosa Castel\u00e1n, mantiene el control de la casas de estudios desde hace cuatro d\u00e9cadas<\/p><\/blockquote><\/figure>\n\n\n\n<h3 class=\"wp-block-heading\">DatoAcro<\/h3>\n\n\n\n<p>&#8211;<strong>En su demanda de amparo, los alumnos promotores tambi\u00e9n manifiestan adoctrinamiento pol\u00edtico<\/strong>, en referencia al acto proselitista del exaspirante presidencial morenista Ad\u00e1n Augusto L\u00f3pez Hern\u00e1ndez a las instalaciones de Abasolo, el pasado 12 de julio.<\/p>\n\n\n\n<p>-Tambi\u00e9n acusan conflicto de inter\u00e9s de Lidia Garc\u00eda Anaya por ser diputada federal y, a la vez, presidenta el Patronato de la UAEH.<\/p>\n\n\n\n<p>-Recriminaron que la UAEH haya atendido a una minorar\u00eda de alumnos, quieres regresaron ayer a clases en Abasolo, pero no ha tomado en cuenta las solicitudes que ha hecho la de la mayor\u00eda de estudiantes del IA desde que comenz\u00f3 el paro, el 28 de agosto, en exigente la renuncia de la entonces directora Mar\u00eda Teresa Paul\u00edn R\u00edos, lo que deton\u00f3 la protesta.<\/p>\n\n\n\n<p>-Insistieron en que sus derechos ser\u00e1n \u201ca\u00fan mas violentados\u201d si levantan el paro sin haber tenido al menos una mesa de negociaci\u00f3n con la UAEH.<\/p>\n","protected":false},"excerpt":{"rendered":"<p>Tras informar que interpusieron el amparo 1775\/2023 contra actos de la casa de estudios, alumnos paristas del Instituto de Artes (IA) acusaron que la Universidad Aut\u00f3noma del Estado de Hidalgo&hellip; <\/p>\n","protected":false},"author":4,"featured_media":10311,"comment_status":"closed","ping_status":"closed","sticky":false,"template":"","format":"standard","meta":{"two_page_speed":[],"_joinchat":[],"footnotes":""},"categories":[1],"tags":[2229],"class_list":["post-10310","post","type-post","status-publish","format-standard","has-post-thumbnail","hentry","category-politica","tag-uaeh-2"],"_links":{"self":[{"href":"https:\/\/revistaacropolis.com\/index.php\/wp-json\/wp\/v2\/posts\/10310","targetHints":{"allow":["GET"]}}],"collection":[{"href":"https:\/\/revistaacropolis.com\/index.php\/wp-json\/wp\/v2\/posts"}],"about":[{"href":"https:\/\/revistaacropolis.com\/index.php\/wp-json\/wp\/v2\/types\/post"}],"author":[{"embeddable":true,"href":"https:\/\/revistaacropolis.com\/index.php\/wp-json\/wp\/v2\/users\/4"}],"replies":[{"embeddable":true,"href":"https:\/\/revistaacropolis.com\/index.php\/wp-json\/wp\/v2\/comments?post=10310"}],"version-history":[{"count":1,"href":"https:\/\/revistaacropolis.com\/index.php\/wp-json\/wp\/v2\/posts\/10310\/revisions"}],"predecessor-version":[{"id":10314,"href":"https:\/\/revistaacropolis.com\/index.php\/wp-json\/wp\/v2\/posts\/10310\/revisions\/10314"}],"wp:featuredmedia":[{"embeddable":true,"href":"https:\/\/revistaacropolis.com\/index.php\/wp-json\/wp\/v2\/media\/10311"}],"wp:attachment":[{"href":"https:\/\/revistaacropolis.com\/index.php\/wp-json\/wp\/v2\/media?parent=10310"}],"wp:term":[{"taxonomy":"category","embeddable":true,"href":"https:\/\/revistaacropolis.com\/index.php\/wp-json\/wp\/v2\/categories?post=10310"},{"taxonomy":"post_tag","embeddable":true,"href":"https:\/\/revistaacropolis.com\/index.php\/wp-json\/wp\/v2\/tags?post=10310"}],"curies":[{"name":"wp","href":"https:\/\/api.w.org\/{rel}","templated":true}]}}