{"id":10356,"date":"2023-11-18T01:24:35","date_gmt":"2023-11-18T01:24:35","guid":{"rendered":"https:\/\/revistaacropolis.com\/?p=10356"},"modified":"2023-11-18T03:12:43","modified_gmt":"2023-11-18T03:12:43","slug":"en-2024-tampoco-habra-reparto-de-utiles-y-uniformes-escolares-con-vales-seph","status":"publish","type":"post","link":"https:\/\/revistaacropolis.com\/index.php\/en-2024-tampoco-habra-reparto-de-utiles-y-uniformes-escolares-con-vales-seph\/politica\/","title":{"rendered":"En 2024 tampoco habr\u00e1 reparto de \u00fatiles y uniformes escolares con vales: SEPH"},"content":{"rendered":"\n<p><strong>El secretario de Educaci\u00f3n P\u00fablica de Hidalgo, Natividad Castrej\u00f3n Valdez, adelant\u00f3 que en 2024 tampoco habr\u00e1 reparto de \u00fatiles y uniformes escolares a trav\u00e9s de vales<\/strong>, como establece la Ley de Educaci\u00f3n del Estado Hidalgo tras la reforma de 2021.<\/p>\n\n\n\n<p>Tras el 9\u00b0 Parlamente Infantil en el Congreso local, afirm\u00f3 que la ley fiscal federal no lo permite, pues se deben de cubrir los requisitos fiscales y \u201cno han encontrado todav\u00eda\u201d la forma.<br>Parar poder dotar los \u00fatiles y uniformes sin considerar las reglas de operaci\u00f3n del programa, sostuvo, se debe modificar la ley federal.<br>Cuestionado sobre si hay alguna estrategia para ayudar a los peque\u00f1os comerciantes de estos productos escolares y que ellos tambi\u00e9n se beneficien, el funcionario asever\u00f3 que \u201cse hace un trabajo de pedir\u201d a los licitantes, quienes obtienen la adjudicaci\u00f3n de la compra, que el trabajo sea haga preferentemente en Hidalgo y en f\u00e1bricas o maquiladoras locales.<\/p>\n\n\n\n<figure class=\"wp-block-pullquote\"><blockquote><p>No solo los comerciantes o intermediarios, sino quienes producen, sean beneficiados directamente con con este tipo de programas\u201d, expuso.<\/p><\/blockquote><\/figure>\n\n\n\n<p>La entrega de estos instrumentos educativos fue un compromiso de campa\u00f1a del gobernador Julio Menchaca Salazar; sin embargo, este a\u00f1os se licitan ambas adquisiciones con el mismo argumento de que ley lo impide.<\/p>\n\n\n\n<p>Castrej\u00f3n Valdez agreg\u00f3 que la entrega de uniformes corresponde de educaci\u00f3n inicial a media superior y la de \u00fatiles escolares, de inicial a secundaria, pues dijo que en media superior se le da \u201cotro tipo de de dispositivos\u201d.<\/p>\n\n\n\n<p>\u201cEntonces es de cobertura pr\u00e1cticamente universal\u201d, asever\u00f3.<\/p>\n\n\n\n<p>Este a\u00f1o, el gobierno estatal erog\u00f3 489.4 millones de pesos para uniformes y m\u00e1s de 176 millones&nbsp;en \u00fatiles escolares.<\/p>\n\n\n\n<h3 class=\"wp-block-heading\"><br>CASO ZAPOTL\u00c1N, PR\u00d3XIMO A DETERMINARSE<\/h3>\n\n\n\n<p><br><strong>Sobre la reuni\u00f3n que sostuvo con el encargado de la Procuradur\u00eda General de Justicia de Hidalgo (PGJH), Santiago Nieto Castillo, por el caso de presunto abuso sexual en el jard\u00edn de ni\u00f1os Luz Gonz\u00e1lez Cos\u00edo, en Zapotl\u00e1n de Ju\u00e1rez<\/strong>, afirm\u00f3 que le fue informado que est\u00e1n integrando las carpetas de investigaci\u00f3n y que posiblemente la pr\u00f3xima semana puedan determinar \u201csi hay culpabilidad o no, si hay alg\u00fan delito o no\u201d.<\/p>\n\n\n\n<p>El funcionario agreg\u00f3 que si hay una instrucci\u00f3n judicial para separar a presuntos agresores, \u201cinmediatamente se produce\u201d la baja.<\/p>\n\n\n\n<p>El titular de la Secretar\u00eda de Educaci\u00f3n P\u00fablica de Hidalgo (SEPH)<br>reiter\u00f3 que existen 14 probables v\u00edctimas de alg\u00fan tipo de abuso sexual en el k\u00ednder.<\/p>\n\n\n\n<p>\u201cLa secrec\u00eda obliga a que el procurador no me pueda dar mucha informaci\u00f3n, pero s\u00e9 que lo est\u00e1n atendiendo y conf\u00edo en que los ni\u00f1os estar\u00e1n bien\u201d, expuso.<br>DatoAcro<br>-El secretario indic\u00f3 que en el presupuesto 2024 no se consideran recursos para el bono de jubilado ni el aguinaldo para trabajadores homologados, pues dijo que est\u00e1n negociando con la federaci\u00f3n la entrega del recurso \u201ctodav\u00eda\u201d.<br>-\u201cY si no, el gobierno estatal a ver qu\u00e9 hace\u201d, sostuvo.<\/p>\n","protected":false},"excerpt":{"rendered":"<p>El secretario de Educaci\u00f3n P\u00fablica de Hidalgo, Natividad Castrej\u00f3n Valdez, adelant\u00f3 que en 2024 tampoco habr\u00e1 reparto de \u00fatiles y uniformes escolares a trav\u00e9s de vales, como establece la Ley&hellip; <\/p>\n","protected":false},"author":4,"featured_media":10359,"comment_status":"closed","ping_status":"closed","sticky":false,"template":"","format":"standard","meta":{"two_page_speed":[],"_joinchat":[],"footnotes":""},"categories":[1],"tags":[],"class_list":["post-10356","post","type-post","status-publish","format-standard","has-post-thumbnail","hentry","category-politica"],"_links":{"self":[{"href":"https:\/\/revistaacropolis.com\/index.php\/wp-json\/wp\/v2\/posts\/10356","targetHints":{"allow":["GET"]}}],"collection":[{"href":"https:\/\/revistaacropolis.com\/index.php\/wp-json\/wp\/v2\/posts"}],"about":[{"href":"https:\/\/revistaacropolis.com\/index.php\/wp-json\/wp\/v2\/types\/post"}],"author":[{"embeddable":true,"href":"https:\/\/revistaacropolis.com\/index.php\/wp-json\/wp\/v2\/users\/4"}],"replies":[{"embeddable":true,"href":"https:\/\/revistaacropolis.com\/index.php\/wp-json\/wp\/v2\/comments?post=10356"}],"version-history":[{"count":1,"href":"https:\/\/revistaacropolis.com\/index.php\/wp-json\/wp\/v2\/posts\/10356\/revisions"}],"predecessor-version":[{"id":10358,"href":"https:\/\/revistaacropolis.com\/index.php\/wp-json\/wp\/v2\/posts\/10356\/revisions\/10358"}],"wp:featuredmedia":[{"embeddable":true,"href":"https:\/\/revistaacropolis.com\/index.php\/wp-json\/wp\/v2\/media\/10359"}],"wp:attachment":[{"href":"https:\/\/revistaacropolis.com\/index.php\/wp-json\/wp\/v2\/media?parent=10356"}],"wp:term":[{"taxonomy":"category","embeddable":true,"href":"https:\/\/revistaacropolis.com\/index.php\/wp-json\/wp\/v2\/categories?post=10356"},{"taxonomy":"post_tag","embeddable":true,"href":"https:\/\/revistaacropolis.com\/index.php\/wp-json\/wp\/v2\/tags?post=10356"}],"curies":[{"name":"wp","href":"https:\/\/api.w.org\/{rel}","templated":true}]}}