{"id":10383,"date":"2023-11-20T22:53:00","date_gmt":"2023-11-20T22:53:00","guid":{"rendered":"https:\/\/revistaacropolis.com\/?p=10383"},"modified":"2023-11-20T22:53:03","modified_gmt":"2023-11-20T22:53:03","slug":"en-caso-zapotlan-si-hay-delito-que-perseguir-por-abuso-sexual-en-kinder-subprocurador","status":"publish","type":"post","link":"https:\/\/revistaacropolis.com\/index.php\/en-caso-zapotlan-si-hay-delito-que-perseguir-por-abuso-sexual-en-kinder-subprocurador\/politica\/","title":{"rendered":"En caso Zapotl\u00e1n, s\u00ed hay delito que perseguir por abuso sexual en k\u00ednder: subprocurador"},"content":{"rendered":"\n<p>El subprocurador de Delitos de G\u00e9nero, Desaparici\u00f3n de Personas e Impacto Social, Francisco \u00c1ngel Fern\u00e1ndez Hasbun, consider\u00f3 que entre las capetas de investigaci\u00f3n que se abrieron por el presunto abuso sexual de menores del jard\u00edn de ni\u00f1os Luz Gonz\u00e1lez Cos\u00edo,&nbsp;de Zapotl\u00e1n de Ju\u00e1rez, en por lo menos dos de ellas s\u00ed consideran que existe delito que perseguir.<\/p>\n\n\n\n<figure class=\"wp-block-pullquote\"><blockquote><p>Creemos que hay delito en dos o tres carpetas de investigaci\u00f3n\u201d, manifest\u00f3 el funcionario de la Procuradur\u00eda General de Justicia de Hidalgo (PGJH), quien asegur\u00f3 que ma\u00f1ana se dar\u00e1 mayor informaci\u00f3n sobre el caso.<\/p><\/blockquote><\/figure>\n\n\n\n<p>De acuerdo con Fern\u00e1ndez Hasbun, hay 3 las carpetas de investigaci\u00f3n por el caso, dato que no coincide con el de la propia PGJEH y el titular de la Secretar\u00eda de Educaci\u00f3n P\u00fablica de Hidalgo (SEPH), Natividad Castrej\u00f3n Valdez, que refiri\u00f3 cuatro denuncias.<\/p>\n\n\n\n<p>Asimismo, sobre el n\u00famero de presuntas v\u00edctimas, el subprocurador mencion\u00f3 15, cifra que tambi\u00e9n difiere con la expuesta por ambas autoridades, que han referido 14.<\/p>\n\n\n\n<p>\u201cQuiero ser puntual, o quiero decir que 15 personas son afectadas, hay 15 denuncias y de ah\u00ed se derivaran de las investigaciones si hay o no hay delito\u201d, mencion\u00f3.<\/p>\n\n\n\n<p>Pese a ser discordantes los datos, el funcionario estatal asegur\u00f3 que se sigue en constante comunicaci\u00f3n con todas las familias denunciantes de los hechos en el k\u00ednder ubicado en la comunidad de San Pedro Huaquilpan.<\/p>\n\n\n\n<p>Respecto al paradero de los presuntos responsables de estas denuncias de abuso sexual contra m\u00e1s de una decena de menores de edad, el funcionario se abstuvo de hacer un pronunciamiento al respecto, al alegar el sigilo por el que debe de conducirse el caso.<\/p>\n\n\n\n<figure class=\"wp-block-pullquote\"><blockquote><p>Por el sigilo de la investigaci\u00f3n debo omitir esa informaci\u00f3n\u201d, manifest\u00f3 ante el cuestionamiento de medios de comunicaci\u00f3n.<\/p><\/blockquote><\/figure>\n\n\n\n<p>La tarde del 7 de noviembre, familiares de las v\u00edctimas hicieron p\u00fablicas las acusaciones de probable abuso sexual contra menores de edad en el plantel educativo, y al siguiente d\u00eda se llev\u00f3 a cabo una manifestaci\u00f3n de tutores de tres infantes y pobladores en la M\u00e9xico-Pachuca para exigir justicia.<\/p>\n\n\n\n<p>A medida que aumentaron las protestas, se sumaron m\u00e1s casos de infantes que presuntamente fueron v\u00edctimas de abusos sexuales, que hasta el momento supera una decena, y que tiene como presuntos responsables a la directora del k\u00ednder, as\u00ed como de su esposo, seg\u00fan v\u00edctimas indirectas.<\/p>\n\n\n\n<p>Al momento, la escuela se mantiene bajo resguardo de las autoridades.<\/p>\n","protected":false},"excerpt":{"rendered":"<p>El subprocurador de Delitos de G\u00e9nero, Desaparici\u00f3n de Personas e Impacto Social, Francisco \u00c1ngel Fern\u00e1ndez Hasbun, consider\u00f3 que entre las capetas de investigaci\u00f3n que se abrieron por el presunto abuso&hellip; <\/p>\n","protected":false},"author":4,"featured_media":10384,"comment_status":"closed","ping_status":"closed","sticky":false,"template":"","format":"standard","meta":{"two_page_speed":[],"_joinchat":[],"footnotes":""},"categories":[1],"tags":[],"class_list":["post-10383","post","type-post","status-publish","format-standard","has-post-thumbnail","hentry","category-politica"],"_links":{"self":[{"href":"https:\/\/revistaacropolis.com\/index.php\/wp-json\/wp\/v2\/posts\/10383","targetHints":{"allow":["GET"]}}],"collection":[{"href":"https:\/\/revistaacropolis.com\/index.php\/wp-json\/wp\/v2\/posts"}],"about":[{"href":"https:\/\/revistaacropolis.com\/index.php\/wp-json\/wp\/v2\/types\/post"}],"author":[{"embeddable":true,"href":"https:\/\/revistaacropolis.com\/index.php\/wp-json\/wp\/v2\/users\/4"}],"replies":[{"embeddable":true,"href":"https:\/\/revistaacropolis.com\/index.php\/wp-json\/wp\/v2\/comments?post=10383"}],"version-history":[{"count":1,"href":"https:\/\/revistaacropolis.com\/index.php\/wp-json\/wp\/v2\/posts\/10383\/revisions"}],"predecessor-version":[{"id":10385,"href":"https:\/\/revistaacropolis.com\/index.php\/wp-json\/wp\/v2\/posts\/10383\/revisions\/10385"}],"wp:featuredmedia":[{"embeddable":true,"href":"https:\/\/revistaacropolis.com\/index.php\/wp-json\/wp\/v2\/media\/10384"}],"wp:attachment":[{"href":"https:\/\/revistaacropolis.com\/index.php\/wp-json\/wp\/v2\/media?parent=10383"}],"wp:term":[{"taxonomy":"category","embeddable":true,"href":"https:\/\/revistaacropolis.com\/index.php\/wp-json\/wp\/v2\/categories?post=10383"},{"taxonomy":"post_tag","embeddable":true,"href":"https:\/\/revistaacropolis.com\/index.php\/wp-json\/wp\/v2\/tags?post=10383"}],"curies":[{"name":"wp","href":"https:\/\/api.w.org\/{rel}","templated":true}]}}