{"id":10386,"date":"2023-11-21T01:12:26","date_gmt":"2023-11-21T01:12:26","guid":{"rendered":"https:\/\/revistaacropolis.com\/?p=10386"},"modified":"2023-11-21T01:12:38","modified_gmt":"2023-11-21T01:12:38","slug":"decreto-presidencial-para-trenes-de-pasajeros-considera-el-interurbano-aifa-pachuca","status":"publish","type":"post","link":"https:\/\/revistaacropolis.com\/index.php\/decreto-presidencial-para-trenes-de-pasajeros-considera-el-interurbano-aifa-pachuca\/politica\/","title":{"rendered":"Decreto presidencial para trenes de pasajeros considera el Interurbano\u00a0AIFA-Pachuca"},"content":{"rendered":"\n<p><strong>El gobierno federal public\u00f3 un decreto que en el que se declara \u00e1rea prioritaria para el desarrollo nacional la prestaci\u00f3n del servicio p\u00fablico de\u00a0transporte ferroviario de pasajeros en el Sistema Ferroviario Mexicano, mismo que contempla el Tren\u00a0Interurbano\u00a0AIFA-Pachuca.<\/strong><\/p>\n\n\n\n<p>De acuerdo con el Diario Oficial de la Federaci\u00f3n (DOF), la ruta para conecta el Aeropuerto Internacional (AIFA) con la capital de Hidalgo es uno de los siete proyecto de tren de pasajeros que se contemplan.<\/p>\n\n\n\n<p>Los otros corresponden al Tren&nbsp;M\u00e9xico-Veracruz-Coatzacoalcos, Tren&nbsp;M\u00e9xico-Quer\u00e9taro-Le\u00f3n-Aguascalientes, Tren&nbsp;Manzanillo-Colima-Guadalajara-Irapuato, M\u00e9xico-San&nbsp;Luis&nbsp;Potos\u00ed-Monterrey-Nuevo&nbsp;Laredo, as\u00ed como el Aguascalientes-Chihuahua-Ciudad&nbsp;Ju\u00e1rez.<\/p>\n\n\n\n<p>El decreto se\u00f1ala que en las v\u00edas generales de comunicaci\u00f3n ferroviaria concesionadas se dar\u00e1 preferencia \u00aben t\u00e9rminos de la dispuesto en la concesi\u00f3n respectiva\u201d.<\/p>\n\n\n\n<p>Asimismo, indica, los concesionarios del servicio p\u00fablico de transporte ferroviario de carga ser\u00e1n los primeros en ser invitados para presentar proyectos sobre la implementaci\u00f3n de servicio de pasajeros, dentro de las v\u00edas generales que les fueron concesionadas desde el periodo del expresidente Ernesto Zedillo Ponce de Le\u00f3n en 1995.<\/p>\n\n\n\n<figure class=\"wp-block-pullquote\"><blockquote><p>Los\u00a0interesados\u00a0deber\u00e1n\u00a0presentar\u00a0sus\u00a0propuestas\u00a0ante\u00a0la\u00a0Secretar\u00eda\u00a0de\u00a0Infraestructura,\u00a0Comunicaciones\u00a0y\u00a0Transportes\u00a0a\u00a0m\u00e1s\u00a0tardar\u00a0el\u00a015\u00a0de\u00a0enero\u00a0de\u00a02024\u201d, agrega el decreto.<\/p><\/blockquote><\/figure>\n\n\n\n<p>En caso de que los concesionarios no presenten propuesta viables en inversi\u00f3n, tiempo de construcci\u00f3n, modernizaci\u00f3n de v\u00edas para otorgar el servicio de pasajeros o no manifiesten su inter\u00e9s y aceptaci\u00f3n en el plazo establecido, la Secretar\u00eda de Infraestructura, Comunicaciones y Transportes (SICT) podr\u00e1 otorgar t\u00edtulos de asignaci\u00f3n a la Secretar\u00eda de la Defensa Nacional (Sedena) o a la Secretar\u00eda de Marina (Semar), \u201cque ya operan el Tren Maya y el Tren del Istmo de Tehuantepec\u201d.<\/p>\n\n\n\n<p><strong>Otra opci\u00f3n es que se se d\u00e9 a particulares que presenten propuestas y est\u00e9n interesados en prestar el servicio de transporte ferroviario de pasajeros.<\/strong><\/p>\n","protected":false},"excerpt":{"rendered":"<p>El gobierno federal public\u00f3 un decreto que en el que se declara \u00e1rea prioritaria para el desarrollo nacional la prestaci\u00f3n del servicio p\u00fablico de\u00a0transporte ferroviario de pasajeros en el Sistema&hellip; <\/p>\n","protected":false},"author":4,"featured_media":10387,"comment_status":"closed","ping_status":"closed","sticky":false,"template":"","format":"standard","meta":{"two_page_speed":[],"_joinchat":[],"footnotes":""},"categories":[1],"tags":[],"class_list":["post-10386","post","type-post","status-publish","format-standard","has-post-thumbnail","hentry","category-politica"],"_links":{"self":[{"href":"https:\/\/revistaacropolis.com\/index.php\/wp-json\/wp\/v2\/posts\/10386","targetHints":{"allow":["GET"]}}],"collection":[{"href":"https:\/\/revistaacropolis.com\/index.php\/wp-json\/wp\/v2\/posts"}],"about":[{"href":"https:\/\/revistaacropolis.com\/index.php\/wp-json\/wp\/v2\/types\/post"}],"author":[{"embeddable":true,"href":"https:\/\/revistaacropolis.com\/index.php\/wp-json\/wp\/v2\/users\/4"}],"replies":[{"embeddable":true,"href":"https:\/\/revistaacropolis.com\/index.php\/wp-json\/wp\/v2\/comments?post=10386"}],"version-history":[{"count":1,"href":"https:\/\/revistaacropolis.com\/index.php\/wp-json\/wp\/v2\/posts\/10386\/revisions"}],"predecessor-version":[{"id":10388,"href":"https:\/\/revistaacropolis.com\/index.php\/wp-json\/wp\/v2\/posts\/10386\/revisions\/10388"}],"wp:featuredmedia":[{"embeddable":true,"href":"https:\/\/revistaacropolis.com\/index.php\/wp-json\/wp\/v2\/media\/10387"}],"wp:attachment":[{"href":"https:\/\/revistaacropolis.com\/index.php\/wp-json\/wp\/v2\/media?parent=10386"}],"wp:term":[{"taxonomy":"category","embeddable":true,"href":"https:\/\/revistaacropolis.com\/index.php\/wp-json\/wp\/v2\/categories?post=10386"},{"taxonomy":"post_tag","embeddable":true,"href":"https:\/\/revistaacropolis.com\/index.php\/wp-json\/wp\/v2\/tags?post=10386"}],"curies":[{"name":"wp","href":"https:\/\/api.w.org\/{rel}","templated":true}]}}