{"id":10512,"date":"2023-11-24T15:47:45","date_gmt":"2023-11-24T15:47:45","guid":{"rendered":"https:\/\/revistaacropolis.com\/?p=10512"},"modified":"2023-11-24T15:47:57","modified_gmt":"2023-11-24T15:47:57","slug":"traslada-ssph-a-46-preso-a-ceferesos-de-cuatro-estados","status":"publish","type":"post","link":"https:\/\/revistaacropolis.com\/index.php\/traslada-ssph-a-46-preso-a-ceferesos-de-cuatro-estados\/politica\/","title":{"rendered":"Traslada SSPH a 46 preso a Ceferesos de cuatro estados"},"content":{"rendered":"\n<p><strong>La Secretar\u00eda de Seguridad P\u00fablica de Hidalgo (SSPH) llev\u00f3 a cabo el traslado de 46 personas privadas de la libertad de penal de la entidad a diferentes Centros Federales de Readaptaci\u00f3n Social (Cefereso) ubicados en los estados de Nayarit, Coahuila, Oaxaca y Chiapas.<\/strong><br>\u00a0<br>La madrugada de este jueves los varones internos, que estaban recluidos en los Centros de Readaptaci\u00f3n Social (Ceresos) estatales de los municipios de Actopan, Apan, Mixquiahuala , Pachuca, Jaltoc\u00e1n y Tula fueron llevados en dos autobuses desde Pachuca hacia el Aeropuerto Internacional Felipe \u00c1ngeles (AIFA).<br>\u00a0<br>Desde esa terminal \u00e1rea, las 46 personas privadas de su libertad abordaron un avi\u00f3n de la Fuerza A\u00e9rea Mexicana para reubicarlos en las distintas penitenciar\u00edas del norte y sur del pa\u00eds.<br>\u00a0<br><strong>Este operativo cont\u00f3 con un Estado de Fuerza en el que participaron elementos de la polic\u00eda estatal, \u00a0coordinados con la Polic\u00eda Penitenciaria, la Guardia Nacional (GN), la Secretar\u00eda de Seguridad y Protecci\u00f3n Ciudadana federal (SSPC)<\/strong>, el \u00d3rgano Administrativo Desconcentrado de Prevenci\u00f3n y Readaptaci\u00f3n Social, as\u00ed como la Subsecretar\u00eda de Reinserci\u00f3n Social de la entidad.<br>\u00a0<br>Seg\u00fan la SSPH, el traslado de los internos se hizo \u201ccon el prop\u00f3sito de garantizar la gobernabilidad y un clima de paz\u201d dentro de los Ceresos de la entidad, a trav\u00e9s \u201cde ordenamiento al interior del sistema penitenciario hidalguense\u201d.<\/p>\n","protected":false},"excerpt":{"rendered":"<p>La Secretar\u00eda de Seguridad P\u00fablica de Hidalgo (SSPH) llev\u00f3 a cabo el traslado de 46 personas privadas de la libertad de penal de la entidad a diferentes Centros Federales de&hellip; <\/p>\n","protected":false},"author":4,"featured_media":10513,"comment_status":"closed","ping_status":"closed","sticky":false,"template":"","format":"standard","meta":{"two_page_speed":[],"_joinchat":[],"footnotes":""},"categories":[1,1078],"tags":[],"class_list":["post-10512","post","type-post","status-publish","format-standard","has-post-thumbnail","hentry","category-politica","category-seguridadyjusticia"],"_links":{"self":[{"href":"https:\/\/revistaacropolis.com\/index.php\/wp-json\/wp\/v2\/posts\/10512","targetHints":{"allow":["GET"]}}],"collection":[{"href":"https:\/\/revistaacropolis.com\/index.php\/wp-json\/wp\/v2\/posts"}],"about":[{"href":"https:\/\/revistaacropolis.com\/index.php\/wp-json\/wp\/v2\/types\/post"}],"author":[{"embeddable":true,"href":"https:\/\/revistaacropolis.com\/index.php\/wp-json\/wp\/v2\/users\/4"}],"replies":[{"embeddable":true,"href":"https:\/\/revistaacropolis.com\/index.php\/wp-json\/wp\/v2\/comments?post=10512"}],"version-history":[{"count":1,"href":"https:\/\/revistaacropolis.com\/index.php\/wp-json\/wp\/v2\/posts\/10512\/revisions"}],"predecessor-version":[{"id":10514,"href":"https:\/\/revistaacropolis.com\/index.php\/wp-json\/wp\/v2\/posts\/10512\/revisions\/10514"}],"wp:featuredmedia":[{"embeddable":true,"href":"https:\/\/revistaacropolis.com\/index.php\/wp-json\/wp\/v2\/media\/10513"}],"wp:attachment":[{"href":"https:\/\/revistaacropolis.com\/index.php\/wp-json\/wp\/v2\/media?parent=10512"}],"wp:term":[{"taxonomy":"category","embeddable":true,"href":"https:\/\/revistaacropolis.com\/index.php\/wp-json\/wp\/v2\/categories?post=10512"},{"taxonomy":"post_tag","embeddable":true,"href":"https:\/\/revistaacropolis.com\/index.php\/wp-json\/wp\/v2\/tags?post=10512"}],"curies":[{"name":"wp","href":"https:\/\/api.w.org\/{rel}","templated":true}]}}