{"id":10834,"date":"2023-12-07T00:06:55","date_gmt":"2023-12-07T00:06:55","guid":{"rendered":"https:\/\/revistaacropolis.com\/?p=10834"},"modified":"2023-12-07T19:32:23","modified_gmt":"2023-12-07T19:32:23","slug":"explora-pri-hidalgo-alianza-con-prd-y-accion-nacional","status":"publish","type":"post","link":"https:\/\/revistaacropolis.com\/index.php\/explora-pri-hidalgo-alianza-con-prd-y-accion-nacional\/politica\/","title":{"rendered":"Explora PRI Hidalgo alianza con PRD y Acci\u00f3n Nacional"},"content":{"rendered":"\n<p>El Partido Revolucionario Institucional (PRI) Hidalgo analiza su participaci\u00f3n en <strong>alianza o candidatura com\u00fan<\/strong> con Acci\u00f3n Nacional (PAN) y el instituto de la Revoluci\u00f3n Democr\u00e1tica (PRD) para los comicios de diputados locales y ayuntamientos de 2024.<\/p>\n\n\n\n<p>Esto lo inform\u00f3 el dirigente Marco Antonio Mendoza Bustamante, quien mencion\u00f3 que se revisan distritos y municipios, luego de que se distribuyera el siglado de la coalici\u00f3n <strong>Fuerza y Coraz\u00f3n por M\u00e9xico<\/strong> a nivel federal.<\/p>\n\n\n\n<p>En esta <strong>el PRI postular\u00e1 la primera f\u00f3rmula al Senado y el PRD la segunda<\/strong>; el PAN abandera la candidatura a la diputaci\u00f3n federal por Tula, al sol azteca le corresponden las posiciones de Actopan e Ixmiquilpan, mientras el tricolor pondr\u00e1 al perfil en Huejutla, Pachuca y Tepeapulco.<\/p>\n\n\n\n<p>Adem\u00e1s, la candidata a la presidencia de la rep\u00fablica es X\u00f3chitl G\u00e1lvez Ruiz, senadora y excandidata a la gubernatura de Hidalgo.<\/p>\n\n\n\n<p>El Consejo Pol\u00edtico, dijo, le autoriz\u00f3 el acercamiento con los otros partidos. Se analizan las fortalezas y debilidades en las cabeceras de cada demarcaci\u00f3n electoral<\/p>\n\n\n\n<blockquote class=\"wp-block-quote is-layout-flow wp-block-quote-is-layout-flow\">\n<p>Creo que es p\u00fablico y notorio que el PRI tiene aspirantes, no hemos encontrado un solo municipio donde no haya compa\u00f1eras y compa\u00f1eros que levanten la mano. El proceso que hemos emprendido de renovaci\u00f3n de nuestros comit\u00e9s seccionales, estamos llegando al 70 por ciento\u00bb, inform\u00f3.<\/p>\n<\/blockquote>\n\n\n\n<p>Asegur\u00f3 que <strong>6 mil ciudadanos se han sumado al padr\u00f3n<\/strong> del Revolucionario Institucional. El gran reto es realizar procesos abiertos para la selecci\u00f3n de candidatos, para que los mejor posicionados representen al partido, indic\u00f3.<\/p>\n\n\n\n<h3 class=\"wp-block-heading\">ACUSACIONES CONTRA EXDIRIGENTE<\/h3>\n\n\n\n<p>En junio de este a\u00f1o, Mendoza dio a conocer acciones legales iniciadas contra la anterior dirigencia, encabezada por el diputado <strong>Julio Manuel Valera Piedras, por un presunto desfalco de 25 millones de pesos.<\/strong><\/p>\n\n\n\n<p>Al respecto, el presidente manifest\u00f3 que se encuentran en un proceso de env\u00edo de \u201c<strong>oficios de errores y omisiones<\/strong>\u201d con el Instituto Estatal Electoral de Hidalgo (IEEH) y en la recepci\u00f3n de observaciones.<\/p>\n\n\n\n<figure class=\"wp-block-embed is-type-wp-embed is-provider-acropolis wp-block-embed-acropolis\"><div class=\"wp-block-embed__wrapper\">\n<blockquote class=\"wp-embedded-content\" data-secret=\"5ZnTvFY1VJ\"><a href=\"https:\/\/revistaacropolis.com\/index.php\/ruin-y-vil-acusacion-de-nuevo-pri-por-desfalco-valera-es-para-hacer-dano-moral-dice\/politica\/\">\u201cRuin y vil\u201d, acusaci\u00f3n de \u201cnuevo\u201d PRI por desfalco: Valera; es para hacer \u201cda\u00f1o moral\u201d, dice<\/a><\/blockquote><iframe class=\"wp-embedded-content\" sandbox=\"allow-scripts\" security=\"restricted\" style=\"position: absolute; clip: rect(1px, 1px, 1px, 1px);\" title=\"\u00ab\u201cRuin y vil\u201d, acusaci\u00f3n de \u201cnuevo\u201d PRI por desfalco: Valera; es para hacer \u201cda\u00f1o moral\u201d, dice\u00bb \u2014 ACR\u00d3POLIS\" src=\"https:\/\/revistaacropolis.com\/index.php\/ruin-y-vil-acusacion-de-nuevo-pri-por-desfalco-valera-es-para-hacer-dano-moral-dice\/politica\/embed\/#?secret=IfB6Bj1a1T#?secret=5ZnTvFY1VJ\" data-secret=\"5ZnTvFY1VJ\" width=\"600\" height=\"338\" frameborder=\"0\" marginwidth=\"0\" marginheight=\"0\" scrolling=\"no\"><\/iframe>\n<\/div><\/figure>\n","protected":false},"excerpt":{"rendered":"<p>El Partido Revolucionario Institucional (PRI) Hidalgo analiza su participaci\u00f3n en alianza o candidatura com\u00fan con Acci\u00f3n Nacional (PAN) y el instituto de la Revoluci\u00f3n Democr\u00e1tica (PRD) para los comicios de&hellip; <\/p>\n","protected":false},"author":4,"featured_media":10835,"comment_status":"closed","ping_status":"closed","sticky":false,"template":"","format":"standard","meta":{"two_page_speed":[],"_joinchat":[],"footnotes":""},"categories":[1],"tags":[2297,2296,155,1942],"class_list":["post-10834","post","type-post","status-publish","format-standard","has-post-thumbnail","hentry","category-politica","tag-coalicion","tag-marco-antonio-mendoza","tag-prd","tag-pri-hidalgo"],"_links":{"self":[{"href":"https:\/\/revistaacropolis.com\/index.php\/wp-json\/wp\/v2\/posts\/10834","targetHints":{"allow":["GET"]}}],"collection":[{"href":"https:\/\/revistaacropolis.com\/index.php\/wp-json\/wp\/v2\/posts"}],"about":[{"href":"https:\/\/revistaacropolis.com\/index.php\/wp-json\/wp\/v2\/types\/post"}],"author":[{"embeddable":true,"href":"https:\/\/revistaacropolis.com\/index.php\/wp-json\/wp\/v2\/users\/4"}],"replies":[{"embeddable":true,"href":"https:\/\/revistaacropolis.com\/index.php\/wp-json\/wp\/v2\/comments?post=10834"}],"version-history":[{"count":2,"href":"https:\/\/revistaacropolis.com\/index.php\/wp-json\/wp\/v2\/posts\/10834\/revisions"}],"predecessor-version":[{"id":10855,"href":"https:\/\/revistaacropolis.com\/index.php\/wp-json\/wp\/v2\/posts\/10834\/revisions\/10855"}],"wp:featuredmedia":[{"embeddable":true,"href":"https:\/\/revistaacropolis.com\/index.php\/wp-json\/wp\/v2\/media\/10835"}],"wp:attachment":[{"href":"https:\/\/revistaacropolis.com\/index.php\/wp-json\/wp\/v2\/media?parent=10834"}],"wp:term":[{"taxonomy":"category","embeddable":true,"href":"https:\/\/revistaacropolis.com\/index.php\/wp-json\/wp\/v2\/categories?post=10834"},{"taxonomy":"post_tag","embeddable":true,"href":"https:\/\/revistaacropolis.com\/index.php\/wp-json\/wp\/v2\/tags?post=10834"}],"curies":[{"name":"wp","href":"https:\/\/api.w.org\/{rel}","templated":true}]}}