{"id":10893,"date":"2023-12-08T01:30:29","date_gmt":"2023-12-08T01:30:29","guid":{"rendered":"https:\/\/revistaacropolis.com\/?p=10893"},"modified":"2023-12-08T04:11:03","modified_gmt":"2023-12-08T04:11:03","slug":"autoriza-pachuca-reabrir-la-fayuca-tras-amague-de-locatarios","status":"publish","type":"post","link":"https:\/\/revistaacropolis.com\/index.php\/autoriza-pachuca-reabrir-la-fayuca-tras-amague-de-locatarios\/politica\/","title":{"rendered":"Autoriza Pachuca reabrir La Fayuca tras amague de locatarios"},"content":{"rendered":"\n<p><strong>Luego del amago de comerciantes del mercado Miguel Hidalgo de tomar las calles, la directora de Comercio y Abasto de Pachuca, Alma Leticia Tovar P\u00e9rez, autoriz\u00f3 que los locatarios de la denominada Fayuca, donde la noche del lunes se incendiaron tres locales y uno m\u00e1s result\u00f3 afectado, reabran.<\/strong><\/p>\n\n\n\n<p>La funcionaria arrib\u00f3, con una hora del retraso, alrededor de las 14:30 horas al inmueble, junto con Baldomero Gonzalo Badillo Alfaro, directo de Alumbrado P\u00fablico, quien indic\u00f3 que, aunque el perito sigue trabajando en el reporte, se determin\u00f3 que el origen del siniestro fue un corto circuito, por sobrecarga, que dej\u00f3 cuatro locales afectados.<\/p>\n\n\n\n<p><strong>Entre las anomal\u00eda detectada en la inspecci\u00f3n se encuentran los cables sin entubar, la falta de red de tierras f\u00edsicas, adem\u00e1s de la existencia de casetas de medidores e interruptores sin f\u00e1cil acceso.<\/strong><\/p>\n\n\n\n<p>De las medidas de seguridad, indic\u00f3 que falta equipo contra incendios y que los locales no cuentan con material adecuado en las instalaciones el\u00e9ctricas.<\/p>\n\n\n\n<figure class=\"wp-block-pullquote\"><blockquote><p>Se debe tener un proyecto el\u00e9ctrico actualizado y se debe tener una bit\u00e1cora de mantenimiento\u201d, indic\u00f3 el funcionario frente a locatarios que los aguardaban en las escalinatas.<\/p><\/blockquote><\/figure>\n\n\n\n<p><strong>Como parte de las recomendaciones, indic\u00f3 que de manera inmediata se debe cambiar el cableado y la tuber\u00eda de 30 locales afectados para que puedan contar con energ\u00eda<\/strong>, as\u00ed como contar con personal de mantenimiento.<\/p>\n\n\n\n<p><strong>El funcionario dijo que los comerciantes tendr\u00e1n un plazo de seis meses para corregir las anomal\u00edas detectadas tras la revisi\u00f3n de los especialistas.<\/strong><\/p>\n\n\n\n<p>En tanto, entre los reclamos de los locatarios, quienes exigieron que tambi\u00e9n otros mercados sean revisados, Tovar P\u00e9rez afirm\u00f3 que su \u00e1rea ha hecho supervisores previas en las que detectaron que las instalaciones el\u00e9ctricas y el cableado \u201cest\u00e1 mal\u201d.<\/p>\n\n\n\n<p><strong>Sin embargo, autoriz\u00f3 la operaci\u00f3n del inmueble ubicado en el centro de Pachuca<\/strong>, pese a que antier el alcalde Sergio Ba\u00f1os Rubio dijo que no se reabrir\u00e1 hasta que no se reparara la instalaci\u00f3n el\u00e9ctrica y se retiraran las rejillas que cuelgan de los pasillos, pues el d\u00eda del incendio las estructuras complicaron la intervenci\u00f3n de Bomberos.<\/p>\n\n\n\n<h3 class=\"wp-block-heading\">DAN LUZ VERDE A OPERACI\u00d3N DE MERCADO<\/h3>\n\n\n\n<p>Tras efectuar una revisar la Fayuca, que cuenta con 500 locales, Badillo Alfaro sostuvo que \u201cen este momento en cuesti\u00f3n el\u00e9ctrica es seguro el mercado\u201d.<\/p>\n\n\n\n<p><strong>Indic\u00f3 que de las cinco casetas solo una fue da\u00f1ada<\/strong>, la cual cubre 180 puestos, con 30 de estos afectados por ser parte \u201cdel mismo ducto\u201d: no cuentan con energ\u00eda el\u00e9ctrica.<\/p>\n\n\n\n<h3 class=\"wp-block-heading\">Todo el mundo debe tener sus focos debidamente con su socket y todo, no nada m\u00e1s colgando, para que ellos se generen su propia seguridad\u201d, expuso.<\/h3>\n\n\n\n<p>Sobre le retiro de las rejillas, la directora de Comercio y Abasto indic\u00f3 que algunas ya fueron desmontadas, por lo que estim\u00f3 que tendr\u00e1n como plazo lo que resta de 2023 para cumplir con la medida.<\/p>\n\n\n\n<p>Afirm\u00f3 que dialogar\u00e1 con los locatarios para que se puedan poner \u201cquitap\u00f3n\u201d este tipo de andamios y que solo se retiren los que est\u00e1n soldados.<\/p>\n\n\n\n<p><strong>Sobre el 48 por ciento de los locatarios que no pagan su el impuesto municipal por operar en el mercado<\/strong>, la directora neg\u00f3 que se trate de un asunto \u201ctolerando\u201d por parte de su dependencia, pues dijo que antes de proceder se tienen que iniciar procesos de inspecci\u00f3n \u201cpara salvaguardar derechos\u201d.<\/p>\n\n\n\n<p>Sobre los se\u00f1alamientos de comerciantes de La Fayuca que acusaron que los recibos por cuotas se les entregan firmados por la mitad de lo que pagan, la funcionaria asever\u00f3 que los cobros por derechos de uso de piso y plaza se hacen directamente en la Tesorer\u00eda municipal<\/p>\n\n\n\n<p>\u201cNo nosotros no manejando ning\u00fan tipo de tal\u00f3n si no es el oficial, no s\u00e9 a qu\u00e9 cuotas (se refiera)\u201d, asever\u00f3.<\/p>\n\n\n\n<h3 class=\"wp-block-heading\">DatoAcro<\/h3>\n\n\n\n<p>&#8211;<strong>Antes de que llegara, locatarios llamaron corrupta a la directora de Mercado y Abasto<\/strong>, a quien posteriormente victorearon cuando anunci\u00f3 la reapertura de La Fayuca.<\/p>\n","protected":false},"excerpt":{"rendered":"<p>Luego del amago de comerciantes del mercado Miguel Hidalgo de tomar las calles, la directora de Comercio y Abasto de Pachuca, Alma Leticia Tovar P\u00e9rez, autoriz\u00f3 que los locatarios de&hellip; <\/p>\n","protected":false},"author":4,"featured_media":10894,"comment_status":"closed","ping_status":"closed","sticky":false,"template":"","format":"standard","meta":{"two_page_speed":[],"_joinchat":[],"footnotes":""},"categories":[1],"tags":[],"class_list":["post-10893","post","type-post","status-publish","format-standard","has-post-thumbnail","hentry","category-politica"],"_links":{"self":[{"href":"https:\/\/revistaacropolis.com\/index.php\/wp-json\/wp\/v2\/posts\/10893","targetHints":{"allow":["GET"]}}],"collection":[{"href":"https:\/\/revistaacropolis.com\/index.php\/wp-json\/wp\/v2\/posts"}],"about":[{"href":"https:\/\/revistaacropolis.com\/index.php\/wp-json\/wp\/v2\/types\/post"}],"author":[{"embeddable":true,"href":"https:\/\/revistaacropolis.com\/index.php\/wp-json\/wp\/v2\/users\/4"}],"replies":[{"embeddable":true,"href":"https:\/\/revistaacropolis.com\/index.php\/wp-json\/wp\/v2\/comments?post=10893"}],"version-history":[{"count":2,"href":"https:\/\/revistaacropolis.com\/index.php\/wp-json\/wp\/v2\/posts\/10893\/revisions"}],"predecessor-version":[{"id":10913,"href":"https:\/\/revistaacropolis.com\/index.php\/wp-json\/wp\/v2\/posts\/10893\/revisions\/10913"}],"wp:featuredmedia":[{"embeddable":true,"href":"https:\/\/revistaacropolis.com\/index.php\/wp-json\/wp\/v2\/media\/10894"}],"wp:attachment":[{"href":"https:\/\/revistaacropolis.com\/index.php\/wp-json\/wp\/v2\/media?parent=10893"}],"wp:term":[{"taxonomy":"category","embeddable":true,"href":"https:\/\/revistaacropolis.com\/index.php\/wp-json\/wp\/v2\/categories?post=10893"},{"taxonomy":"post_tag","embeddable":true,"href":"https:\/\/revistaacropolis.com\/index.php\/wp-json\/wp\/v2\/tags?post=10893"}],"curies":[{"name":"wp","href":"https:\/\/api.w.org\/{rel}","templated":true}]}}