{"id":11000,"date":"2023-12-12T01:42:59","date_gmt":"2023-12-12T01:42:59","guid":{"rendered":"https:\/\/revistaacropolis.com\/?p=11000"},"modified":"2023-12-12T01:43:02","modified_gmt":"2023-12-12T01:43:02","slug":"licita-sipdus-proyecto-y-estudio-de-remodelacion-de-plaza-independencia","status":"publish","type":"post","link":"https:\/\/revistaacropolis.com\/index.php\/licita-sipdus-proyecto-y-estudio-de-remodelacion-de-plaza-independencia\/politica\/","title":{"rendered":"Licita Sipdus proyecto y estudio de remodelaci\u00f3n de plaza Independencia"},"content":{"rendered":"\n<p><strong>La Secretar\u00eda de Infraestructura P\u00fablica y Desarrollo Urbano Sostenible (Sipdus) lanz\u00f3 la convocatoria para licitar el estudio para el proyecto de remodelaci\u00f3n de la Plaza Independencia, sitio que alberga al Reloj Monumental de Pachuca.<\/strong><\/p>\n\n\n\n<p><strong>Este lunes, la dependencia del gobierno estatal emiti\u00f3 la convocatoria 44 del a\u00f1o<\/strong>, en la que se encuentra la licitaci\u00f3n p\u00fablica EO-SIPDUS-N486-2023 para el \u201cestudio y proyecto para la remodelaci\u00f3n de la Plaza Independencia, en el municipio de Pachuca\u201d.<\/p>\n\n\n\n<p>Con ello el gobierno estatal pretende tener un bosquejo de los trabajos para intervenir la plaza emblem\u00e1tica de la capital del estado.<\/p>\n\n\n\n<p><strong>Dentro de las bases del proyecto se contemplan cuatro puntos a tocar respecto de la explanada p\u00fablica: dise\u00f1o conceptual, dise\u00f1o preliminar, dise\u00f1o b\u00e1sico y dise\u00f1o para la edificaci\u00f3n.<\/strong> Estos a su vez se subdividen en diversas propuestas y acciones que se tendr\u00e1n que ejercer.<\/p>\n\n\n\n<p><strong>En cuando al dise\u00f1o conceptual, que corresponde a la memoria expositiva del concepto que se requiere<\/strong>, seg\u00fan la informaci\u00f3n recabada, comprende el levantamiento topogr\u00e1fico, arquitect\u00f3nico, de infraestructura, estudio de mec\u00e1nica de suelos y an\u00e1lisis de la estructura y el diagn\u00f3stico estructural.<\/p>\n\n\n\n<p><strong>Bajo el dise\u00f1o preliminar, que se explica como \u201cexposici\u00f3n de los aspectos fundamentales de las caracter\u00edsticas generales del encargo<\/strong>, funcionales, formales, constructivas, al objeto de proporcionar una primera imagen global del encargo\u201d, se solicita la memoria expositiva y el anteproyecto.<\/p>\n\n\n\n<p>Mientras que el dise\u00f1o b\u00e1sico es para la revisi\u00f3n del \u201cestricto cumplimiento de los reglamentos y normas t\u00e9cnicas complementarias\u201d, en los \u00f3rdenes estatales y municipales, aunque, manifiesta que es insuficientes para llevar a cabo la construcci\u00f3n sobre el estricto cumplimiento de las normas t\u00e9cnicas. Se complementa con la memoria descriptiva y el proyecto b\u00e1sico.<\/p>\n\n\n\n<p><strong>Sobre el dise\u00f1o para la edificaci\u00f3n, la Sipdus expone el apartado como la determinaci\u00f3n completa de detalles y especificaciones de todos los materiales, sistemas constructivos y equipos fijos<\/strong>. Estos trabajos deben realizarse en su totalidad antes del comienzo la intervenci\u00f3n de la plaza, que contempla la memoria descriptiva de intervenci\u00f3n, dise\u00f1o estructural, dise\u00f1o el\u00e9ctrico y de iluminaci\u00f3n, dise\u00f1o hidrosanitario y dise\u00f1o de Instalaciones especiales, dise\u00f1o arquitect\u00f3nico y paisaj\u00edstico fundamentados en criterios sustentables y dise\u00f1o de equipamiento urbano para una superficie aproximada de 8 mil 228.87 metros cuadrados.<\/p>\n\n\n\n<p><strong>La licitaci\u00f3n se\u00f1ala que la apertura de proposiciones se llevar\u00e1 a cabo el 22 de diciembre<\/strong>, d\u00eda en que de igual forma se confirmar\u00e1 el d\u00eda del fallo.<\/p>\n\n\n\n<p>El remozamiento de la plaza se antecede de la intervenci\u00f3n efectuada en 2015, cuando la administraci\u00f3n de entonces alcalde Eleazar Garc\u00eda S\u00e1nchez remodel\u00f3 ese espacio, proyecto que cost\u00f3 110 millones de pesos destinados al reforzamiento estructural del estacionamiento y la plancha del Reloj, junto a la creaci\u00f3n del Centro Cultural y la rehabilitaci\u00f3n de la explanada de la plaza Independencia.<\/p>\n\n\n\n<p><strong>Los trabajos tambi\u00e9n consistieron en la eliminaci\u00f3n de los escalones del z\u00f3calo, colocaci\u00f3n de piso de granito<\/strong>, retirada de las jardineras con arbolado y bancas de cantera, lo cual actualmente presenta deterioros y fallas estructurales a ocho a\u00f1os de la intervenci\u00f3n.<\/p>\n\n\n\n<p>En 24 noviembre pasado, el gobernador Julio Menchaca Salazar indic\u00f3 que la inversi\u00f3n que se requiere para intervenir el Reloj Monumental de Pachuca, as\u00ed como de la plaza Independencia, asciende a 200 millones de pesos. El proyecto, dijo, le fue presentado al presidente Andr\u00e9s Manuel L\u00f3pez Obrador, quien se comprometi\u00f3 a destinar recurso para la rehabilitaci\u00f3n.<\/p>\n\n\n\n<h3 class=\"wp-block-heading\">DatoAcro<\/h3>\n\n\n\n<p>&#8211;<strong>En su administraci\u00f3n (2016-2020), la panista Yolanda Teller\u00eda Beltr\u00e1n lanz\u00f3 una licitaci\u00f3n para la intervenir de nueva cuenta la plaza Independencia y remplazar las piezas deterioradas <\/strong>en el suelo y sustituirlas por el mismo tipo de producto; sin embargo, cancel\u00f3 el procedimiento ante el costo \u201cexcesivo\u201d que pretend\u00edan cobrar los concursantes.<\/p>\n","protected":false},"excerpt":{"rendered":"<p>La Secretar\u00eda de Infraestructura P\u00fablica y Desarrollo Urbano Sostenible (Sipdus) lanz\u00f3 la convocatoria para licitar el estudio para el proyecto de remodelaci\u00f3n de la Plaza Independencia, sitio que alberga al&hellip; <\/p>\n","protected":false},"author":4,"featured_media":11001,"comment_status":"closed","ping_status":"closed","sticky":false,"template":"","format":"standard","meta":{"two_page_speed":[],"_joinchat":[],"footnotes":""},"categories":[1],"tags":[],"class_list":["post-11000","post","type-post","status-publish","format-standard","has-post-thumbnail","hentry","category-politica"],"_links":{"self":[{"href":"https:\/\/revistaacropolis.com\/index.php\/wp-json\/wp\/v2\/posts\/11000","targetHints":{"allow":["GET"]}}],"collection":[{"href":"https:\/\/revistaacropolis.com\/index.php\/wp-json\/wp\/v2\/posts"}],"about":[{"href":"https:\/\/revistaacropolis.com\/index.php\/wp-json\/wp\/v2\/types\/post"}],"author":[{"embeddable":true,"href":"https:\/\/revistaacropolis.com\/index.php\/wp-json\/wp\/v2\/users\/4"}],"replies":[{"embeddable":true,"href":"https:\/\/revistaacropolis.com\/index.php\/wp-json\/wp\/v2\/comments?post=11000"}],"version-history":[{"count":1,"href":"https:\/\/revistaacropolis.com\/index.php\/wp-json\/wp\/v2\/posts\/11000\/revisions"}],"predecessor-version":[{"id":11002,"href":"https:\/\/revistaacropolis.com\/index.php\/wp-json\/wp\/v2\/posts\/11000\/revisions\/11002"}],"wp:featuredmedia":[{"embeddable":true,"href":"https:\/\/revistaacropolis.com\/index.php\/wp-json\/wp\/v2\/media\/11001"}],"wp:attachment":[{"href":"https:\/\/revistaacropolis.com\/index.php\/wp-json\/wp\/v2\/media?parent=11000"}],"wp:term":[{"taxonomy":"category","embeddable":true,"href":"https:\/\/revistaacropolis.com\/index.php\/wp-json\/wp\/v2\/categories?post=11000"},{"taxonomy":"post_tag","embeddable":true,"href":"https:\/\/revistaacropolis.com\/index.php\/wp-json\/wp\/v2\/tags?post=11000"}],"curies":[{"name":"wp","href":"https:\/\/api.w.org\/{rel}","templated":true}]}}