{"id":11023,"date":"2023-12-12T23:13:21","date_gmt":"2023-12-12T23:13:21","guid":{"rendered":"https:\/\/revistaacropolis.com\/?p=11023"},"modified":"2023-12-12T23:13:23","modified_gmt":"2023-12-12T23:13:23","slug":"retiro-de-andamios-de-la-fayuca-con-el-ejercito-si-es-necesario-banos","status":"publish","type":"post","link":"https:\/\/revistaacropolis.com\/index.php\/retiro-de-andamios-de-la-fayuca-con-el-ejercito-si-es-necesario-banos\/politica\/","title":{"rendered":"Retiro de andamios de La Fayuca, con el Ej\u00e9rcito si es necesario: Ba\u00f1os"},"content":{"rendered":"\n<p><strong>Tras afirmar que lo que resta de diciembre es el plazo para quitar las rejillas de los locales del mercado Miguel Hidalgo, el alcalde Sergio Ba\u00f1os Rubio advirti\u00f3 que en caso de omisi\u00f3n pedir\u00e1 el apoyo de la Guardia Nacional o la Secretar\u00eda de la Defensa Nacional (Sedena) para atender esta obligaci\u00f3n.<\/strong><\/p>\n\n\n\n<p>Ba\u00f1os Rubio reiter\u00f3 su llamado a quitar las estructuras que tras el incendio de tres locales en la denominada La Fayuca, la noche del 5 de diciembre, dificultaron las labores de bomberos para ingresar y mitigar el siniestro.<\/p>\n\n\n\n<figure class=\"wp-block-pullquote\"><blockquote><p>He sido muy estricto y lo reitero, tienen que quitar las estructuras exteriores de absolutamente todo del Miguel Hidalgo. \u00bfPor qu\u00e9?, porque mis bomberos tuvieron problemas para ingresar con las mangueras por las rejillas\u201d, reproch\u00f3 el mandatario local.<\/p><\/blockquote><\/figure>\n\n\n\n<p><strong>Se\u00f1al\u00f3 que se ha tolerado durante muchas administraciones este tipo de conductas, por lo que asever\u00f3 que se pondr\u00e1 \u201corden\u201d para solventar los lineamientos<\/strong>, principalmente en las l\u00edneas el\u00e9ctricas, donde se origin\u00f3 el problema.<\/p>\n\n\n\n<p>En caso contrario, dijo, pedir\u00eda la intervenci\u00f3n de la fuerza p\u00fablica para hacer vales las medidas que deben cumplir los locatarios del Miguel Hidalgo.<\/p>\n\n\n\n<p>\u201cSe tienen que retirar completamente e iremos, tambi\u00e9n le pedir\u00e9 al secretario de Seguridad P\u00fablica, con el mando coordinado para que se cumpla. Si tiene que ir el Ej\u00e9rcito o la Guardia Nacional, polic\u00eda estatal y municipal al retiro absolutamente de todas estas estructuras, se har\u00e1\u201d, advirti\u00f3 Ba\u00f1os Rubio.<\/p>\n\n\n\n<p><strong>Emplaz\u00f3 a los locatarios hacerlo a trav\u00e9s del di\u00e1logo y por \u201clas buenas\u201d, ante de atender a esta acci\u00f3n con uso de uniformados<\/strong>.<br>Aunado a lo anterior, precis\u00f3 que el aviso para el retiro de estas estructuras se debe cumplir con fecha l\u00edmite del 31 de diciembre.<\/p>\n\n\n\n<figure class=\"wp-block-pullquote\"><blockquote><p>Es hasta este fin de mes, y pues yo les sugiero que lo quiten ya a la brevedad. No significa que hasta el 31 tengan la oportunidad de tener las rejillas, \u00a1No se\u00f1or!, reitero, si es ello ma\u00f1ana mismo har\u00e9 un recorrido de la mano de la Secretar\u00eda de Seguridad P\u00fablica; uno, para supervisi\u00f3n, y dos, para lo que es el retiro, punto, aqu\u00ed as\u00ed son las cosas\u201d, sugiri\u00f3.<\/p><\/blockquote><\/figure>\n\n\n\n<p>Para poner orden en el mercado m\u00e1s grande de la capital, Ba\u00f1os Rubio apunt\u00f3 que la directiva del inmueble tiene un papel fundamental.<\/p>\n\n\n\n<p>\u201cEllos tambi\u00e9n tienen que poner orden en el retiro a trav\u00e9s del di\u00e1logo, si no es a trav\u00e9s del di\u00e1logo, pues, perd\u00f3n, se tendr\u00e1 que actuar conforme a la ley, conforme al derecho de todos y todas las personas, retirando las estructuras por parte de la Secretar\u00eda de Seguridad P\u00fablica y dem\u00e1s \u00e1reas que tengan que entrar para tener que quitar todo lo que se tenga que desmantelar de lo que no est\u00e1 permitido\u201d, reiter\u00f3.<\/p>\n\n\n\n<p><strong>Ante la observaci\u00f3n de presuntos actos de corrupci\u00f3n en los mercado<\/strong>s, ante la denuncia de locatario y sobre las propias menciones oficiales que establecen que el 48 por ciento de los comerciantes de La Fayuca no pagan sus contribuciones ante el ayuntamiento, el alcalde pidi\u00f3 denunciar.<\/p>\n","protected":false},"excerpt":{"rendered":"<p>Tras afirmar que lo que resta de diciembre es el plazo para quitar las rejillas de los locales del mercado Miguel Hidalgo, el alcalde Sergio Ba\u00f1os Rubio advirti\u00f3 que en&hellip; <\/p>\n","protected":false},"author":4,"featured_media":11024,"comment_status":"closed","ping_status":"closed","sticky":false,"template":"","format":"standard","meta":{"two_page_speed":[],"_joinchat":[],"footnotes":""},"categories":[1],"tags":[],"class_list":["post-11023","post","type-post","status-publish","format-standard","has-post-thumbnail","hentry","category-politica"],"_links":{"self":[{"href":"https:\/\/revistaacropolis.com\/index.php\/wp-json\/wp\/v2\/posts\/11023","targetHints":{"allow":["GET"]}}],"collection":[{"href":"https:\/\/revistaacropolis.com\/index.php\/wp-json\/wp\/v2\/posts"}],"about":[{"href":"https:\/\/revistaacropolis.com\/index.php\/wp-json\/wp\/v2\/types\/post"}],"author":[{"embeddable":true,"href":"https:\/\/revistaacropolis.com\/index.php\/wp-json\/wp\/v2\/users\/4"}],"replies":[{"embeddable":true,"href":"https:\/\/revistaacropolis.com\/index.php\/wp-json\/wp\/v2\/comments?post=11023"}],"version-history":[{"count":1,"href":"https:\/\/revistaacropolis.com\/index.php\/wp-json\/wp\/v2\/posts\/11023\/revisions"}],"predecessor-version":[{"id":11025,"href":"https:\/\/revistaacropolis.com\/index.php\/wp-json\/wp\/v2\/posts\/11023\/revisions\/11025"}],"wp:featuredmedia":[{"embeddable":true,"href":"https:\/\/revistaacropolis.com\/index.php\/wp-json\/wp\/v2\/media\/11024"}],"wp:attachment":[{"href":"https:\/\/revistaacropolis.com\/index.php\/wp-json\/wp\/v2\/media?parent=11023"}],"wp:term":[{"taxonomy":"category","embeddable":true,"href":"https:\/\/revistaacropolis.com\/index.php\/wp-json\/wp\/v2\/categories?post=11023"},{"taxonomy":"post_tag","embeddable":true,"href":"https:\/\/revistaacropolis.com\/index.php\/wp-json\/wp\/v2\/tags?post=11023"}],"curies":[{"name":"wp","href":"https:\/\/api.w.org\/{rel}","templated":true}]}}