{"id":11088,"date":"2023-12-13T18:42:58","date_gmt":"2023-12-13T18:42:58","guid":{"rendered":"https:\/\/revistaacropolis.com\/?p=11088"},"modified":"2023-12-13T18:43:10","modified_gmt":"2023-12-13T18:43:10","slug":"guillermo-sanjuanero-hombre-sensible-dedicado-al-servicio-publico","status":"publish","type":"post","link":"https:\/\/revistaacropolis.com\/index.php\/guillermo-sanjuanero-hombre-sensible-dedicado-al-servicio-publico\/sociedad\/revista-acropolis\/","title":{"rendered":"Guillermo Sanjuanero, hombre sensible dedicado al servicio p\u00fablico"},"content":{"rendered":"\n<p>Cuando la sensibilidad es una herramienta nata para brindar ayuda y fortalecer a los m\u00e1s vulnerados, se pueden obtener mejores resultados.<\/p>\n\n\n\n<p>El Secretario Particular de Mineral de la Reforma y Secretario General de la Fundaci\u00f3n T\u00fa y yo creciendo juntos comparti\u00f3 un poco a Revista Acr\u00f3polis, sobre su persona, con el objetivo de transparentar su sentir y el gran aprecio que tiene hacia Hidalgo y ,por supuesto, hacia la poblaci\u00f3n de Mineral de la Reforma.<\/p>\n\n\n\n<figure class=\"wp-block-image size-large\"><img fetchpriority=\"high\" decoding=\"async\" width=\"683\" height=\"1024\" src=\"https:\/\/revistaacropolis.com\/wp-content\/uploads\/2023\/12\/MG_9235-683x1024.jpeg\" alt=\"\" class=\"wp-image-11090\" srcset=\"https:\/\/revistaacropolis.com\/wp-content\/uploads\/2023\/12\/MG_9235-683x1024.jpeg 683w, https:\/\/revistaacropolis.com\/wp-content\/uploads\/2023\/12\/MG_9235-200x300.jpeg 200w, https:\/\/revistaacropolis.com\/wp-content\/uploads\/2023\/12\/MG_9235-768x1152.jpeg 768w, https:\/\/revistaacropolis.com\/wp-content\/uploads\/2023\/12\/MG_9235-1024x1536.jpeg 1024w, https:\/\/revistaacropolis.com\/wp-content\/uploads\/2023\/12\/MG_9235-1365x2048.jpeg 1365w, https:\/\/revistaacropolis.com\/wp-content\/uploads\/2023\/12\/MG_9235-400x600.jpeg 400w, https:\/\/revistaacropolis.com\/wp-content\/uploads\/2023\/12\/MG_9235-scaled.jpeg 1707w\" sizes=\"(max-width: 683px) 100vw, 683px\" \/><\/figure>\n\n\n\n<p>En su andar por la pol\u00edtica, se ha caracterizado por ser humilde y entregado y, al charlar con \u00e9l en esta entrevista, se pudo definir como un hombre servidor, sensible y solidario s\u00ed con su lado firme y car\u00e1cter fuerte, pero siempre con la empat\u00eda que le permite conectar y ayudar a quienes m\u00e1s lo necesitan. Acomp\u00e1\u00f1anos en esta entrevista para conocer m\u00e1s de Memo Sanjuanero.<\/p>\n\n\n\n<ol class=\"wp-block-list\">\n<li>Memo \u00bfqu\u00e9 significa para ti ser hidalguense y trabajar en pro de Mineral de la Reforma?<\/li>\n<\/ol>\n\n\n\n<p>Ser hidalguense es un orgullo, en esta tierra nac\u00ed y he crecido, aqu\u00ed he vivido los mejores momentos de mi vida, en ella he aprendido mucho de lo que s\u00e9 y a ella le debo y quiero corresponderle.<\/p>\n\n\n\n<p>Hidalgo es mi origen y mi origen determina mi destino, como lo hacen tus principios y valores. Aqu\u00ed est\u00e1n mis cimientos para lo que deseo hacer en la vida y lo que quiero, es trascender haciendo mejor la vida de los dem\u00e1s.<\/p>\n\n\n\n<p>Mineral de la Reforma me llena de entusiasmo porque veo a este municipio, que en tan poco tiempo se ha transformado mucho, con la gran oportunidad de seguir creciendo y del que todos los que habitamos en \u00e9l, vivamos con alegr\u00eda porque nos sentimos orgullosos de vivir aqu\u00ed.<br>Mineral es un lugar de retos y de grandes oportunidades, de realidades, pero tambi\u00e9n de esperanza. A Mineral de la Reforma, pero sobre todo a su gente, la veo empoderada, orgullosa, contenta, viviendo a plenitud. Es ambicioso lo que te digo, tal vez, pero solo cuando piensas en grande puedes alcanzar esa grandeza.<\/p>\n\n\n\n<ol class=\"wp-block-list\" start=\"2\">\n<li>Tu nombre ha destacado en la pol\u00edtica, pero no solo por ser un servidor p\u00fablico entregado, sino tambi\u00e9n por la sensibilidad que aportas a tu trabajo y la afinidad que tienes hacia el altruismo, plat\u00edcanos. \u00bfc\u00f3mo es que tu vida comenz\u00f3 a tomar rumbo por el camino que hoy recorres?<\/li>\n<\/ol>\n\n\n\n<p>Gracias por tus conceptos.<br>Lo que te voy a contar es algo muy \u00edntimo y voy a tratar de ser muy breve. Tuve la fortuna, porque realmente eso fue, la fortuna de cuidar a mi abuelita, cuidar de ella era atenderla, escucharla y aprender de la sabidur\u00eda de los a\u00f1os, pero, sobre todo, sentir el verdadero amor.<\/p>\n\n\n\n<p>El verdadero amor es ponerte en los zapatos de los dem\u00e1s y comprenderlos, el verdadero amor es estar, acompa\u00f1ar, ayudar y no esperar nada a cambio.<\/p>\n\n\n\n<p>El verdadero amor es vibrar con el apret\u00f3n de manos, el abrazo o el beso y el escuchar la palabra m\u00e1gica: gracias.<\/p>\n\n\n\n<p>En verdad, pocas veces hablo de esto y quiz\u00e1 no mucha gente conozca este lado m\u00edo, pero no sabes lo que disfruto acompa\u00f1ar y apoyar a quienes m\u00e1s necesitan de ese cari\u00f1o y bueno, de ah\u00ed, buscar por todos lados y las formas posibles de apoyarlos para resolver sus necesidades.<\/p>\n\n\n\n<ol class=\"wp-block-list\" start=\"3\">\n<li>Hoy tienes una responsabilidad importante en el cargo p\u00fablico que tienes en el ayuntamiento de Mineral de la Reforma, \u00bfcu\u00e1l consideras que ha sido el mayor obst\u00e1culo por vencer en \u00e9sta tarea?<\/li>\n<\/ol>\n\n\n\n<p>Te dir\u00eda que son dos: el tiempo y el recurso, y los dos para seguir haciendo m\u00e1s por los mineralreformenses. Falta tiempo para atender a todos y el recurso nunca es suficiente, pero uno se las ingenia, se organiza, hace estrategias, traza los mejores planes y optimizando todo para servir al mayor n\u00famero de gente posible.<\/p>\n\n\n\n<ol class=\"wp-block-list\" start=\"4\">\n<li>\u00bfPor lo contrario cu\u00e1l es la mayor satisfacci\u00f3n que te genera trabajar para el beneficio del municipio?<\/li>\n<\/ol>\n\n\n\n<p>Tambi\u00e9n te dir\u00eda que son dos, la personal, que es la satisfacci\u00f3n de servir, y la otra es la que te da la gente con ese \u201cgracias\u201d del que te habl\u00e9 hace rato, pero sobre todo porque le mejoraste la vida en algo. Bueno, y te digo que la gente es muy generosa en el agradecimiento, yo valoro mucho cuando te invitan a su casa, imag\u00ednate, te abren las puertas de su hogar, de lo m\u00e1s \u00edntimo y sagrado y te invitan un refresco, un caf\u00e9 con pan.<\/p>\n\n\n\n<ol class=\"wp-block-list\" start=\"5\">\n<li>Y bueno, aqu\u00ed viene la mejor parte, T\u00fa y Yo Creciendo Juntos, la asociaci\u00f3n de la que eres parte junto con la Doctora Shadia e Israel Felix. Plat\u00edcanos. \u00bfqu\u00e9 significa esta asociaci\u00f3n para ti?<\/li>\n<\/ol>\n\n\n\n<p>Comienzo por decirte en una palabra lo que significan la Dra. Shadia y el alcalde Israel Felix: Familia, as\u00ed, en may\u00fasculas.<br>Y la Fundaci\u00f3n T\u00fa y Yo Creciendo Juntos, significa el m\u00e1s grande y poderoso instrumento en el que he podido colaborar y hacer crecer, para hacer lo que m\u00e1s me gusta y me significa en la vida, que es servir.<\/p>\n\n\n\n<ol class=\"wp-block-list\" start=\"6\">\n<li>\u00bfPor qu\u00e9 ser parte de una asociaci\u00f3n como T\u00fa y Yo Creciendo Juntos, \u00bfqu\u00e9 te deja esta experiencia?<\/li>\n<\/ol>\n\n\n\n<p>La mayor de las satisfacciones que un ser humano puede tener en la vida es ayudar a los dem\u00e1s, y sobre todo, en algo tan importante como es la salud. La sensaci\u00f3n que vives al cambiar a alegr\u00eda, esa angustia por la que pasa la familia y el propio enfermo no tiene forma de explicarse.<\/p>\n\n\n\n<ol class=\"wp-block-list\" start=\"7\">\n<li>\u00bfCu\u00e1les son tus planes ahora que concluya tu gesti\u00f3n municipal?<\/li>\n<\/ol>\n\n\n\n<p>Hoy tengo un cargo, pero mi gesti\u00f3n no termina cuando termina la administraci\u00f3n, mi gesti\u00f3n es permanente al servicio de los dem\u00e1s, lo fue antes, lo es ahora y lo seguir\u00e1 siendo.<\/p>\n\n\n\n<p>Cada d\u00eda me preparo para seguir avanzando en la funci\u00f3n p\u00fablica, pero sobre todo, que todos los d\u00edas sigo trabajando.<br>\u00bfQuiero avanzar? S\u00ed.<\/p>\n\n\n\n<p>\u00bfMe gustar\u00eda ocupar otro cargo? S\u00ed.<\/p>\n\n\n\n<p>Pero, sobre todo, quiero avanzar desde otro puesto, para seguir sirviendo, y en particular, a los mineralreformenses.<\/p>\n\n\n\n<ol class=\"wp-block-list\" start=\"8\">\n<li>\u00bfTe gustar\u00eda enviar un mensaje a nuestra audiencia y a tus seguidores?<\/li>\n<\/ol>\n\n\n\n<p>Primero agradecerles el tiempo que se dieron para seguir esta entrevista.<br>Desearles lo mejor de la vida, que luchen por lo que quieren, que la vida nos pone pruebas, que no las vean como obst\u00e1culos, sino como retos. Es impresionante lo que uno es capaz de conseguir cuando cree en uno mismo.<\/p>\n\n\n\n<p>Pero tambi\u00e9n que cuando tengan oportunidad ayuden, van a encontrar una gran satisfacci\u00f3n en ustedes mismos, y cuando lo hagan, dense las gracias a ustedes mismos, porque se est\u00e1n haciendo mejores personas con cada acci\u00f3n.<\/p>\n\n\n\n<p>Y bueno, si tienen tiempo los invito a que me conozcan m\u00e1s y cuando me conozcan m\u00e1s, hablen de mi\u00ed hablen de Memo, Mejores Momentos.<\/p>\n\n\n\n<p>Aqu\u00ed les dejo mis redes sociales para que me sigan, me escriban y platiquemos.<br>A ustedes muchas gracias por esta pl\u00e1tica, que me hizo recordar grandes momentos de mi vida, pero tambi\u00e9n imaginar a d\u00f3nde podemos llegar si lo hacemos juntos.<\/p>\n","protected":false},"excerpt":{"rendered":"<p>Cuando la sensibilidad es una herramienta nata para brindar ayuda y fortalecer a los m\u00e1s vulnerados, se pueden obtener mejores resultados. El Secretario Particular de Mineral de la Reforma y&hellip; <\/p>\n","protected":false},"author":4,"featured_media":11089,"comment_status":"closed","ping_status":"closed","sticky":false,"template":"","format":"standard","meta":{"two_page_speed":[],"_joinchat":[],"footnotes":""},"categories":[2092],"tags":[],"class_list":["post-11088","post","type-post","status-publish","format-standard","has-post-thumbnail","hentry","category-revista-acropolis"],"_links":{"self":[{"href":"https:\/\/revistaacropolis.com\/index.php\/wp-json\/wp\/v2\/posts\/11088","targetHints":{"allow":["GET"]}}],"collection":[{"href":"https:\/\/revistaacropolis.com\/index.php\/wp-json\/wp\/v2\/posts"}],"about":[{"href":"https:\/\/revistaacropolis.com\/index.php\/wp-json\/wp\/v2\/types\/post"}],"author":[{"embeddable":true,"href":"https:\/\/revistaacropolis.com\/index.php\/wp-json\/wp\/v2\/users\/4"}],"replies":[{"embeddable":true,"href":"https:\/\/revistaacropolis.com\/index.php\/wp-json\/wp\/v2\/comments?post=11088"}],"version-history":[{"count":1,"href":"https:\/\/revistaacropolis.com\/index.php\/wp-json\/wp\/v2\/posts\/11088\/revisions"}],"predecessor-version":[{"id":11091,"href":"https:\/\/revistaacropolis.com\/index.php\/wp-json\/wp\/v2\/posts\/11088\/revisions\/11091"}],"wp:featuredmedia":[{"embeddable":true,"href":"https:\/\/revistaacropolis.com\/index.php\/wp-json\/wp\/v2\/media\/11089"}],"wp:attachment":[{"href":"https:\/\/revistaacropolis.com\/index.php\/wp-json\/wp\/v2\/media?parent=11088"}],"wp:term":[{"taxonomy":"category","embeddable":true,"href":"https:\/\/revistaacropolis.com\/index.php\/wp-json\/wp\/v2\/categories?post=11088"},{"taxonomy":"post_tag","embeddable":true,"href":"https:\/\/revistaacropolis.com\/index.php\/wp-json\/wp\/v2\/tags?post=11088"}],"curies":[{"name":"wp","href":"https:\/\/api.w.org\/{rel}","templated":true}]}}