{"id":11092,"date":"2023-12-13T19:05:25","date_gmt":"2023-12-13T19:05:25","guid":{"rendered":"https:\/\/revistaacropolis.com\/?p=11092"},"modified":"2023-12-13T19:05:30","modified_gmt":"2023-12-13T19:05:30","slug":"eduardo-medecigo-un-autentico-servidor-publico","status":"publish","type":"post","link":"https:\/\/revistaacropolis.com\/index.php\/eduardo-medecigo-un-autentico-servidor-publico\/sociedad\/revista-acropolis\/","title":{"rendered":"Eduardo Med\u00e9cigo, un aut\u00e9ntico servidor p\u00fablico"},"content":{"rendered":"\n<p>Buscar la resoluci\u00f3n de conflictos y lograr que el Estado se mantenga en paz bajo una gobernabilidad estable y condiciones seguras; es el trabajo de Eduardo Med\u00e9cigo, actual subsecretario de Gobierno de Hidalgo.<\/p>\n\n\n\n<p>Por fortuna para Hidalgo, Eduardo desde siempre ha tenido muy clara su funci\u00f3n, que es la de servir a la ciudadan\u00eda ejerciendo su cargo p\u00fablico con el mayor profesionalismo y de la mejor forma, pues afirm\u00f3 que el pueblo le paga por su trabajo y en correspondencia, pone lo mejor de s\u00ed por el bienestar de los hidalguenses.<\/p>\n\n\n\n<figure class=\"wp-block-image size-large\"><img fetchpriority=\"high\" decoding=\"async\" width=\"683\" height=\"1024\" src=\"https:\/\/revistaacropolis.com\/wp-content\/uploads\/2023\/12\/1O1A9459-683x1024.jpeg\" alt=\"\" class=\"wp-image-11093\" srcset=\"https:\/\/revistaacropolis.com\/wp-content\/uploads\/2023\/12\/1O1A9459-683x1024.jpeg 683w, https:\/\/revistaacropolis.com\/wp-content\/uploads\/2023\/12\/1O1A9459-200x300.jpeg 200w, https:\/\/revistaacropolis.com\/wp-content\/uploads\/2023\/12\/1O1A9459-768x1152.jpeg 768w, https:\/\/revistaacropolis.com\/wp-content\/uploads\/2023\/12\/1O1A9459-1024x1536.jpeg 1024w, https:\/\/revistaacropolis.com\/wp-content\/uploads\/2023\/12\/1O1A9459-1365x2048.jpeg 1365w, https:\/\/revistaacropolis.com\/wp-content\/uploads\/2023\/12\/1O1A9459-400x600.jpeg 400w, https:\/\/revistaacropolis.com\/wp-content\/uploads\/2023\/12\/1O1A9459-scaled.jpeg 1707w\" sizes=\"(max-width: 683px) 100vw, 683px\" \/><\/figure>\n\n\n\n<p>Pocas veces conocemos al detalle a nuestros servidores p\u00fablicos, pero en la entrevista que Eduardo Med\u00e9cigo concedi\u00f3 a Revista Acr\u00f3polis tuvimos la oportunidad de explorar su formaci\u00f3n acad\u00e9mica, su funci\u00f3n como Subsecretario de Gobierno, su sentir con su trabajo y hacia el gobierno para el que ofrece su servicio actualmente.<\/p>\n\n\n\n<p>Nos platic\u00f3: \u201cnac\u00ed en Pachuca, crec\u00ed en el Infonavit de Santa Julia donde viv\u00ed muy feliz la etapa de mi infancia. Estudi\u00e9 en la primaria Margarita Maza de Ju\u00e1rez, en la Secundaria Federal 2, en la Preparatoria 3, hice la Licenciatura en Derecho en la Universidad Aut\u00f3noma del Estado de Hidalgo, me titul\u00e9 en materia de Derecho Electoral.<\/p>\n\n\n\n<p>Posteriormente en la Universidad Michoacana de San Nicolas de Hidalgo, curse la especialidad en Derecho Procesal y ah\u00ed mismo realice mi maestr\u00eda en Derecho. Ingres\u00e9 al Instituto Polit\u00e9cnico a estudiar Geopol\u00edtica y nuevo orden mundial, en la UNAM estudi\u00e9 An\u00e1lisis Pol\u00edtico Estrat\u00e9gico basado en Teor\u00eda de Juegos, en la Universidad de Florida estudi\u00e9 Gerencia de Gobierno, Mercadotecnia Electoral y actualmente termin\u00e9 la maestr\u00eda en Educaci\u00f3n.<\/p>\n\n\n\n<p>Comparti\u00f3 que en el servicio p\u00fablico inici\u00f3 incluso antes de salir de la universidad, en la Comisi\u00f3n Agraria Mixta tuvo la oportunidad de trabajar y posteriormente en el Senado de la Rep\u00fablica. \u201cEstuve trabajando ah\u00ed un tiempo y al que era mi jefe lo nombraron Consejero Senador en el entonces Instituto Federal Electoral, donde me invita a colaborar con \u00e9l y posteriormente trabajamos en una campa\u00f1a pol\u00edtica en Michoac\u00e1n, donde asesor\u00e9 la parte electoral, estuve con \u00e9l seis a\u00f1os y con la experiencia acumulada puse una consultor\u00eda pol\u00edtica en donde me dio la oportunidad de trabajar varios Estados de la Rep\u00fablica.<\/p>\n\n\n\n<p>Actualmente estoy en la Subsecretar\u00eda de Gobierno despu\u00e9s de un proceso electoral muy bonito y con mucha experiencia con el Licenciado Julio Menchaca con quien desde hace muchos a\u00f1os venimos trabajando en el proyecto de Transformaci\u00f3n de Hidalgo\u201d.<\/p>\n\n\n\n<p>\u201cComo Subsecretario de Gobierno considero muy importante que el Estado se mantenga en paz, con gobernabilidad y condiciones seguras para que las inversiones bajen a Hidalgo; que las personas puedan transitar en todos sus procesos en busca de lo que todos queremos: \u201cSer felices y dejar un Estado mucho mejor de lo que lo encontramos\u201d.<\/p>\n\n\n\n<p>Con su cargo y el trabajo diario, apunt\u00f3 que su mayor satisfacci\u00f3n es resolver los conflictos a trav\u00e9s del di\u00e1logo respetando siempre el marco legal para trascender de la mejor manera y dar la oportunidad de que empresarios (cuando sea el caso) inviertan en plataformas de inversi\u00f3n social como es caso de Minera Autl\u00e1n que en la Sierra Hidalguense logramos que hoy se inviertan casi 18 millones de pesos en beneficio para la poblaci\u00f3n, de manera directa en 48 comunidades que reciben apoyos en especie. Es satisfactorio poder llegar y entregar calentadores solares, bombas de agua, paneles o proyectos productivos. Lo importante es ver que a una comunidad donde existe un conflicto, regrese la paz y la productividad que les da la oportunidad de poder desarrollarse de una mejor manera.<\/p>\n\n\n\n<p>Vienen los tiempos electorales y Eduardo Med\u00e9cigo extern\u00f3 que, como todo pol\u00edtico activo aspira a tener una oportunidad de desempe\u00f1ar con la experiencia y capacidad en un cargo de mayor responsabilidad en beneficio de la cuarta transformaci\u00f3n en Hidalgo; destac\u00f3 que esta decisi\u00f3n no depende de \u00e9l y por el momento se encuentra m\u00e1s enfocado en el proyecto que encabeza el Gobernador Julio Menchaca, que con alg\u00fan proyecto personal.<\/p>\n\n\n\n<p>\u201cHoy los resultados del cambio se ven, nuestra medici\u00f3n para saber si vamos bien o no, fue el primer Informe de Gobierno y que se logr\u00f3 un informe sin ninguna protesta p\u00fablica, sin ninguna cartulina, ni un reclamo social y eso habla bien de todos los compa\u00f1eros y compa\u00f1eras que hacen un gran esfuerzo dentro del gobierno del Estado d\u00eda a d\u00eda.<\/p>\n\n\n\n<p>Frase:<\/p>\n\n\n\n<p>\u00abHoy le digo a la POBLACI\u00d3N que ha confiado en el gobierno de Julio Menchaca: las cuentas han sido claras\u201d<br>\u201cHoy HIDALGO aplica la ley sin distinci\u00f3n de colores, no hay lugar para la corrupci\u00f3n y los resultados han sido claros\u00bb<\/p>\n","protected":false},"excerpt":{"rendered":"<p>Buscar la resoluci\u00f3n de conflictos y lograr que el Estado se mantenga en paz bajo una gobernabilidad estable y condiciones seguras; es el trabajo de Eduardo Med\u00e9cigo, actual subsecretario de&hellip; <\/p>\n","protected":false},"author":4,"featured_media":11094,"comment_status":"closed","ping_status":"closed","sticky":false,"template":"","format":"standard","meta":{"two_page_speed":[],"_joinchat":[],"footnotes":""},"categories":[2092],"tags":[],"class_list":["post-11092","post","type-post","status-publish","format-standard","has-post-thumbnail","hentry","category-revista-acropolis"],"_links":{"self":[{"href":"https:\/\/revistaacropolis.com\/index.php\/wp-json\/wp\/v2\/posts\/11092","targetHints":{"allow":["GET"]}}],"collection":[{"href":"https:\/\/revistaacropolis.com\/index.php\/wp-json\/wp\/v2\/posts"}],"about":[{"href":"https:\/\/revistaacropolis.com\/index.php\/wp-json\/wp\/v2\/types\/post"}],"author":[{"embeddable":true,"href":"https:\/\/revistaacropolis.com\/index.php\/wp-json\/wp\/v2\/users\/4"}],"replies":[{"embeddable":true,"href":"https:\/\/revistaacropolis.com\/index.php\/wp-json\/wp\/v2\/comments?post=11092"}],"version-history":[{"count":1,"href":"https:\/\/revistaacropolis.com\/index.php\/wp-json\/wp\/v2\/posts\/11092\/revisions"}],"predecessor-version":[{"id":11095,"href":"https:\/\/revistaacropolis.com\/index.php\/wp-json\/wp\/v2\/posts\/11092\/revisions\/11095"}],"wp:featuredmedia":[{"embeddable":true,"href":"https:\/\/revistaacropolis.com\/index.php\/wp-json\/wp\/v2\/media\/11094"}],"wp:attachment":[{"href":"https:\/\/revistaacropolis.com\/index.php\/wp-json\/wp\/v2\/media?parent=11092"}],"wp:term":[{"taxonomy":"category","embeddable":true,"href":"https:\/\/revistaacropolis.com\/index.php\/wp-json\/wp\/v2\/categories?post=11092"},{"taxonomy":"post_tag","embeddable":true,"href":"https:\/\/revistaacropolis.com\/index.php\/wp-json\/wp\/v2\/tags?post=11092"}],"curies":[{"name":"wp","href":"https:\/\/api.w.org\/{rel}","templated":true}]}}