{"id":11133,"date":"2023-12-14T05:58:09","date_gmt":"2023-12-14T05:58:09","guid":{"rendered":"https:\/\/revistaacropolis.com\/?p=11133"},"modified":"2023-12-14T06:24:53","modified_gmt":"2023-12-14T06:24:53","slug":"no-es-lo-mismo-ser-policia-que-bombero-quiere-ssph-mando-coordinado-en-actopan","status":"publish","type":"post","link":"https:\/\/revistaacropolis.com\/index.php\/no-es-lo-mismo-ser-policia-que-bombero-quiere-ssph-mando-coordinado-en-actopan\/seguridadyjusticia\/","title":{"rendered":"\u00abNo es lo mismo ser polic\u00eda que bombero\u00bb: quiere SSPH mando coordinado en Actopan"},"content":{"rendered":"\n<p><\/p>\n\n\n\n<p>El secretario de Seguridad P\u00fablica de Hidalgo, Salvador Criz Neri, <strong>inst\u00f3 a la alcaldesa de Actopan, Tatiana \u00c1ngeles, a adherirse al Mando Coordinado y relevar a su director de&nbsp; la Polic\u00eda Municipal interino<\/strong>, El\u00edas Corona de la Torre, quien fung\u00eda como titular de Protecci\u00f3n Civil y Bomberos local.<\/p>\n\n\n\n<blockquote class=\"wp-block-quote is-layout-flow wp-block-quote-is-layout-flow\">\n<p>No es lo mismo ser polic\u00eda a ser bombero, son acciones y trabajos muy distintos, las dos con muy honrosas&nbsp; actividades\u00bb, extern\u00f3 en una conferencia sobre el golpe al grupo delictivo de El Primo, que operaba en Atotonilco de Tula.<\/p>\n<\/blockquote>\n\n\n\n<p>De acuerdo con el servidor, la <strong>Polic\u00eda Estatal ha propuesto tres perfiles a la edil para ocupar el puesto<\/strong>, por lo que espera su llamada esta semana aceptando al esquema, pues Actopan ha registrado un aumento de la incidencia delictiva.<\/p>\n\n\n\n<blockquote class=\"wp-block-quote is-layout-flow wp-block-quote-is-layout-flow\">\n<p>Hoy el <strong>Mando Coordinado es distinto<\/strong>, anteriormente se mandaba una persona y no se sab\u00eda nada de \u00e9l. Hoy en d\u00eda tiene dos jefes: la presidenta municipal y la Secretar\u00eda de Seguridad P\u00fablica porque diario rinde novedades, diario se coordina uno con ellos y sobre todo el tema de la informaci\u00f3n porque se van atendiendo incidentes delictivos en sus colonias que se van incrementando\u00bb, explic\u00f3.<\/p>\n<\/blockquote>\n\n\n\n<p>Lament\u00f3 que el gobierno de <strong>Jaime Ram\u00edrez Tovar en Atotonilco de Tula tambi\u00e9n se reh\u00fase <\/strong>a sumarse a la estrategia estatal de protecci\u00f3n, pese a haber sostenido reuniones en las que prometi\u00f3 hacerlo.<\/p>\n\n\n\n<blockquote class=\"wp-block-quote is-layout-flow wp-block-quote-is-layout-flow\">\n<p>El no tener el Mando Coordinado es un problema que nos genera cotos de violencia porque no nos coordinamos con el municipio, no hay una retroalimentaci\u00f3n de la informaci\u00f3n\u00bb, dijo.<\/p>\n<\/blockquote>\n\n\n\n<p>Pachuca se adhiri\u00f3 recientemente, mientras en Tulancingo de <strong>Bravo se mantienen pl\u00e1ticas con el alcalde Jorge M\u00e1rquez Alvarado<\/strong>. Son los dos municipios con alto nivel de poblaci\u00f3n que faltan.<\/p>\n\n\n\n<p>Sin embargo, Cruz Neri acot\u00f3 que <strong>esto no significa que el Estado no opere y brinde seguridad<\/strong> en esas regiones.<\/p>\n\n\n\n<h3 class=\"wp-block-heading\">INDAGAR\u00c1N A ELEMENTO DE ACTOPAN<\/h3>\n\n\n\n<p>A pregunta de medios, el secretario de Seguridad P\u00fablica, Salvador Cruz Neri, anticip\u00f3 que indagar\u00e1 si existen denuncias contra Francisco Javier S\u00e1nchez del Real, delegado de la Polic\u00eda Estatal, presuntamente por ingerir bebidas et\u00edlicas en horario laboral y supuestos v\u00ednculos con extracci\u00f3n de hidrocarburo.<\/p>\n\n\n\n<blockquote class=\"wp-block-quote is-layout-flow wp-block-quote-is-layout-flow\">\n<p>La verdad es que no ten\u00eda conocimiento de ello, en el momento instruir\u00e9 a la Unidad de Asuntos Internos para que integre una carpeta de investigaci\u00f3n administrativa. Respecto de si est\u00e1 inmiscuido en temas de huachicoleo no s\u00e9 si la Procuradur\u00eda tenga alguna carpeta derivado de ello, me estar\u00e9 coordinando para ver si hay alguna carpeta, y si es, se actuar\u00e1 en consecuencia, tengan la seguridad\u00bb, advirti\u00f3.<\/p>\n<\/blockquote>\n\n\n\n<h3 class=\"wp-block-heading\">RESPONSABILIDAD<\/h3>\n\n\n\n<p>El secretario de Gobierno de Hidalgo, Guillermo Olivares Reyna, llam\u00f3 a los alcaldes y alcaldesas a asumir la reaponsabilidad conferida por el 115 constitucional, de <strong>velar por la seguridad de los ciudadanos en las demarcaciones a su cargo<\/strong>.<\/p>\n\n\n\n<blockquote class=\"wp-block-quote is-layout-flow wp-block-quote-is-layout-flow\">\n<p>Nos encontramos que en muchos casos los polic\u00edas municipales que integran las distintas corporaciones <strong>no contaban con Certificado \u00danico Policial.<\/strong> Estaban alejados de c\u00f3mo se elabora un Informe policial homologado, c\u00f3mo se debe de actuar en caso de ser primer reapondiente, carec\u00edan muchos de ellos de adiestramiento en el manejo de armas, los veh\u00edculos patrulla insuficientes, carencia de uniformes, sueldos bajos\u00bb.<\/p>\n<\/blockquote>\n\n\n\n<p>Asegur\u00f3 que <strong>no se tolerar\u00e1 que los oficiales pasen a formar parte de la criminalidad<\/strong>, por lo que llam\u00f3 a los gobiernos a \u00abponer orden\u00bb y regularizarlos para cumplir su funci\u00f3n.<\/p>\n\n\n\n<p>En este sentido, Cruz Neri llam\u00f3 a los ayuntamientos a no contratar elementos sin preguntar por qu\u00e9 fueron dados de baja de otra corporaci\u00f3n.<\/p>\n","protected":false},"excerpt":{"rendered":"<p>El secretario de Seguridad P\u00fablica de Hidalgo, Salvador Criz Neri, inst\u00f3 a la alcaldesa de Actopan, Tatiana \u00c1ngeles, a adherirse al Mando Coordinado y relevar a su director de&nbsp; la&hellip; <\/p>\n","protected":false},"author":4,"featured_media":11134,"comment_status":"closed","ping_status":"closed","sticky":false,"template":"","format":"standard","meta":{"two_page_speed":[],"_joinchat":[],"footnotes":""},"categories":[1078],"tags":[581,2343,1308,2342],"class_list":["post-11133","post","type-post","status-publish","format-standard","has-post-thumbnail","hentry","category-seguridadyjusticia","tag-actopan","tag-elias-corona-de-la-torre","tag-salvador-cruz-neri","tag-tatiana-angeles"],"_links":{"self":[{"href":"https:\/\/revistaacropolis.com\/index.php\/wp-json\/wp\/v2\/posts\/11133","targetHints":{"allow":["GET"]}}],"collection":[{"href":"https:\/\/revistaacropolis.com\/index.php\/wp-json\/wp\/v2\/posts"}],"about":[{"href":"https:\/\/revistaacropolis.com\/index.php\/wp-json\/wp\/v2\/types\/post"}],"author":[{"embeddable":true,"href":"https:\/\/revistaacropolis.com\/index.php\/wp-json\/wp\/v2\/users\/4"}],"replies":[{"embeddable":true,"href":"https:\/\/revistaacropolis.com\/index.php\/wp-json\/wp\/v2\/comments?post=11133"}],"version-history":[{"count":5,"href":"https:\/\/revistaacropolis.com\/index.php\/wp-json\/wp\/v2\/posts\/11133\/revisions"}],"predecessor-version":[{"id":11145,"href":"https:\/\/revistaacropolis.com\/index.php\/wp-json\/wp\/v2\/posts\/11133\/revisions\/11145"}],"wp:featuredmedia":[{"embeddable":true,"href":"https:\/\/revistaacropolis.com\/index.php\/wp-json\/wp\/v2\/media\/11134"}],"wp:attachment":[{"href":"https:\/\/revistaacropolis.com\/index.php\/wp-json\/wp\/v2\/media?parent=11133"}],"wp:term":[{"taxonomy":"category","embeddable":true,"href":"https:\/\/revistaacropolis.com\/index.php\/wp-json\/wp\/v2\/categories?post=11133"},{"taxonomy":"post_tag","embeddable":true,"href":"https:\/\/revistaacropolis.com\/index.php\/wp-json\/wp\/v2\/tags?post=11133"}],"curies":[{"name":"wp","href":"https:\/\/api.w.org\/{rel}","templated":true}]}}