{"id":1146,"date":"2023-02-25T17:49:44","date_gmt":"2023-02-25T17:49:44","guid":{"rendered":"https:\/\/revistaacropolis.com\/?p=1146"},"modified":"2023-02-25T21:30:22","modified_gmt":"2023-02-25T21:30:22","slug":"en-marzo-pgjh-revelara-datos-de-no-identificados-en-semefo-a-familiares-de-desaparecidos","status":"publish","type":"post","link":"https:\/\/revistaacropolis.com\/index.php\/en-marzo-pgjh-revelara-datos-de-no-identificados-en-semefo-a-familiares-de-desaparecidos\/politica\/","title":{"rendered":"En marzo PGJH revelar\u00e1 datos de no identificados en Semefo a familiares de desaparecidos"},"content":{"rendered":"\n<p>En marzo la Procuradur\u00eda General de Justicia del Estado de Hidalgo (PGJEH) empezar\u00e1 a revelar la informaci\u00f3n de los restos y cuerpos humanos <strong>sin identificar que tienen resguardados en los Servicios M\u00e9dicos Forenses (Semefo<\/strong>) <strong>a familiares de personas desaparecidas, inform\u00f3 el encargado de despacho de la instituci\u00f3n, Santiago Nieto Castillo.<\/strong><\/p>\n\n\n\n<p>Indic\u00f3 que en unas semanas concluir\u00e1n la cuarta etapa de la primera fase de la construcci\u00f3n del Centro de Identificaci\u00f3n Humana para el Resguardo Temporal de Hidalgo, <strong>por lo que realizar\u00edan, dijo, una inauguraci\u00f3n con autoridades federales.<\/strong><\/p>\n\n\n\n<p>Asimismo, indic\u00f3 que tambi\u00e9n pondr\u00e1n en marcha la plataforma de b\u00fasqueda e identificaci\u00f3n de personas, la cual tiene como <strong>objetivo el brindar informaci\u00f3n sobre acceso general de los cuerpos y restos humanos no identificados y sin reclamar que se encuentran en el Semefo,<\/strong> para que logren ser localizados y reintegrados a su familia a trav\u00e9s de la p\u00e1gina web.<\/p>\n\n\n\n<figure class=\"wp-block-pullquote\"><blockquote><p>\u201cNo quiero adelantarme hasta que ya podamos concluirlo (el Centro de Identificaci\u00f3n), que eso ser\u00e1 en el transcurso de las pr\u00f3ximas semanas. Sin duda (terminar\u00e1n de construirlo este a\u00f1o), yo esperar\u00eda que para el mes de marzo ya pudi\u00e9ramos arrancar haciendo de conocimiento a las familias que tienen personas desaparecidas respecto a los datos e identificaci\u00f3n humana de una buena parte de las personas que fueron y est\u00e1n bajo resguardo de la Procuradur\u00eda\u201d, mencion\u00f3.<\/p><\/blockquote><\/figure>\n\n\n\n<p>Nieto Castillo reconoci\u00f3 que a\u00fan <strong>deben hacer adecuaciones en la infraestructura para poder trasladar los restos y cuerpos humanos sin identificar,<\/strong> de los cuales algunos se encuentran resguardados en una c\u00e1mara frigor\u00edfica en un patio de la PGJEH.<\/p>\n\n\n\n<p>Respecto al personal que se necesita para los trabajos de identificaci\u00f3n, toda vez que hab\u00eda menos de cinco peritos especialistas en gen\u00e9tica en la Procuradur\u00eda, <strong>omiti\u00f3 informar y dijo que pronto dar\u00e1n a conocer los avances en la materia.<\/strong><\/p>\n\n\n\n<blockquote class=\"wp-block-quote is-layout-flow wp-block-quote-is-layout-flow\">\n<p>\u201cEs un asunto de car\u00e1cter t\u00e9cnico (el personal con el que se cuenta), vamos a presentar y no me quiero adelantar, porque quiero precisamente hacer una exposici\u00f3n p\u00fablica sobre esto\u201d, dijo.<\/p>\n<\/blockquote>\n\n\n\n<p>Adem\u00e1s, expuso que<strong> la plataforma de b\u00fasqueda e identificaci\u00f3n contiene bases de datos antemortem y postmortem,<\/strong> que cruzar\u00e1n con el padr\u00f3n del Instituto Nacional Electoral (INE) para hacer identificaciones por huellas dactilares y reconocimiento facial, <strong>a trav\u00e9s de un convenio que firmaron con el organismo aut\u00f3nomo.<\/strong><\/p>\n\n\n\n<p>La primera semana de febrero, el encargado de despacho de la PGJEH r<strong>evel\u00f3 que ten\u00edan en ese momento 289 cuerpos de personas en el Semefo, de los cuales 46 ya fueron identificados<\/strong>, pero no han sido reclamados, y 90 son restos \u00f3seos.<\/p>\n\n\n\n<p><strong>ASIGNAN 13 MDP A OBRRA Y A\u00daN NO CONCLUYE<\/strong><\/p>\n\n\n\n<p>En diciembre de 2022, a tres a\u00f1os de haber iniciado el proyecto, <strong>el gobierno estatal asign\u00f3 una obra m\u00e1s para la continuaci\u00f3n de la construcci\u00f3n del Centro de Identificaci\u00f3n Humana para el Resguardo Temporal de Hidalgo, por un costo de un mill\u00f3n 375 mil 12.02 pesos,<\/strong> de acuerdo con el acta de fallo de la licitaci\u00f3n p\u00fablica EO-SOPOT-N109-2022 emitida por la Secretar\u00eda de Obras P\u00fablicas y Ordenamiento Territorial (Sopot).<\/p>\n\n\n\n<p>En enero de ese mismo a\u00f1o, la dependencia estatal design\u00f3 el contrato EO-SOPOT-N24-2021 para continuar con la ambientaci\u00f3n de la infraestructura, por <strong>2 millones 472 mil 37.55 pesos. Estos trabajos consistieron en el mejoramiento y colocaci\u00f3n de puertas de los 80 nichos, <\/strong>as\u00ed como la construcci\u00f3n de una barda para delimitar y la colocaci\u00f3n de un port\u00f3n de acceso a dicha \u00e1rea, <strong>tambi\u00e9n la construcci\u00f3n de una c\u00e1mara Gesell y colocaci\u00f3n de una descarnizadora y su campana de extracci\u00f3n.<\/strong><\/p>\n\n\n\n<p>En agosto de 2020 se continu\u00f3 con l<strong>a edificaci\u00f3n de la barda perimetral y se construy\u00f3 una planta de tratamiento de aguas residuales y un sistema de extracci\u00f3n de gases y olores, por 3 millones 491 mil 404.37<\/strong> (NOR-2020-LP-FASPH-SOPOT-ESP-002).<\/p>\n\n\n\n<div class=\"wp-block-query is-layout-flow wp-block-query-is-layout-flow\"><ul class=\"wp-block-post-template is-layout-flow wp-block-post-template-is-layout-flow\"><li class=\"wp-block-post post-23409 post type-post status-publish format-standard has-post-thumbnail hentry category-sociedad tag-cecilia-del-rayo-vargas-chacon tag-desayuno-empresarial tag-hidalgo tag-paola-cruz tag-redmuem tag-silvino-lopez-tovar\">\n\n<div class=\"wp-block-columns are-vertically-aligned-center is-layout-flex wp-container-core-columns-is-layout-9d6595d7 wp-block-columns-is-layout-flex\">\n<div class=\"wp-block-column is-vertically-aligned-center is-layout-flow wp-block-column-is-layout-flow\" style=\"flex-basis:25%\"><figure class=\"wp-block-post-featured-image\"><a href=\"https:\/\/revistaacropolis.com\/index.php\/redmuem-hidalgo-fortalece-su-comunidad-empresarial-en-desayuno-exclusivo\/sociedad\/\" target=\"_self\"  ><img fetchpriority=\"high\" decoding=\"async\" width=\"2049\" height=\"1152\" src=\"https:\/\/revistaacropolis.com\/wp-content\/uploads\/2026\/04\/Portadas-Paginas-web-2026-04-30T125532.404.png\" class=\"attachment-post-thumbnail size-post-thumbnail wp-post-image\" alt=\"Redmuem Hidalgo fortalece su comunidad empresarial en desayuno exclusivo\" style=\"object-fit:cover;\" srcset=\"https:\/\/revistaacropolis.com\/wp-content\/uploads\/2026\/04\/Portadas-Paginas-web-2026-04-30T125532.404.png 2049w, https:\/\/revistaacropolis.com\/wp-content\/uploads\/2026\/04\/Portadas-Paginas-web-2026-04-30T125532.404-300x169.png 300w, https:\/\/revistaacropolis.com\/wp-content\/uploads\/2026\/04\/Portadas-Paginas-web-2026-04-30T125532.404-1024x576.png 1024w, https:\/\/revistaacropolis.com\/wp-content\/uploads\/2026\/04\/Portadas-Paginas-web-2026-04-30T125532.404-768x432.png 768w, https:\/\/revistaacropolis.com\/wp-content\/uploads\/2026\/04\/Portadas-Paginas-web-2026-04-30T125532.404-1536x864.png 1536w, https:\/\/revistaacropolis.com\/wp-content\/uploads\/2026\/04\/Portadas-Paginas-web-2026-04-30T125532.404-600x337.png 600w\" sizes=\"(max-width: 2049px) 100vw, 2049px\" \/><\/a><\/figure><\/div>\n\n\n\n<div class=\"wp-block-column is-vertically-aligned-center is-layout-flow wp-block-column-is-layout-flow\" style=\"flex-basis:75%\"><h2 class=\"wp-block-post-title has-small-font-size\"><a href=\"https:\/\/revistaacropolis.com\/index.php\/redmuem-hidalgo-fortalece-su-comunidad-empresarial-en-desayuno-exclusivo\/sociedad\/\" target=\"_self\" >Redmuem Hidalgo fortalece su comunidad empresarial en desayuno exclusivo<\/a><\/h2><\/div>\n<\/div>\n\n<\/li><li class=\"wp-block-post post-23402 post type-post status-publish format-standard has-post-thumbnail hentry category-sociedad tag-cristhian-martinez tag-feria-del-helado-artesanal-2026 tag-hidalgo tag-tula-de-allende tag-turismo\">\n\n<div class=\"wp-block-columns are-vertically-aligned-center is-layout-flex wp-container-core-columns-is-layout-9d6595d7 wp-block-columns-is-layout-flex\">\n<div class=\"wp-block-column is-vertically-aligned-center is-layout-flow wp-block-column-is-layout-flow\" style=\"flex-basis:25%\"><figure class=\"wp-block-post-featured-image\"><a href=\"https:\/\/revistaacropolis.com\/index.php\/impulsa-cristhian-martinez-el-turismo-la-cultura-y-la-gastronomia-con-la-feria-del-helado-artesanal-2026\/sociedad\/\" target=\"_self\"  ><img decoding=\"async\" width=\"2049\" height=\"1152\" src=\"https:\/\/revistaacropolis.com\/wp-content\/uploads\/2026\/04\/Portadas-Paginas-web-2026-04-29T124657.299.png\" class=\"attachment-post-thumbnail size-post-thumbnail wp-post-image\" alt=\"Impulsa Cristhian Mart\u00ednez el turismo, la cultura y la gastronom\u00eda con la Feria del Helado Artesanal 2026\" style=\"object-fit:cover;\" srcset=\"https:\/\/revistaacropolis.com\/wp-content\/uploads\/2026\/04\/Portadas-Paginas-web-2026-04-29T124657.299.png 2049w, https:\/\/revistaacropolis.com\/wp-content\/uploads\/2026\/04\/Portadas-Paginas-web-2026-04-29T124657.299-300x169.png 300w, https:\/\/revistaacropolis.com\/wp-content\/uploads\/2026\/04\/Portadas-Paginas-web-2026-04-29T124657.299-1024x576.png 1024w, https:\/\/revistaacropolis.com\/wp-content\/uploads\/2026\/04\/Portadas-Paginas-web-2026-04-29T124657.299-768x432.png 768w, https:\/\/revistaacropolis.com\/wp-content\/uploads\/2026\/04\/Portadas-Paginas-web-2026-04-29T124657.299-1536x864.png 1536w, https:\/\/revistaacropolis.com\/wp-content\/uploads\/2026\/04\/Portadas-Paginas-web-2026-04-29T124657.299-600x337.png 600w\" sizes=\"(max-width: 2049px) 100vw, 2049px\" \/><\/a><\/figure><\/div>\n\n\n\n<div class=\"wp-block-column is-vertically-aligned-center is-layout-flow wp-block-column-is-layout-flow\" style=\"flex-basis:75%\"><h2 class=\"wp-block-post-title has-small-font-size\"><a href=\"https:\/\/revistaacropolis.com\/index.php\/impulsa-cristhian-martinez-el-turismo-la-cultura-y-la-gastronomia-con-la-feria-del-helado-artesanal-2026\/sociedad\/\" target=\"_self\" >Impulsa Cristhian Mart\u00ednez el turismo, la cultura y la gastronom\u00eda con la Feria del Helado Artesanal 2026<\/a><\/h2><\/div>\n<\/div>\n\n<\/li><\/ul><\/div>\n\n\n\n<p>En 2019, cuando inici\u00f3 la obra, se llev\u00f3 a cabo la construcci\u00f3n de 80 camas mortuorias, osteoteca, oficinas, parte del muro perimetral, bodega, caseta y las rejas del inmueble, cuyo costo fue de <strong>6 millones 219 mil 863.84 pesos <\/strong>(NOR-2019-LP-FASPH-SOPOT-PGJEH-SP-005).<\/p>\n\n\n\n<p>Por lo que en total suman <strong>13 millones 558 mil 317 pesos invertidos en este proyecto que inici\u00f3 en 2019 y a\u00fan no ha sido concluido.<\/strong><\/p>\n","protected":false},"excerpt":{"rendered":"<p>En marzo la Procuradur\u00eda General de Justicia del Estado de Hidalgo (PGJEH) empezar\u00e1 a revelar la informaci\u00f3n de los restos y cuerpos humanos sin identificar que tienen resguardados en los&hellip; <\/p>\n","protected":false},"author":4,"featured_media":1149,"comment_status":"closed","ping_status":"closed","sticky":false,"template":"","format":"standard","meta":{"two_page_speed":[],"_joinchat":[],"footnotes":""},"categories":[1,57],"tags":[87,175,275],"class_list":["post-1146","post","type-post","status-publish","format-standard","has-post-thumbnail","hentry","category-politica","category-sociedad","tag-desaparecidos","tag-pgjh","tag-semefo"],"_links":{"self":[{"href":"https:\/\/revistaacropolis.com\/index.php\/wp-json\/wp\/v2\/posts\/1146","targetHints":{"allow":["GET"]}}],"collection":[{"href":"https:\/\/revistaacropolis.com\/index.php\/wp-json\/wp\/v2\/posts"}],"about":[{"href":"https:\/\/revistaacropolis.com\/index.php\/wp-json\/wp\/v2\/types\/post"}],"author":[{"embeddable":true,"href":"https:\/\/revistaacropolis.com\/index.php\/wp-json\/wp\/v2\/users\/4"}],"replies":[{"embeddable":true,"href":"https:\/\/revistaacropolis.com\/index.php\/wp-json\/wp\/v2\/comments?post=1146"}],"version-history":[{"count":2,"href":"https:\/\/revistaacropolis.com\/index.php\/wp-json\/wp\/v2\/posts\/1146\/revisions"}],"predecessor-version":[{"id":1168,"href":"https:\/\/revistaacropolis.com\/index.php\/wp-json\/wp\/v2\/posts\/1146\/revisions\/1168"}],"wp:featuredmedia":[{"embeddable":true,"href":"https:\/\/revistaacropolis.com\/index.php\/wp-json\/wp\/v2\/media\/1149"}],"wp:attachment":[{"href":"https:\/\/revistaacropolis.com\/index.php\/wp-json\/wp\/v2\/media?parent=1146"}],"wp:term":[{"taxonomy":"category","embeddable":true,"href":"https:\/\/revistaacropolis.com\/index.php\/wp-json\/wp\/v2\/categories?post=1146"},{"taxonomy":"post_tag","embeddable":true,"href":"https:\/\/revistaacropolis.com\/index.php\/wp-json\/wp\/v2\/tags?post=1146"}],"curies":[{"name":"wp","href":"https:\/\/api.w.org\/{rel}","templated":true}]}}