{"id":11512,"date":"2023-12-27T22:26:05","date_gmt":"2023-12-27T22:26:05","guid":{"rendered":"https:\/\/revistaacropolis.com\/?p=11512"},"modified":"2023-12-27T22:26:17","modified_gmt":"2023-12-27T22:26:17","slug":"cuesta-proyecto-y-estudio-para-remodelar-plaza-independencia-8-2-mdp","status":"publish","type":"post","link":"https:\/\/revistaacropolis.com\/index.php\/cuesta-proyecto-y-estudio-para-remodelar-plaza-independencia-8-2-mdp\/politica\/","title":{"rendered":"Cuesta proyecto y estudio para remodelar plaza Independencia 8.2 mdp"},"content":{"rendered":"\n<p><strong>El proyecto y estudio para la remodelaci\u00f3n de la Plaza Independencia tendr\u00e1 un costo general de 8.2 millones de pesos, mismo que se adjudic\u00f3 a Christopher Magloire Ortiz Vidal como proveedor de este servicio, de acuerdo con el fallo de la licitaci\u00f3n p\u00fablica EO-SIPDUS-N486-2023.<\/strong><\/p>\n\n\n\n<p><strong>Con el trabajo contratado, la Secretar\u00eda de Infraestructura P\u00fablica y Desarrollo Urbano Sostenible (Sipidus) pretende tener las bases para una nueva intervenci\u00f3n en la plaza que alberga el Reloj Monumental de Pachuca.<\/strong><\/p>\n\n\n\n<p>Durante el periodo del concurso, seg\u00fan la apertura de proposiciones, hubo dos los interesados en la convocatoria emitida el 11 de diciembre, en v\u00edspera de finalizar 2023.<\/p>\n\n\n\n<p><strong>Constructora Conaso SA de CV present\u00f3 una propuesta econ\u00f3mica por 7 millones 166 mil 291 pesos, mientras que Christopher Magloire Ortiz Vidal solicit\u00f3 7 millones 86 mil 427 pesos.<\/strong><\/p>\n\n\n\n<p>De entre ambas proposiciones, la ganadora fue la menos costosa, misma que al sumarle el IVA asciende a 8 millones 220 mil 255 pesos por la realizaci\u00f3n de los trabajos.<\/p>\n\n\n\n<figure class=\"wp-block-pullquote\"><blockquote><p>El licitante aqu\u00ed seleccionado se obliga a firmar el contrato y dem\u00e1s documentos que sean necesarios hasta por la cantidad de: $8&#8217;220.255,54 (ocho millones doscientos veinte mil doscientos cincuenta y cinco pesos 54\/00 M.N.) la cual incluye el 16% del impuesto al valor agregado\u201d, refiere el fallo.<\/p><\/blockquote><\/figure>\n\n\n\n<p>Despu\u00e9s de determinar el fallo del concurso se estableci\u00f3 como plazo de ejecuci\u00f3n de los trabajos un periodo de 51 d\u00edas naturales, mismos que comenzar\u00e1n a correr a partir del pr\u00f3ximo 10 de enero de 2024.<\/p>\n\n\n\n<p><strong>Dentro de las bases del proyecto se contemplan cuatro componentes a tratar dentro de esta explanada p\u00fablica: dise\u00f1o conceptual, dise\u00f1o preliminar, dise\u00f1o b\u00e1sico y dise\u00f1o para la edificaci\u00f3n.<\/strong> Estos a su vez se subdividen en diversas propuestas y acciones que se tendr\u00e1n que ejercer para el proyecto concluido.<\/p>\n\n\n\n<p>El dise\u00f1o conceptual, que es la memoria expositiva del concepto que se requiere seg\u00fan la informaci\u00f3n recabada, comprende del levantamiento topogr\u00e1fico, arquitect\u00f3nico, de infraestructura, estudio de mec\u00e1nica de suelos y an\u00e1lisis de la estructura y el diagn\u00f3stico estructural.<\/p>\n\n\n\n<p>El dise\u00f1o preliminar, defendido como la \u201cexposici\u00f3n de los aspectos fundamentales de las caracter\u00edsticas generales del encargo, funcionales, formales, constructivas, al objeto de proporcionar una primera imagen global del encargo\u201d, considera la memoria expositiva y el anteproyecto.<\/p>\n\n\n\n<p>Mientras que del dise\u00f1o b\u00e1sico, que contempla la revisi\u00f3n sobre el estricto cumplimiento de los reglamentos y normas t\u00e9cnicas complementarias, en los \u00f3rdenes estatales y municipales, pero insuficientes para llevar a cabo la construcci\u00f3n sobre el estricto cumplimiento de las normas t\u00e9cnicas, se solicita la memoria descriptiva y el proyecto b\u00e1sico.<\/p>\n\n\n\n<p><strong>Asimismo, el dise\u00f1o para la edificaci\u00f3n se expone como la determinaci\u00f3n completa de detalles y especificaciones de todos los materiales, sistemas constructivos y equipos fijo.<\/strong> Se compone de la memoria descriptiva de intervenci\u00f3n, dise\u00f1o estructural, dise\u00f1o el\u00e9ctrico y de iluminaci\u00f3n, dise\u00f1o hidro-sanitario y dise\u00f1o de Instalaciones especiales, dise\u00f1o arquitect\u00f3nico y paisaj\u00edstico fundamentados en criterios sustentables y dise\u00f1o de equipamiento urbano para una superficie aproximada de 8 mil 228.87 metros cuadrados.<\/p>\n","protected":false},"excerpt":{"rendered":"<p>El proyecto y estudio para la remodelaci\u00f3n de la Plaza Independencia tendr\u00e1 un costo general de 8.2 millones de pesos, mismo que se adjudic\u00f3 a Christopher Magloire Ortiz Vidal como&hellip; <\/p>\n","protected":false},"author":4,"featured_media":11513,"comment_status":"closed","ping_status":"closed","sticky":false,"template":"","format":"standard","meta":{"two_page_speed":[],"_joinchat":[],"footnotes":""},"categories":[1],"tags":[],"class_list":["post-11512","post","type-post","status-publish","format-standard","has-post-thumbnail","hentry","category-politica"],"_links":{"self":[{"href":"https:\/\/revistaacropolis.com\/index.php\/wp-json\/wp\/v2\/posts\/11512","targetHints":{"allow":["GET"]}}],"collection":[{"href":"https:\/\/revistaacropolis.com\/index.php\/wp-json\/wp\/v2\/posts"}],"about":[{"href":"https:\/\/revistaacropolis.com\/index.php\/wp-json\/wp\/v2\/types\/post"}],"author":[{"embeddable":true,"href":"https:\/\/revistaacropolis.com\/index.php\/wp-json\/wp\/v2\/users\/4"}],"replies":[{"embeddable":true,"href":"https:\/\/revistaacropolis.com\/index.php\/wp-json\/wp\/v2\/comments?post=11512"}],"version-history":[{"count":1,"href":"https:\/\/revistaacropolis.com\/index.php\/wp-json\/wp\/v2\/posts\/11512\/revisions"}],"predecessor-version":[{"id":11514,"href":"https:\/\/revistaacropolis.com\/index.php\/wp-json\/wp\/v2\/posts\/11512\/revisions\/11514"}],"wp:featuredmedia":[{"embeddable":true,"href":"https:\/\/revistaacropolis.com\/index.php\/wp-json\/wp\/v2\/media\/11513"}],"wp:attachment":[{"href":"https:\/\/revistaacropolis.com\/index.php\/wp-json\/wp\/v2\/media?parent=11512"}],"wp:term":[{"taxonomy":"category","embeddable":true,"href":"https:\/\/revistaacropolis.com\/index.php\/wp-json\/wp\/v2\/categories?post=11512"},{"taxonomy":"post_tag","embeddable":true,"href":"https:\/\/revistaacropolis.com\/index.php\/wp-json\/wp\/v2\/tags?post=11512"}],"curies":[{"name":"wp","href":"https:\/\/api.w.org\/{rel}","templated":true}]}}