{"id":11672,"date":"2024-01-09T23:34:12","date_gmt":"2024-01-09T23:34:12","guid":{"rendered":"https:\/\/revistaacropolis.com\/?p=11672"},"modified":"2024-01-09T23:34:24","modified_gmt":"2024-01-09T23:34:24","slug":"comunidad-indigena-de-san-ildefonso-mejora-sus-calles-con-el-programa-unidos-construimos-implementado-por-el-gobierno-de-tepeji","status":"publish","type":"post","link":"https:\/\/revistaacropolis.com\/index.php\/comunidad-indigena-de-san-ildefonso-mejora-sus-calles-con-el-programa-unidos-construimos-implementado-por-el-gobierno-de-tepeji\/sociedad\/comunicados\/","title":{"rendered":"Comunidad ind\u00edgena de San Ildefonso mejora sus calles con el programa Unidos Construimos implementado por el gobierno de Tepeji."},"content":{"rendered":"\n<p>Bajo el esquema de trabajar de manera coordinada sociedad y gobierno para la mejora de la calidad de vida de la poblaci\u00f3n, en Tepeji se implement\u00f3 el programa \u201cUnidos Construimos\u201d con el cual la administraci\u00f3n encabezada por el alcalde Salvador Jim\u00e9nez Calzadilla otorga cemento a las colonias y comunidades para ser aplicado en obras de beneficio com\u00fan como lo son pavimentaciones, construcciones de muros de contenci\u00f3n, entre otras; fueron inauguradas 6 obras m\u00e1s en la comunidad ind\u00edgena de San Ildefonso, en las que los beneficiarios aportaron arena, grava y la mano de obra a la cual se han sumado a las faenas el presidente municipal e integrantes de su gabinete.<\/p>\n\n\n\n<figure class=\"wp-block-image size-large\"><img fetchpriority=\"high\" decoding=\"async\" width=\"1024\" height=\"683\" src=\"https:\/\/revistaacropolis.com\/wp-content\/uploads\/2024\/01\/B8FEAD9D-923D-4CAA-99BB-BE4F459C5A23-1024x683.jpeg\" alt=\"\" class=\"wp-image-11673\" srcset=\"https:\/\/revistaacropolis.com\/wp-content\/uploads\/2024\/01\/B8FEAD9D-923D-4CAA-99BB-BE4F459C5A23-1024x683.jpeg 1024w, https:\/\/revistaacropolis.com\/wp-content\/uploads\/2024\/01\/B8FEAD9D-923D-4CAA-99BB-BE4F459C5A23-300x200.jpeg 300w, https:\/\/revistaacropolis.com\/wp-content\/uploads\/2024\/01\/B8FEAD9D-923D-4CAA-99BB-BE4F459C5A23-768x512.jpeg 768w, https:\/\/revistaacropolis.com\/wp-content\/uploads\/2024\/01\/B8FEAD9D-923D-4CAA-99BB-BE4F459C5A23-1536x1024.jpeg 1536w, https:\/\/revistaacropolis.com\/wp-content\/uploads\/2024\/01\/B8FEAD9D-923D-4CAA-99BB-BE4F459C5A23-600x400.jpeg 600w, https:\/\/revistaacropolis.com\/wp-content\/uploads\/2024\/01\/B8FEAD9D-923D-4CAA-99BB-BE4F459C5A23.jpeg 1620w\" sizes=\"(max-width: 1024px) 100vw, 1024px\" \/><\/figure>\n\n\n\n<p>Durante el recorrido de inauguraciones, los pobladores agradecieron el inter\u00e9s que ha mostrado el actual gobierno por la comunidad, reconocieron el trabajo que el alcalde Salvador Jim\u00e9nez ha realizado en su municipio \u201cning\u00fan presidente hab\u00eda venido tantas veces a la comunidad y mucho menos a trabajar con nosotros\u201d afirmaron y refrendaron su compromiso de continuar trabajando de manera unida en beneficio del desarrollo de la comunidad.<\/p>\n\n\n\n<p>Por su parte el alcalde Salvador Jim\u00e9nez reconoci\u00f3 el trabajo de los pobladores, afirm\u00f3 que a trav\u00e9s de las faenas no solo se han construido calles, sino tambi\u00e9n se ha fortalecido la convivencia entre vecinos \u201ceso es lo que realmente vale que dejamos de lado las diferencias que se pudieran tener por un objetivo en com\u00fan, transformas las calles y ahora entre todos se unen para las faenas, para llevar alimentos para convivir; eso es lo que realmente le da valor a estas calles y a su comunidad que es ejemplo en el municipio el cual ya ha sido replicado en m\u00e1s comunidades\u201d por lo que asegur\u00f3 que este a\u00f1o su gobierno licitar\u00e1 m\u00e1s cemento para continuar apoyando a las colonias y comunidades que deseen trabajar y mejorar sus calles.<\/p>\n\n\n\n<p>En total fueron 6 calles en las que se realiz\u00f3 el tradicional corte de list\u00f3n en esta comunidad por parte del alcalde, los vecinos y funcionarios municipales.<\/p>\n","protected":false},"excerpt":{"rendered":"<p>Bajo el esquema de trabajar de manera coordinada sociedad y gobierno para la mejora de la calidad de vida de la poblaci\u00f3n, en Tepeji se implement\u00f3 el programa \u201cUnidos Construimos\u201d&hellip; <\/p>\n","protected":false},"author":4,"featured_media":11674,"comment_status":"closed","ping_status":"closed","sticky":false,"template":"","format":"standard","meta":{"two_page_speed":[],"_joinchat":[],"footnotes":""},"categories":[86],"tags":[],"class_list":["post-11672","post","type-post","status-publish","format-standard","has-post-thumbnail","hentry","category-comunicados"],"_links":{"self":[{"href":"https:\/\/revistaacropolis.com\/index.php\/wp-json\/wp\/v2\/posts\/11672","targetHints":{"allow":["GET"]}}],"collection":[{"href":"https:\/\/revistaacropolis.com\/index.php\/wp-json\/wp\/v2\/posts"}],"about":[{"href":"https:\/\/revistaacropolis.com\/index.php\/wp-json\/wp\/v2\/types\/post"}],"author":[{"embeddable":true,"href":"https:\/\/revistaacropolis.com\/index.php\/wp-json\/wp\/v2\/users\/4"}],"replies":[{"embeddable":true,"href":"https:\/\/revistaacropolis.com\/index.php\/wp-json\/wp\/v2\/comments?post=11672"}],"version-history":[{"count":1,"href":"https:\/\/revistaacropolis.com\/index.php\/wp-json\/wp\/v2\/posts\/11672\/revisions"}],"predecessor-version":[{"id":11675,"href":"https:\/\/revistaacropolis.com\/index.php\/wp-json\/wp\/v2\/posts\/11672\/revisions\/11675"}],"wp:featuredmedia":[{"embeddable":true,"href":"https:\/\/revistaacropolis.com\/index.php\/wp-json\/wp\/v2\/media\/11674"}],"wp:attachment":[{"href":"https:\/\/revistaacropolis.com\/index.php\/wp-json\/wp\/v2\/media?parent=11672"}],"wp:term":[{"taxonomy":"category","embeddable":true,"href":"https:\/\/revistaacropolis.com\/index.php\/wp-json\/wp\/v2\/categories?post=11672"},{"taxonomy":"post_tag","embeddable":true,"href":"https:\/\/revistaacropolis.com\/index.php\/wp-json\/wp\/v2\/tags?post=11672"}],"curies":[{"name":"wp","href":"https:\/\/api.w.org\/{rel}","templated":true}]}}