{"id":11793,"date":"2024-01-15T14:44:46","date_gmt":"2024-01-15T14:44:46","guid":{"rendered":"https:\/\/revistaacropolis.com\/?p=11793"},"modified":"2024-01-15T14:44:49","modified_gmt":"2024-01-15T14:44:49","slug":"asume-naranjo-hoy-despacho-de-sebiso-tambien-encargado-de-pgjh-menchaca","status":"publish","type":"post","link":"https:\/\/revistaacropolis.com\/index.php\/asume-naranjo-hoy-despacho-de-sebiso-tambien-encargado-de-pgjh-menchaca\/politica\/","title":{"rendered":"Asume Naranjo hoy despacho de Sebiso; tambi\u00e9n encargado de PGJH: Menchaca"},"content":{"rendered":"\n<p><strong>A partir de este 15 de enero Fernando \u00c1ngel Fern\u00e1ndez Hasbun y Neyda Naranjo Baltazar asumir\u00e1n las encargadur\u00edas de despacho de la Procuradur\u00eda General de Justicia de Hidalgo (PGJH) y la Secretar\u00eda de Bienestar e Inclusi\u00f3n Social (Sebiso), respectivamente, indic\u00f3 el gobernador Julio Menchaca Salazar.<\/strong><\/p>\n\n\n\n<p>Este d\u00eda se har\u00e1n efectivas las renuncias de Santiago Nieto Castillo y de Sandra Simey Olvera Bautista a los encargos que asumieron desde el principio de la actual administraci\u00f3n en septiembre de 2022 (en PGJH y Sebiso), pues contendr\u00e1n por una senadur\u00eda por Quer\u00e9taro e Hidalgo, respectivamente.<\/p>\n\n\n\n<p>Para el caso de la PGJH, la semana pasada se confirm\u00f3 que Fern\u00e1ndez Hasbun, subprocurador de Delitos de G\u00e9nero, Desaparici\u00f3n de Personas e impacto Social, se encargar\u00eda de la instituci\u00f3n, mientras que en entrevista el gobernador ayer indic\u00f3 que Naranjo Baltazar, subsecretaria de Desarrollo Social y Humano, har\u00e1 lo propio en Sebiso.<\/p>\n\n\n\n<p><strong>En el caso de Tania Meza Escorza y Mar\u00eda Zorayda Robles Barrera, titulares de Cultura y Salud de la entidad,<\/strong> reiter\u00f3 que sus renuncias tendr\u00e1n efecto sj las encuestas las favorecen y obtienen las candidaturas para las que se registraron, las cuales no especific\u00f3.<\/p>\n\n\n\n<p>Tras cuestionarle cu\u00e1ntos funcionarios m\u00e1s de su gabinete principal y ampliado<br>se ir\u00edan para contener este 2024, mantuvo el mismo sigilo que desde hace un par de meses para evitar confirmarlo y solamente referir que son varios.<\/p>\n\n\n\n<figure class=\"wp-block-pullquote\"><blockquote><p>Se inscribieron varios y no depende de m\u00ed, depende de c\u00f3mo les va y deseo que les vaya bien, son buenas personas, mujeres y hombres comprometidos con el trabajo, ya sea desde un cargo de elecci\u00f3n popular o siguiendo trabajando en el Poder Ejecutivo\u201d, contest\u00f3.<\/p><\/blockquote><\/figure>\n\n\n\n<p>Para el proceso electoral que est\u00e1 en marcha, asegur\u00f3 que no habr\u00e1 intervenci\u00f3n de su gobierno, pues se dijo respetuoso de las normativas que marca la ley.<\/p>\n\n\n\n<p>No obstante, pidi\u00f3 no confundir que la veda electoral signifique inamovilidad, pues el gobierno seguir\u00e1 trabajando, aunque se limitar\u00e1 la publicidad y la exposici\u00f3n medi\u00e1tica.<\/p>\n\n\n\n<h3 class=\"wp-block-heading\">ABUCHEOS A OCHOA<\/h3>\n\n\n\n<p>Ante el escenario de los abucheos de militantes contra el precandidato de Morena al Senado por Hidalgo, Cuauht\u00e9moc Ochoa Fern\u00e1ndez, en los m\u00edtines de ayer de la aspirante presidencial Claudia Sheinbaum Pardo, Menchaca Salazar consider\u00f3 que se trata de un asunto de libertad de expresi\u00f3n que se respeta dentro del movimiento y Morena.<\/p>\n\n\n\n<figure class=\"wp-block-pullquote\"><blockquote><p>Es una situaci\u00f3n del partido, a ver, el menos indicado para hacer alguna cr\u00edtica a los procesos soy yo, soy producto de dos encuestas, entonces no me corresponde a m\u00ed eso\u201d, manifest\u00f3.<\/p><\/blockquote><\/figure>\n\n\n\n<p>\u201cAqu\u00ed hay una libre expresi\u00f3n y son testigo de ello, en el transcurso de este evento hubo voces cr\u00edticas, hasta con un meg\u00e1fono ah\u00ed haciendo una referencia, eso se vale aqu\u00ed\u201d, puntualiz\u00f3 el mandatario, contrario a como se hac\u00eda en otros tiempos y otros partidos, asever\u00f3.<\/p>\n\n\n\n<p>Antes -dijo- hubiera sido motivo de \u201cque lo estuvieran invitando a la salida los que se expresaban de una manera distinta con mantas o con otras cosas\u201d.<\/p>\n\n\n\n<p><strong>Respecto a Grupo Universidad, contra quien tambi\u00e9n existen pronunciamientos dentro de Morena,<\/strong> se limit\u00f3 a mencionar que le desea lo mejor a la Universidad Aut\u00f3noma del Estado de Hidalgo (UAEH) y a la comunidad universitaria y que respeta cada una de \u201clas expresiones pol\u00edticas\u201d.<\/p>\n","protected":false},"excerpt":{"rendered":"<p>A partir de este 15 de enero Fernando \u00c1ngel Fern\u00e1ndez Hasbun y Neyda Naranjo Baltazar asumir\u00e1n las encargadur\u00edas de despacho de la Procuradur\u00eda General de Justicia de Hidalgo (PGJH) y&hellip; <\/p>\n","protected":false},"author":4,"featured_media":11794,"comment_status":"closed","ping_status":"closed","sticky":false,"template":"","format":"standard","meta":{"two_page_speed":[],"_joinchat":[],"footnotes":""},"categories":[1],"tags":[],"class_list":["post-11793","post","type-post","status-publish","format-standard","has-post-thumbnail","hentry","category-politica"],"_links":{"self":[{"href":"https:\/\/revistaacropolis.com\/index.php\/wp-json\/wp\/v2\/posts\/11793","targetHints":{"allow":["GET"]}}],"collection":[{"href":"https:\/\/revistaacropolis.com\/index.php\/wp-json\/wp\/v2\/posts"}],"about":[{"href":"https:\/\/revistaacropolis.com\/index.php\/wp-json\/wp\/v2\/types\/post"}],"author":[{"embeddable":true,"href":"https:\/\/revistaacropolis.com\/index.php\/wp-json\/wp\/v2\/users\/4"}],"replies":[{"embeddable":true,"href":"https:\/\/revistaacropolis.com\/index.php\/wp-json\/wp\/v2\/comments?post=11793"}],"version-history":[{"count":1,"href":"https:\/\/revistaacropolis.com\/index.php\/wp-json\/wp\/v2\/posts\/11793\/revisions"}],"predecessor-version":[{"id":11795,"href":"https:\/\/revistaacropolis.com\/index.php\/wp-json\/wp\/v2\/posts\/11793\/revisions\/11795"}],"wp:featuredmedia":[{"embeddable":true,"href":"https:\/\/revistaacropolis.com\/index.php\/wp-json\/wp\/v2\/media\/11794"}],"wp:attachment":[{"href":"https:\/\/revistaacropolis.com\/index.php\/wp-json\/wp\/v2\/media?parent=11793"}],"wp:term":[{"taxonomy":"category","embeddable":true,"href":"https:\/\/revistaacropolis.com\/index.php\/wp-json\/wp\/v2\/categories?post=11793"},{"taxonomy":"post_tag","embeddable":true,"href":"https:\/\/revistaacropolis.com\/index.php\/wp-json\/wp\/v2\/tags?post=11793"}],"curies":[{"name":"wp","href":"https:\/\/api.w.org\/{rel}","templated":true}]}}