{"id":11818,"date":"2024-01-16T04:01:22","date_gmt":"2024-01-16T04:01:22","guid":{"rendered":"https:\/\/revistaacropolis.com\/?p=11818"},"modified":"2024-01-16T05:14:37","modified_gmt":"2024-01-16T05:14:37","slug":"busca-francisco-olvera-candidatura-por-diputacion-federal","status":"publish","type":"post","link":"https:\/\/revistaacropolis.com\/index.php\/busca-francisco-olvera-candidatura-por-diputacion-federal\/politica\/","title":{"rendered":"Busca Francisco Olvera candidatura por diputaci\u00f3n federal"},"content":{"rendered":"\n<p>El exgobernador de Hidalgo <strong>Jos\u00e9 Francisco Olvera Ruiz confirm\u00f3 su intenci\u00f3n de competir por el distrito 6 federal<\/strong>, que concierne a Pachuca de Soto en la contienda electoral de 2024.<\/p>\n\n\n\n<p>Mediante su cuenta oficial de Facebook, el exmandatario del Partido Revolucionario Institucional (PRI) inform\u00f3 que pretende regresar a una campa\u00f1a electoral, escenario que tuvo por \u00faltima vez en 2010, hace poco m\u00e1s de 13 a\u00f1os.<\/p>\n\n\n\n<figure class=\"wp-block-pullquote\"><blockquote><p>Me complace informarles que he decidido participar en el proceso interno del PRI para buscar la candidatura por el sexto Distrito Federal, con cabecera en Pachuca. Por esto, invito cordialmente a nuestra leal militancia a que nos acompa\u00f1e en el registro este mi\u00e9rcoles 17 de enero\u201d, manifest\u00f3.<\/p><\/blockquote><\/figure>\n\n\n\n<figure class=\"wp-block-image size-full\"><img fetchpriority=\"high\" decoding=\"async\" width=\"1023\" height=\"580\" src=\"https:\/\/revistaacropolis.com\/wp-content\/uploads\/2024\/01\/image-12.png\" alt=\"\" class=\"wp-image-11819\" srcset=\"https:\/\/revistaacropolis.com\/wp-content\/uploads\/2024\/01\/image-12.png 1023w, https:\/\/revistaacropolis.com\/wp-content\/uploads\/2024\/01\/image-12-300x170.png 300w, https:\/\/revistaacropolis.com\/wp-content\/uploads\/2024\/01\/image-12-768x435.png 768w, https:\/\/revistaacropolis.com\/wp-content\/uploads\/2024\/01\/image-12-600x340.png 600w\" sizes=\"(max-width: 1023px) 100vw, 1023px\" \/><\/figure>\n\n\n\n<p>Esto se da tras la emisi\u00f3n de la convocatoria oficial que hizo el PRI Hidalgo, el cual habilitar\u00e1 el pr\u00f3ximo mi\u00e9rcoles 17 de enero la sesi\u00f3n del \u00f3rgano auxiliar de la Comisi\u00f3n Nacional de Proceso Internos para el registro de precandidaturas al Senado de la rep\u00fablica y la C\u00e1mara de Diputados federal.<\/p>\n\n\n<p><iframe style=\"border: none; overflow: hidden;\" src=\"https:\/\/www.facebook.com\/plugins\/post.php?href=https%3A%2F%2Fwww.facebook.com%2Fpermalink.php%3Fstory_fbid%3Dpfbid02Ruoz1WmFuownD27xT14zaZ4pJzuRcMGFEp4jdg5VXpe8RPxvMJVKbeVRefPBYS9kl%26id%3D100063638143775&amp;show_text=true&amp;width=500\" width=\"500\" height=\"699\" frameborder=\"0\" scrolling=\"no\" allowfullscreen=\"allowfullscreen\"><\/iframe><\/p>\n\n\n<p>Los registros se realizar\u00e1n de las 11:00 a las 14:00 horas en las instalaciones del Comit\u00e9 Directivo Estatal (CDE) tricolor, que se encuentra sobre bulevar Luis Donaldo Colosio de Pachuca<\/p>\n\n\n\n<p><strong>Olvera Ruiz contendi\u00f3 contra X\u00f3chitl G\u00e1lvez Ruiz (ahora precandidata presidencial) por la gubernatura en 2010 y result\u00f3 electo para periodo del 1 de abril de 2011 al 4 de septiembre de 2016.<\/strong><\/p>\n\n\n\n<p>Previamente se desempe\u00f1\u00f3 como alcalde de Pachuca, cargo en el que estuvo del 16 de enero de 2009 al 31 de marzo de 2010. Tambi\u00e9n ocup\u00f3 una curul en el Congreso de Hidalgo. Del primero de abril de 2002 al 31 de marzo de 2005.<\/p>\n\n\n\n<p>Tras dejar Hidalgo, <strong>Olvera Ruiz se desempe\u00f1\u00f3 como presidente del PRI en la Ciudad de M\u00e9xico, cargo que ostent\u00f3 del 18 de diciembre de 2017 al 29 de enero de 2020.<\/strong><\/p>\n\n\n\n<p>En acto del 7 de enero pasado con motivo de la visita G\u00e1lvez Ruiz, precandidata del PRI-PAN-PRD a la presidencia, a Pachuca, el pol\u00edtico presumi\u00f3 ser el \u00fanico exgobernador que no abandon\u00f3 al tricolor, en referencia a su antecesor Miguel \u00c1ngel Osorio Chongo y a su sucesor Omar Fayad Meneses.<\/p>\n\n\n\n<blockquote class=\"wp-block-quote is-layout-flow wp-block-quote-is-layout-flow\">\n<p>Hay un viejo dicho en Hidalgo: el que respira, aspira. Uno tiene tanto el derecho como la posibilidad de aspirar, pero depende de las circunstancias\u201d, dijo.<br>Descart\u00f3 ir por el Senado, pero abierta la posibilidad de tener alguna otra postulaci\u00f3n por parte del PRI para la contienda electoral de 2024.<\/p>\n<\/blockquote>\n\n\n\n<p>\u201cPara senador no ser\u00eda, no hay la posibilidad ni la capacidad ahora para recorrer el estado (\u2026), pero a\u00fan cuando sea coordinar, apoyar, yo aspiro a seguir trabajando en el partido y apoyar estas campa\u00f1as\u201d, manifest\u00f3 ese d\u00eda.<\/p>\n","protected":false},"excerpt":{"rendered":"<p>El exgobernador de Hidalgo Jos\u00e9 Francisco Olvera Ruiz confirm\u00f3 su intenci\u00f3n de competir por el distrito 6 federal, que concierne a Pachuca de Soto en la contienda electoral de 2024.&hellip; <\/p>\n","protected":false},"author":4,"featured_media":11819,"comment_status":"closed","ping_status":"closed","sticky":false,"template":"","format":"standard","meta":{"two_page_speed":[],"_joinchat":[],"footnotes":""},"categories":[1],"tags":[2389,2388,122],"class_list":["post-11818","post","type-post","status-publish","format-standard","has-post-thumbnail","hentry","category-politica","tag-diputacion","tag-olvera","tag-pri"],"_links":{"self":[{"href":"https:\/\/revistaacropolis.com\/index.php\/wp-json\/wp\/v2\/posts\/11818","targetHints":{"allow":["GET"]}}],"collection":[{"href":"https:\/\/revistaacropolis.com\/index.php\/wp-json\/wp\/v2\/posts"}],"about":[{"href":"https:\/\/revistaacropolis.com\/index.php\/wp-json\/wp\/v2\/types\/post"}],"author":[{"embeddable":true,"href":"https:\/\/revistaacropolis.com\/index.php\/wp-json\/wp\/v2\/users\/4"}],"replies":[{"embeddable":true,"href":"https:\/\/revistaacropolis.com\/index.php\/wp-json\/wp\/v2\/comments?post=11818"}],"version-history":[{"count":2,"href":"https:\/\/revistaacropolis.com\/index.php\/wp-json\/wp\/v2\/posts\/11818\/revisions"}],"predecessor-version":[{"id":11821,"href":"https:\/\/revistaacropolis.com\/index.php\/wp-json\/wp\/v2\/posts\/11818\/revisions\/11821"}],"wp:featuredmedia":[{"embeddable":true,"href":"https:\/\/revistaacropolis.com\/index.php\/wp-json\/wp\/v2\/media\/11819"}],"wp:attachment":[{"href":"https:\/\/revistaacropolis.com\/index.php\/wp-json\/wp\/v2\/media?parent=11818"}],"wp:term":[{"taxonomy":"category","embeddable":true,"href":"https:\/\/revistaacropolis.com\/index.php\/wp-json\/wp\/v2\/categories?post=11818"},{"taxonomy":"post_tag","embeddable":true,"href":"https:\/\/revistaacropolis.com\/index.php\/wp-json\/wp\/v2\/tags?post=11818"}],"curies":[{"name":"wp","href":"https:\/\/api.w.org\/{rel}","templated":true}]}}