{"id":1187,"date":"2023-02-27T00:59:38","date_gmt":"2023-02-27T00:59:38","guid":{"rendered":"https:\/\/revistaacropolis.com\/?p=1187"},"modified":"2023-02-27T01:27:53","modified_gmt":"2023-02-27T01:27:53","slug":"que-rectifique-scjn-sobre-plan-b-electoral-dice-valera-tras-marcha","status":"publish","type":"post","link":"https:\/\/revistaacropolis.com\/index.php\/que-rectifique-scjn-sobre-plan-b-electoral-dice-valera-tras-marcha\/politica\/","title":{"rendered":"Que rectifique SCJN sobre plan B electoral, dice\u00a0 Valera tras marcha"},"content":{"rendered":"\n<p>Tras <strong>la marcha de este domingo en Pachuca <\/strong>y diversas ciudades del pa\u00eds en la llamada defensa del Instituto Nacional Electoral (INE), <strong>el presidente estatal del Partido Revolucionario Institucional (PRI), Julio Valera Piedras, asever\u00f3 que los opositores al plan B electoral piden que la Suprema Corte de Justicia de la Naci\u00f3n (SCJN) \u201cpueda rectificar\u201d.<\/strong><\/p>\n\n\n\n<p>Afirm\u00f3 que las reformas en materia comicial que se aprobaron en las c\u00e1maras federales solo le \u201cdieron la vuelta\u201d a la reforma constitucional que no alcanz\u00f3 la mayor\u00eda en la C\u00e1mara de Diputados el a\u00f1o pasado.<\/p>\n\n\n\n<blockquote class=\"wp-block-quote is-layout-flow wp-block-quote-is-layout-flow\">\n<p>Lo que no se aprob\u00f3 a trav\u00e9s del Congreso (en una reforma constitucional) debe de esperar a ser discutido nuevamente a profundidad y no darle la vuelta como lo hicieron, ni en fast track (a leyes secundarias), como fue la presentaci\u00f3n, y que le pedimos hoy a la Corte que lo revise a profundidad porque creemos que se debe rectificar en t\u00e9rminos de que han sido impugnada esta reforma secundaria\u201d, expres\u00f3.<\/p>\n<\/blockquote>\n\n\n\n<p>Dijo que no se trata de que el INE se quede igual que como est\u00e1, sino que se discutieran las reformas que se requieran en el \u00f3rgano comicial.<\/p>\n\n\n\n<blockquote class=\"wp-block-quote is-layout-flow wp-block-quote-is-layout-flow\">\n<p>Que se tenga que cambiar lo que se tenga que cambiar, pero que no se modifique nada de lo que estructuralmente es fundamental y es garante de la democracia en que hoy vivimos\u201d, expres\u00f3.<\/p>\n<\/blockquote>\n\n\n\n<p>Tras la aprobaci\u00f3n en el Senado del plan B, consider\u00f3 que no se deben quitar \u201clos organismos que est\u00e1n en los estados (juntas distritales)\u201d ni afectar a los organismos jurisdiccionales: ni los que organizan las elecciones ni los que definen sobre ellas (tribunales).<\/p>\n\n\n\n<p><strong>Asegur\u00f3 que respetar\u00e1n la decisi\u00f3n que la SCJN tome sobre las impugnaciones al plan B electoral promovido por el presidente Andr\u00e9s Manual L\u00f3pez Obrador.<\/strong><\/p>\n\n\n\n<p>Valera Piedras <strong>asever\u00f3 que \u201cgracias a los partidos y todas las fuerzas\u201d se\u00a0 construy\u00f3 una instituci\u00f3n imparcial y democr\u00e1tica que permite que la ciudadan\u00eda sea la que define<\/strong> \u201cqui\u00e9n debe llegar al poder\u201d.<\/p>\n\n\n\n<p>Sostuvo que los gobiernan que hoy emanan de una fuerza pol\u00edtica, en referencia a Morena, llegaron al poder \u201cgracias a esas instituciones democr\u00e1ticas\u201d.&nbsp;<\/p>\n\n\n\n<figure class=\"wp-block-pullquote\"><blockquote><p>Por eso creemos que poder modificarla sustancialmente (la estructura electoral) requiere de la participaci\u00f3n y de escuchar a toda la ciudadan\u00eda\u201d, asever\u00f3.<\/p><\/blockquote><\/figure>\n\n\n\n<p><strong>Indic\u00f3 que \u00e9l asisti\u00f3 a la marcha en su calidad de ciudadano, como presidente del PRI ni legislador.<\/strong><\/p>\n\n\n\n<p>\u201cMuchas personas se reunieron en la misma condici\u00f3n para expresar y defender, sin importar partidos ni ideolog\u00edas a las instituciones\u201d, afirm\u00f3 el diputado local.<\/p>\n","protected":false},"excerpt":{"rendered":"<p>Tras la marcha de este domingo en Pachuca y diversas ciudades del pa\u00eds en la llamada defensa del Instituto Nacional Electoral (INE), el presidente estatal del Partido Revolucionario Institucional (PRI),&hellip; <\/p>\n","protected":false},"author":4,"featured_media":1188,"comment_status":"closed","ping_status":"closed","sticky":false,"template":"","format":"standard","meta":{"two_page_speed":[],"_joinchat":[],"footnotes":""},"categories":[1],"tags":[47,122,277],"class_list":["post-1187","post","type-post","status-publish","format-standard","has-post-thumbnail","hentry","category-politica","tag-ine","tag-pri","tag-scjn"],"_links":{"self":[{"href":"https:\/\/revistaacropolis.com\/index.php\/wp-json\/wp\/v2\/posts\/1187","targetHints":{"allow":["GET"]}}],"collection":[{"href":"https:\/\/revistaacropolis.com\/index.php\/wp-json\/wp\/v2\/posts"}],"about":[{"href":"https:\/\/revistaacropolis.com\/index.php\/wp-json\/wp\/v2\/types\/post"}],"author":[{"embeddable":true,"href":"https:\/\/revistaacropolis.com\/index.php\/wp-json\/wp\/v2\/users\/4"}],"replies":[{"embeddable":true,"href":"https:\/\/revistaacropolis.com\/index.php\/wp-json\/wp\/v2\/comments?post=1187"}],"version-history":[{"count":3,"href":"https:\/\/revistaacropolis.com\/index.php\/wp-json\/wp\/v2\/posts\/1187\/revisions"}],"predecessor-version":[{"id":1192,"href":"https:\/\/revistaacropolis.com\/index.php\/wp-json\/wp\/v2\/posts\/1187\/revisions\/1192"}],"wp:featuredmedia":[{"embeddable":true,"href":"https:\/\/revistaacropolis.com\/index.php\/wp-json\/wp\/v2\/media\/1188"}],"wp:attachment":[{"href":"https:\/\/revistaacropolis.com\/index.php\/wp-json\/wp\/v2\/media?parent=1187"}],"wp:term":[{"taxonomy":"category","embeddable":true,"href":"https:\/\/revistaacropolis.com\/index.php\/wp-json\/wp\/v2\/categories?post=1187"},{"taxonomy":"post_tag","embeddable":true,"href":"https:\/\/revistaacropolis.com\/index.php\/wp-json\/wp\/v2\/tags?post=1187"}],"curies":[{"name":"wp","href":"https:\/\/api.w.org\/{rel}","templated":true}]}}