{"id":11896,"date":"2024-01-18T02:17:08","date_gmt":"2024-01-18T02:17:08","guid":{"rendered":"https:\/\/revistaacropolis.com\/?p=11896"},"modified":"2024-01-18T02:17:20","modified_gmt":"2024-01-18T02:17:20","slug":"quiere-cipriano-charrez-volver-a-contender-por-ixmiquilpan-con-el-pt","status":"publish","type":"post","link":"https:\/\/revistaacropolis.com\/index.php\/quiere-cipriano-charrez-volver-a-contender-por-ixmiquilpan-con-el-pt\/politica\/","title":{"rendered":"Quiere Cipriano Charrez volver a contender por Ixmiquilpan con el PT"},"content":{"rendered":"\n<p><\/p>\n\n\n\n<p><strong>Tras pagar una condena por homicidio doloso y obtener el perd\u00f3n de su hermano Pascual por otra acusaci\u00f3n de homicidio en grado de tentativa, Cipriano Charrez Pedraza se registr\u00f3 para contender por la alcald\u00eda de Ixmiquilpan a trav\u00e9s de Partido del Trabajo (PT), confirm\u00f3 tras acudir al Congreso local.<\/strong><\/p>\n\n\n\n<p>El aspirante petista gobern\u00f3 el municipio en la administraci\u00f3n 2012-2016 por Acci\u00f3n Nacional (PAN), partido quej\u00f3 tras ser diputado local y posteriormente pasar a Morena como legislador federal.<\/p>\n\n\n\n<figure class=\"wp-block-pullquote\"><blockquote><p>Me anot\u00e9, me aceptaron la petici\u00f3n, vamos a ejercer ese derecho, a ver qu\u00e9 sucede, seguramente habr\u00e1 otros aspirantes, vamos a ver cu\u00e1l es el procedimiento\u201d, indic\u00f3.<\/p><\/blockquote><\/figure>\n\n\n\n<p>El oriundo del Valle del Mezquital afirm\u00f3 que ejerce su derecho pol\u00edtico-electoral, luego de superar los proceso penales en su contra, uno de ellos provoc\u00f3 su desafuero como diputado federal en 2019, tras impactar su camioneta en octubre de 2018 contra un auto, lo que provoc\u00f3 la calcinaci\u00f3n del conductor, al que no auxili\u00f3.<\/p>\n\n\n\n<p>\u201cTenemos plenamente nuestros derechos pol\u00edticos, no tenemos ning\u00fan problema en ese sentido, no me impide nada que yo pueda participar en un proceso\u201d, sostuvo Charrez Pedraza, quien mantiene su postura de que fue parte de una persecuci\u00f3n pol\u00edtica de la pasada administraci\u00f3n.<\/p>\n\n\n\n<figure class=\"wp-block-pullquote\"><blockquote><p>S\u00ed, hubo esa persecuci\u00f3n pol\u00edtica y todav\u00eda hay personajes incrustados en las diferentes dependencias, que formaron parte de esa persecuci\u00f3n y no me extra\u00f1ar\u00eda que continuar\u00e1\u00bb, afirm\u00f3.<\/p><\/blockquote><\/figure>\n\n\n\n<p>Sostuvo que alrededor de 800 dirigentes de diferentes comunidades le dieron su aprobaci\u00f3n para que busque que candidatura para volver a gobernar Ixmiquilpan.<\/p>\n\n\n\n<p>Indic\u00f3 que ahora es afiliado al PT y adelant\u00f3 que en una conferencia posterior explicar\u00e1 por qu\u00e9 dej\u00f3 su militancia en Morena.<\/p>\n\n\n\n<p>El exalcalde acus\u00f3 que en su municipio hay problema \u201cmuy fuertes\u201d que se tiene que resolver, como el deposito de basura en cuatro tiraderos a cielo abierto, sin \u201cning\u00fan permiso\u201d y con la oposici\u00f3n de los poblados.<\/p>\n\n\n\n<p>\u201cTodo es por la incapacidad de di\u00e1logo con las comunidades\u201d, dijo antes de enlistar la falta de obra p\u00fablica, atenci\u00f3n a la gente e inseguridad como otros problemas que enfrenta Ixmiquilpan.<\/p>\n\n\n\n<p>\u201cHay un desgobierno total (\u2026) lo que hemos escuchado de la ciudadan\u00eda es (que) ya no quiere gente tan mediocre\u201d, afirm\u00f3.<\/p>\n\n\n\n<h3 class=\"wp-block-heading\">DESIGN\u00d3 PRESIDENTE A UN \u201cREPRESOR\u201d COMO EMBAJADOR, DICE<\/h3>\n\n\n\n<p>Sobre el nombramiento del exgobernador Omar Fayad Meneses como embajador de M\u00e9xico en el Reino de Noruega, pol\u00edtico al que responsabiliza de su presunta persecuci\u00f3n pol\u00edtica, dijo que es una decisi\u00f3n tomada por uno de l\u00edderes, el presidente Andr\u00e9s Manuel L\u00f3pez Obrador.<\/p>\n\n\n\n<p>\u201cDarle un nombramiento a un represor, un asesino porque mat\u00f3 gente en el Valle del Mezquital, pero esas son decisiones de otro nivel\u201d, dijo.<\/p>\n","protected":false},"excerpt":{"rendered":"<p>Tras pagar una condena por homicidio doloso y obtener el perd\u00f3n de su hermano Pascual por otra acusaci\u00f3n de homicidio en grado de tentativa, Cipriano Charrez Pedraza se registr\u00f3 para&hellip; <\/p>\n","protected":false},"author":4,"featured_media":11897,"comment_status":"closed","ping_status":"closed","sticky":false,"template":"","format":"standard","meta":{"two_page_speed":[],"_joinchat":[],"footnotes":""},"categories":[1],"tags":[],"class_list":["post-11896","post","type-post","status-publish","format-standard","has-post-thumbnail","hentry","category-politica"],"_links":{"self":[{"href":"https:\/\/revistaacropolis.com\/index.php\/wp-json\/wp\/v2\/posts\/11896","targetHints":{"allow":["GET"]}}],"collection":[{"href":"https:\/\/revistaacropolis.com\/index.php\/wp-json\/wp\/v2\/posts"}],"about":[{"href":"https:\/\/revistaacropolis.com\/index.php\/wp-json\/wp\/v2\/types\/post"}],"author":[{"embeddable":true,"href":"https:\/\/revistaacropolis.com\/index.php\/wp-json\/wp\/v2\/users\/4"}],"replies":[{"embeddable":true,"href":"https:\/\/revistaacropolis.com\/index.php\/wp-json\/wp\/v2\/comments?post=11896"}],"version-history":[{"count":1,"href":"https:\/\/revistaacropolis.com\/index.php\/wp-json\/wp\/v2\/posts\/11896\/revisions"}],"predecessor-version":[{"id":11898,"href":"https:\/\/revistaacropolis.com\/index.php\/wp-json\/wp\/v2\/posts\/11896\/revisions\/11898"}],"wp:featuredmedia":[{"embeddable":true,"href":"https:\/\/revistaacropolis.com\/index.php\/wp-json\/wp\/v2\/media\/11897"}],"wp:attachment":[{"href":"https:\/\/revistaacropolis.com\/index.php\/wp-json\/wp\/v2\/media?parent=11896"}],"wp:term":[{"taxonomy":"category","embeddable":true,"href":"https:\/\/revistaacropolis.com\/index.php\/wp-json\/wp\/v2\/categories?post=11896"},{"taxonomy":"post_tag","embeddable":true,"href":"https:\/\/revistaacropolis.com\/index.php\/wp-json\/wp\/v2\/tags?post=11896"}],"curies":[{"name":"wp","href":"https:\/\/api.w.org\/{rel}","templated":true}]}}