{"id":11899,"date":"2024-01-18T03:46:04","date_gmt":"2024-01-18T03:46:04","guid":{"rendered":"https:\/\/revistaacropolis.com\/?p=11899"},"modified":"2024-01-18T03:46:16","modified_gmt":"2024-01-18T03:46:16","slug":"van-cuadro-de-antano-por-precandidaturas-federales-del-pri-en-hidalgo-y-resurgimiento","status":"publish","type":"post","link":"https:\/\/revistaacropolis.com\/index.php\/van-cuadro-de-antano-por-precandidaturas-federales-del-pri-en-hidalgo-y-resurgimiento\/politica\/","title":{"rendered":"Van cuadro de anta\u00f1o por precandidaturas federales del PRI en Hidalgo y \u201cresurgimiento\u201d"},"content":{"rendered":"\n<p>Con tambora y porras, <strong>cuadros de anta\u00f1o del Partido Revolucionario Institucional (PRI) en Hidalgo se registraron como contendientes \u00fanicos a precandidatos para el Senado de la Rep\u00fablica y las diputaciones federales, bajo lo que denominan \u201cel resurgimiento\u201d<\/strong> del tricolor en el pa\u00eds y la entidad.<\/p>\n\n\n\n<p>Pasadas las 11 de la ma\u00f1ana, hora acordada para iniciar la sesi\u00f3n del \u00f3rgano auxiliar de la Comisi\u00f3n Nacional de Procesos Internos, <strong>comenz\u00f3 el registr\u00f3 de los perfiles interesados en competir en la contienda interna <\/strong>y posteriormente verse reflejados en las boletas de la jornada electoral del 2 de junio de este 2024.<\/p>\n\n\n\n<p>El acto de registros, <strong>el primero del tricolor como partido de oposici\u00f3n en la entidad tras nueve d\u00e9cadas de hegemon\u00eda pol\u00edtica,<\/strong> en comparaci\u00f3n con versiones anteriores, luci\u00f3 con un vest\u00edbulo no abarrotado.<\/p>\n\n\n\n<p>Lo que <strong>no cambi\u00f3 es la tradicional din\u00e1mica de las porras, arengas, matraqueos<\/strong> y tambora para acompa\u00f1ar a los precandidatos a la entrega de requisitos.<\/p>\n\n\n\n<figure class=\"wp-block-image size-large\"><img fetchpriority=\"high\" decoding=\"async\" width=\"1024\" height=\"683\" src=\"https:\/\/revistaacropolis.com\/wp-content\/uploads\/2024\/01\/image-16-1024x683.png\" alt=\"\" class=\"wp-image-11901\" srcset=\"https:\/\/revistaacropolis.com\/wp-content\/uploads\/2024\/01\/image-16-1024x683.png 1024w, https:\/\/revistaacropolis.com\/wp-content\/uploads\/2024\/01\/image-16-300x200.png 300w, https:\/\/revistaacropolis.com\/wp-content\/uploads\/2024\/01\/image-16-768x512.png 768w, https:\/\/revistaacropolis.com\/wp-content\/uploads\/2024\/01\/image-16-600x400.png 600w, https:\/\/revistaacropolis.com\/wp-content\/uploads\/2024\/01\/image-16.png 1170w\" sizes=\"(max-width: 1024px) 100vw, 1024px\" \/><\/figure>\n\n\n\n<p>La primera en arribar al escenario<strong> fue la secretaria general del Comit\u00e9 Ejecutivo Nacional (CEN) del PRI, Alma Carolina Viggiano Austria,<\/strong> quien busca encabezar la primera f\u00f3rmula al Senado en la alianza con Acci\u00f3n Nacional (PAN) y el Partido de la Revoluci\u00f3n Democr\u00e1tica (PRD).<\/p>\n\n\n\n<p>Durante su intervenci\u00f3n, asever\u00f3 que la intenci\u00f3n de su registro es tratar de \u201csalvar a M\u00e9xico de una inminente dictadura\u201d, ante lo cual acus\u00f3 la intenci\u00f3n del gobierno federal para \u201cdesaparecer al INE, el INAI\u201d, as\u00ed como debilitar y someter al Poder Judicial.<\/p>\n\n\n\n<figure class=\"wp-block-image size-large\"><img decoding=\"async\" width=\"1024\" height=\"683\" src=\"https:\/\/revistaacropolis.com\/wp-content\/uploads\/2024\/01\/image-17-1024x683.png\" alt=\"\" class=\"wp-image-11902\" srcset=\"https:\/\/revistaacropolis.com\/wp-content\/uploads\/2024\/01\/image-17-1024x683.png 1024w, https:\/\/revistaacropolis.com\/wp-content\/uploads\/2024\/01\/image-17-300x200.png 300w, https:\/\/revistaacropolis.com\/wp-content\/uploads\/2024\/01\/image-17-768x512.png 768w, https:\/\/revistaacropolis.com\/wp-content\/uploads\/2024\/01\/image-17-600x400.png 600w, https:\/\/revistaacropolis.com\/wp-content\/uploads\/2024\/01\/image-17.png 1170w\" sizes=\"(max-width: 1024px) 100vw, 1024px\" \/><\/figure>\n\n\n\n<p>Tambi\u00e9n aprovech\u00f3 el templete <strong>para arremeter contra la administraci\u00f3n de Julio Menchaca Salazar, su adversario en la pasada elecci\u00f3n gubernamental<\/strong>, al asegurar que \u201cen Hidalgo las cosas no marchan bien\u201d.<\/p>\n\n\n\n<p>Sostuvo que a \u201cdos a\u00f1os\u201d del gobierno morenista -el cual entr\u00f3 en septiembre de 2022- la gente reclama que est\u00e1 administraci\u00f3n \u201cno ha hecho nada y, por si fuera poco, usaron su mayor\u00eda legislativa para desaparecer los \u00f3rganos electorales municipales\u201d, lo que -asever\u00f3- no da certeza a la votaci\u00f3n a la ciudadan\u00eda.<\/p>\n\n\n\n<p>Adelant\u00f3 que<strong> habr\u00e1 \u201ctiempos de guerra sucia encarnizada\u201d <\/strong>por medio de redes sociales en contra de la oposici\u00f3n, as\u00ed como una \u201cpersecuci\u00f3n\u201d a los opositores por medio de las instancias de impartici\u00f3n de justicia.<\/p>\n\n\n\n<figure class=\"wp-block-pullquote\"><blockquote><p>Nuestros compa\u00f1eros alcaldes van a ser perseguidos, nuestros compa\u00f1eros regidores va ser amenazados\u201d, asever\u00f3 Viggiano Austria sobre el proceso electoral.<\/p><\/blockquote><\/figure>\n\n\n\n<p>Al destacar la participaci\u00f3n del exgobernador <strong>Francisco Olvera Ruiz<\/strong> en el proceso partidista,<strong> tambi\u00e9n apreci\u00f3 que \u00e9l \u00abser\u00e1 objeto\u201d de investigaciones y persecuci\u00f3n de car\u00e1cter pol\u00edtico.\u00a0<\/strong><\/p>\n\n\n\n<blockquote class=\"wp-block-quote is-layout-flow wp-block-quote-is-layout-flow\">\n<p>Desde aqu\u00ed mi solidaridad para Paco Olvera, porque s\u00e9 que tambi\u00e9n se van a ir en contra tuya\u201d, dijo.<\/p>\n<\/blockquote>\n\n\n\n<p>Sostuvo que hay un PRI con fortaleza, \u201csin miedos\u201d y pidi\u00f3 a la militancia no permitir una elecci\u00f3n de Estado y asegur\u00f3 que \u201choy la esperanza ha cambiado de manos\u201d, refiri\u00e9ndose alianza opositora.&nbsp;<\/p>\n\n\n\n<p>Seguido de la diputada federal, Olvera Ruiz, quien era esperados y vitoreados entre las huestes reunidas en el edifico de bulevar Colosio, hizo su registro con la canci\u00f3n de \u00abEl Rey\u00bb de fondo.<\/p>\n\n\n\n<p>Al tomar el templete, el exmandatario de Hidalgo (2022-2016) afirm\u00f3 que, ante las actuales condiciones del pa\u00eds,<strong> lo que se vive es \u201cel resurgimiento\u201d del PRI.<\/strong><\/p>\n\n\n\n<p>Olvera Ruiz, quien <strong>es se\u00f1alado por su excolaborador Pablo P\u00e9rez Mart\u00ednez, otrora subsecretario de Administraci\u00f3n y Finanzas de la Secretar\u00eda de Educaci\u00f3n P\u00fablica de Hidalgo, de \u201cpellizcar\u201d<\/strong> las arcas p\u00fablicas y desv\u00edo de recursos, sostuvo que el tricolor nunca debi\u00f3 de dejar de encabeza \u201canhelos y deceso\u201d.<\/p>\n\n\n\n<figure class=\"wp-block-image size-large\"><img decoding=\"async\" width=\"1024\" height=\"683\" src=\"https:\/\/revistaacropolis.com\/wp-content\/uploads\/2024\/01\/image-18-1024x683.png\" alt=\"\" class=\"wp-image-11903\" srcset=\"https:\/\/revistaacropolis.com\/wp-content\/uploads\/2024\/01\/image-18-1024x683.png 1024w, https:\/\/revistaacropolis.com\/wp-content\/uploads\/2024\/01\/image-18-300x200.png 300w, https:\/\/revistaacropolis.com\/wp-content\/uploads\/2024\/01\/image-18-768x512.png 768w, https:\/\/revistaacropolis.com\/wp-content\/uploads\/2024\/01\/image-18-600x400.png 600w, https:\/\/revistaacropolis.com\/wp-content\/uploads\/2024\/01\/image-18.png 1170w\" sizes=\"(max-width: 1024px) 100vw, 1024px\" \/><\/figure>\n\n\n\n<figure class=\"wp-block-pullquote\"><blockquote><p>Las circunstancias y errores de personajes que no estuvieron a la altura nos llevaron a ir perdiendo espacios\u201d, culp\u00f3.<\/p><\/blockquote><\/figure>\n\n\n\n<p>Pese a la salida de militantes, entre ellos los exgobernadores de Omar Fayad y Miguel \u00c1ngel Osorio Chong, <strong>presumi\u00f3 que bajo \u201cel liderazgo\u201d del presidente nacional Alejandro Moreno C\u00e1rdenas ve \u201cun resurgimiento de esta organizaci\u00f3n pol\u00edtica,<\/strong> que una vez m\u00e1s ha de ser altamente tomada en cuenta por el pueblo en las pr\u00f3ximas elecciones\u201d.<\/p>\n\n\n\n<p>\u201cNo tengo dudas que en Hidalgo habremos de acreditar que el PRI sigue siendo la mejor fuerza pol\u00edtica\u201d, manifest\u00f3 para recibir una ovaci\u00f3n de los presentes.<\/p>\n\n\n\n<p>Su planteamiento en la campa\u00f1a interna, puntualiz\u00f3, <strong>se sustentar\u00e1 en la recuperaci\u00f3n de \u00ablos valores priistas\u201d, como la institucionalidad<\/strong>, el que defini\u00f3 como el m\u00e1s importante del partido, as\u00ed como reforzar la unidad y la lealtad a la instituci\u00f3n partidista.<\/p>\n\n\n\n<p>Tambi\u00e9n hizo referencia al alcalde Sergio Ba\u00f1os Rubio, al asegurar que es \u201cel peor gobierno en la historia de Pachuca\u201d y atribuirlo a haber apoyado a candidatos que no ten\u00edan una probada militancia y \u201chuyen\u201d, en relaci\u00f3n a su salida al Grupo Plural Independiente.<\/p>\n\n\n\n<p>Junto a Olvera Ruiz y Carolina Viggiano se sumaron como precandidatos <strong>la exsecretaria de Educaci\u00f3n P\u00fablica estatal Sayonara Vargas Rodr\u00edguez, quien busca la reelecci\u00f3n el distrito federal 1 de Huejutla<\/strong> de Reyes.<\/p>\n\n\n\n<p>Para el distrito 7 de <strong>Tepeapulco se apunt\u00f3 la exdiputada local Mayka Ortega Eguiluz y Mar\u00eda Fernanda Pasquel Sol\u00eds, actual regidora de Tulancingo, por el distrito 4 <\/strong>con cabecera en este municipio.<\/p>\n\n\n\n<h3 class=\"wp-block-heading\">DESFILAN VIEJOS CONOCIDOS<\/h3>\n\n\n\n<p>Al acto partidista asistieron exmandaratarios, expresidentes del partido, exfuncionarios y alcaldes, entre ellos el exgobernador<strong> Manuel \u00c1ngel N\u00fa\u00f1ez Soto <\/strong>el expresidente del Tribunal Superior de Justicia de la entidad Juan Manuel Menes Llaguno.<\/p>\n\n\n\n<figure class=\"wp-block-image size-large\"><img loading=\"lazy\" decoding=\"async\" width=\"1024\" height=\"683\" src=\"https:\/\/revistaacropolis.com\/wp-content\/uploads\/2024\/01\/image-19-1024x683.png\" alt=\"\" class=\"wp-image-11904\" srcset=\"https:\/\/revistaacropolis.com\/wp-content\/uploads\/2024\/01\/image-19-1024x683.png 1024w, https:\/\/revistaacropolis.com\/wp-content\/uploads\/2024\/01\/image-19-300x200.png 300w, https:\/\/revistaacropolis.com\/wp-content\/uploads\/2024\/01\/image-19-768x512.png 768w, https:\/\/revistaacropolis.com\/wp-content\/uploads\/2024\/01\/image-19-600x400.png 600w, https:\/\/revistaacropolis.com\/wp-content\/uploads\/2024\/01\/image-19.png 1170w\" sizes=\"(max-width: 1024px) 100vw, 1024px\" \/><\/figure>\n\n\n\n<p>De los exdirigentes se presentaron Armando Hern\u00e1ndez Zamora, as\u00ed como Jaime Costeira Cruz y <strong>Geraldina Garc\u00eda Gordillo,<\/strong> tambi\u00e9n exsecretaria de Salud estatal, a la par del exdiputado federal Roberto Pedraza Mart\u00ednez.<\/p>\n\n\n\n<figure class=\"wp-block-image size-large\"><img loading=\"lazy\" decoding=\"async\" width=\"1024\" height=\"683\" src=\"https:\/\/revistaacropolis.com\/wp-content\/uploads\/2024\/01\/image-20-1024x683.png\" alt=\"\" class=\"wp-image-11905\" srcset=\"https:\/\/revistaacropolis.com\/wp-content\/uploads\/2024\/01\/image-20-1024x683.png 1024w, https:\/\/revistaacropolis.com\/wp-content\/uploads\/2024\/01\/image-20-300x200.png 300w, https:\/\/revistaacropolis.com\/wp-content\/uploads\/2024\/01\/image-20-768x512.png 768w, https:\/\/revistaacropolis.com\/wp-content\/uploads\/2024\/01\/image-20-600x400.png 600w, https:\/\/revistaacropolis.com\/wp-content\/uploads\/2024\/01\/image-20.png 1170w\" sizes=\"(max-width: 1024px) 100vw, 1024px\" \/><\/figure>\n\n\n\n<p>Entre los alcaldes de esta fuerza pol\u00edtica que asistieron se encuentran <strong>Ces\u00e1reo Jorge M\u00e1rquez Alvarado,<\/strong> de Tulancingo; Jos\u00e9 Juan Viggiano Austria, de Tepehuac\u00e1n de Guerrero y hermano de la precandidata al Senado, y Agust\u00edn Ram\u00edrez Jarillo, de Agua Blanca.<\/p>\n\n\n\n<figure class=\"wp-block-image size-large\"><img loading=\"lazy\" decoding=\"async\" width=\"1024\" height=\"683\" src=\"https:\/\/revistaacropolis.com\/wp-content\/uploads\/2024\/01\/image-21-1024x683.png\" alt=\"\" class=\"wp-image-11906\" srcset=\"https:\/\/revistaacropolis.com\/wp-content\/uploads\/2024\/01\/image-21-1024x683.png 1024w, https:\/\/revistaacropolis.com\/wp-content\/uploads\/2024\/01\/image-21-300x200.png 300w, https:\/\/revistaacropolis.com\/wp-content\/uploads\/2024\/01\/image-21-768x512.png 768w, https:\/\/revistaacropolis.com\/wp-content\/uploads\/2024\/01\/image-21-600x400.png 600w, https:\/\/revistaacropolis.com\/wp-content\/uploads\/2024\/01\/image-21.png 1170w\" sizes=\"(max-width: 1024px) 100vw, 1024px\" \/><\/figure>\n\n\n\n<h3 class=\"wp-block-heading\">DatoAcro<\/h3>\n\n\n\n<p><em>-Los aspirantes de los distritos federales electorales de Actopan e Ixmiquilpan ser\u00e1n postulados por el PRD, mientas que Tula de Allende, por\u00a0el PAN, como parte de la alianza con el PRI.<\/em><\/p>\n\n\n\n<p><em>-La segunda f\u00f3rmula al Senado tendr\u00e1 una candidatura designada por el sol azteca.<\/em><\/p>\n","protected":false},"excerpt":{"rendered":"<p>Con tambora y porras, cuadros de anta\u00f1o del Partido Revolucionario Institucional (PRI) en Hidalgo se registraron como contendientes \u00fanicos a precandidatos para el Senado de la Rep\u00fablica y las diputaciones&hellip; <\/p>\n","protected":false},"author":14,"featured_media":11900,"comment_status":"closed","ping_status":"closed","sticky":false,"template":"","format":"standard","meta":{"two_page_speed":[],"_joinchat":[],"footnotes":""},"categories":[1],"tags":[611,2388,122],"class_list":["post-11899","post","type-post","status-publish","format-standard","has-post-thumbnail","hentry","category-politica","tag-carolina-viggiano","tag-olvera","tag-pri"],"_links":{"self":[{"href":"https:\/\/revistaacropolis.com\/index.php\/wp-json\/wp\/v2\/posts\/11899","targetHints":{"allow":["GET"]}}],"collection":[{"href":"https:\/\/revistaacropolis.com\/index.php\/wp-json\/wp\/v2\/posts"}],"about":[{"href":"https:\/\/revistaacropolis.com\/index.php\/wp-json\/wp\/v2\/types\/post"}],"author":[{"embeddable":true,"href":"https:\/\/revistaacropolis.com\/index.php\/wp-json\/wp\/v2\/users\/14"}],"replies":[{"embeddable":true,"href":"https:\/\/revistaacropolis.com\/index.php\/wp-json\/wp\/v2\/comments?post=11899"}],"version-history":[{"count":1,"href":"https:\/\/revistaacropolis.com\/index.php\/wp-json\/wp\/v2\/posts\/11899\/revisions"}],"predecessor-version":[{"id":11907,"href":"https:\/\/revistaacropolis.com\/index.php\/wp-json\/wp\/v2\/posts\/11899\/revisions\/11907"}],"wp:featuredmedia":[{"embeddable":true,"href":"https:\/\/revistaacropolis.com\/index.php\/wp-json\/wp\/v2\/media\/11900"}],"wp:attachment":[{"href":"https:\/\/revistaacropolis.com\/index.php\/wp-json\/wp\/v2\/media?parent=11899"}],"wp:term":[{"taxonomy":"category","embeddable":true,"href":"https:\/\/revistaacropolis.com\/index.php\/wp-json\/wp\/v2\/categories?post=11899"},{"taxonomy":"post_tag","embeddable":true,"href":"https:\/\/revistaacropolis.com\/index.php\/wp-json\/wp\/v2\/tags?post=11899"}],"curies":[{"name":"wp","href":"https:\/\/api.w.org\/{rel}","templated":true}]}}