{"id":12032,"date":"2024-01-23T04:10:54","date_gmt":"2024-01-23T04:10:54","guid":{"rendered":"https:\/\/revistaacropolis.com\/?p=12032"},"modified":"2024-01-23T04:11:06","modified_gmt":"2024-01-23T04:11:06","slug":"ve-menchaca-consolidacion-de-imss-bienestar-en-hidalgo-para-el-21-de-marzo","status":"publish","type":"post","link":"https:\/\/revistaacropolis.com\/index.php\/ve-menchaca-consolidacion-de-imss-bienestar-en-hidalgo-para-el-21-de-marzo\/politica\/","title":{"rendered":"Ve Menchaca consolidaci\u00f3n de IMSS-Bienestar en Hidalgo para el 21 de marzo"},"content":{"rendered":"\n<p>El gobernador <strong>Julio Menchaca Salazar consider\u00f3 que el 21 de marzo estar\u00e1 consolidado el sistema IMSS-Bienestar en Hidalgo,<\/strong> lo cual traer\u00e1 consigo el traslado de hospitales y m\u00e1s de 500 centros de salud al Seguro Social, junto a las condiciones laborales del personal m\u00e9dico.<\/p>\n\n\n\n<p>El mandatario refiri\u00f3 que la incursi\u00f3n de este sistema universal de salud en el estado fue parte de los temas abordados con el presidente de M\u00e9xico Andr\u00e9s Manuel L\u00f3pez Obrador en su reuni\u00f3n de la semana pasada. La meta de establecerlo bajo todos sus criterios es en dos meses.<\/p>\n\n\n\n<p>Menchaca Salazar <strong>asegur\u00f3 que Hidalgo ser\u00e1 uno de los estados que d\u00e9 mejores cuentas sobre el proceso de transici\u00f3n, donde un \u00d3rgano P\u00fablico Descentralizado (OPD) <\/strong>se encargue del manejo de los presupuestos, as\u00ed como de incorporar a todos los m\u00e9dicos, enfermeras y dem\u00e1s personal a la formalidad, pues varios siguen bajo el concepto de contrato.<\/p>\n\n\n\n<p>Con el cambio se pondr\u00e1n <strong>en manos del nuevo sistema los centros hospitalarios, para recomponer aquellos ejemplos de lo que no se debe hace<\/strong>r, sostuvo el mandatario, como la inauguraci\u00f3n de centros hospitalarios que son cascarones o elefantes blancos.\u00a0<\/p>\n\n\n\n<figure class=\"wp-block-pullquote\"><blockquote><p>No se pens\u00f3, o por lo menos eso lo demuestra, el haber dejado abandonados mucho tiempo en todo lo que conlleva esta situaci\u00f3n, y es revertir una situaci\u00f3n en el transcurso del tiempo, pues cuesta trabajo\u201d, apunt\u00f3 Menchaca Salazar.\u00a0<\/p><\/blockquote><\/figure>\n\n\n\n<p><strong>Uno de estos pendientes es el Nuevo Hospital General de Pachuca, <\/strong>que se ubica en el Distrito de Educaci\u00f3n, Salud, Ciencia, Tecnolog\u00eda e Innovaci\u00f3n, pues todav\u00eda requiere una fuerte inversi\u00f3n para operar, mismo que atender\u00e1 el IMSS-Bienestar.\u00a0<\/p>\n\n\n\n<p>De acuerdo con el mandatario, se encuentra dentro de \u201cla intenci\u00f3n del presidente\u201d consolidar el sistema de salud antes de que termine su administraci\u00f3n, lo cual implica, entre estos aspectos, la construcci\u00f3n de la \u00faltima etapa del nosocomio y su funcionamiento.<\/p>\n\n\n\n<p><strong>Respecto de los anexos de este acuerdo para la aplicaci\u00f3n del sistema IMSS-Bienestar, mencion\u00f3 que siguen en la construcci\u00f3n de los mismos.\u00a0<\/strong><\/p>\n\n\n\n<p>Sin embargo, adelant\u00f3 que <strong>se har\u00e1 el traspaso a la federaci\u00f3n de m\u00e1s de 500 centros de salud, que est\u00e1n en proceso de identificar las escrituras de cada uno,<\/strong> ya que tienen como responsable a diversos entes o no tienen ni documentaci\u00f3n que le den certeza legal.<\/p>\n\n\n\n<blockquote class=\"wp-block-quote is-layout-flow wp-block-quote-is-layout-flow\">\n<p>Unos centros de salud est\u00e1n a nombre del municipio, otros del gobierno del estado, otros de la Secretar\u00eda de Salud, otros no tienen escrituras, entonces ofrece una problem\u00e1tica que se est\u00e1 atendiendo ya, identificar los bienes inmuebles y luego el inventario de todos\u201d, apunt\u00f3.<\/p>\n<\/blockquote>\n\n\n\n<p>De igual forma,<strong> se analiza la responsabilidad laboral contractual que puede o ya no tener el Gobierno de Hidalgo con el personal que trabaja en los centros m\u00e9dicos y hospitales <\/strong>que se trasladar\u00e1n a la tutela de IMSS-Bienestar, mismo que se acentuar\u00e1 en los anexos.<\/p>\n\n\n\n<blockquote class=\"wp-block-quote is-layout-flow wp-block-quote-is-layout-flow\">\n<p>Hay un compromiso para marzo, para el 21 de marzo de estar, ya muy pr\u00f3ximos\u201d, acentu\u00f3.\u00a0<\/p>\n<\/blockquote>\n\n\n\n<h3 class=\"wp-block-heading\">DICE MENCHACA QUE APRECIA A GUADARRAMA<\/h3>\n\n\n\n<p>En tanto, respecto a la declaraci\u00f3n de apoyo y acompa\u00f1amiento que hizo Jos\u00e9 Guadarrama M\u00e1rquez a su gobierno, el gobernador dijo estimar expresi\u00f3n del perredista.<\/p>\n\n\n\n<figure class=\"wp-block-pullquote\"><blockquote><p>Yo estimo, aprecio a Pepe Guadarrama desde hace mucho tiempo, a veces no hemos coincidido, pero le reconozco su trayectoria pol\u00edtica, su ascendencia\u201d, elogi\u00f3 de la figura del l\u00edder del Frente Democr\u00e1tico Hidalguense (FDH).<\/p><\/blockquote><\/figure>\n\n\n\n<figure class=\"wp-block-image size-large\"><img fetchpriority=\"high\" decoding=\"async\" width=\"1024\" height=\"684\" src=\"https:\/\/revistaacropolis.com\/wp-content\/uploads\/2024\/01\/image-29-1024x684.png\" alt=\"\" class=\"wp-image-12033\" srcset=\"https:\/\/revistaacropolis.com\/wp-content\/uploads\/2024\/01\/image-29-1024x684.png 1024w, https:\/\/revistaacropolis.com\/wp-content\/uploads\/2024\/01\/image-29-300x200.png 300w, https:\/\/revistaacropolis.com\/wp-content\/uploads\/2024\/01\/image-29-768x513.png 768w, https:\/\/revistaacropolis.com\/wp-content\/uploads\/2024\/01\/image-29-1536x1026.png 1536w, https:\/\/revistaacropolis.com\/wp-content\/uploads\/2024\/01\/image-29-600x401.png 600w, https:\/\/revistaacropolis.com\/wp-content\/uploads\/2024\/01\/image-29.png 1600w\" sizes=\"(max-width: 1024px) 100vw, 1024px\" \/><\/figure>\n\n\n\n<p>Sin mostrar entusiasmo respecto al apoyo anunciado, apunt\u00f3 que \u201cen este momento que haga esa disposici\u00f3n de suma, pues siempre ee bienvenido\u201d.<\/p>\n\n\n\n<p>Para el mandatario, que Guadarrama M\u00e1rquez haga estos pronunciamientos en v\u00edspera de los elecciones no significaron que el experredista y excontendiente a la gubernatura quiera un encargo o sea oportunista.<\/p>\n\n\n\n<p>\u201cLo que \u00e9l manifest\u00f3 p\u00fablicamente es que quiere aportar como hidalguense en la construcci\u00f3n y transformaci\u00f3n del estado de Hidalgo\u201d, dijo.<\/p>\n\n\n\n<p>Menchaca Salazar <strong>utiliz\u00f3 una analog\u00eda para explicar la decisi\u00f3n de Guadarrama M\u00e1rquez: \u201cEs como alguien que tenga 20 a\u00f1os de casado y decida divorciarse\u201d<\/strong>, pues muchas veces no se cuenta con el momento adecuado para plantear su determinaci\u00f3n, sino hasta tiempo despu\u00e9s, que es lo que interpreta el gobernador que le pas\u00f3 al perredista, quien tard\u00f3 16 meses en manifestarle su respaldo.<\/p>\n\n\n\n<figure class=\"wp-block-pullquote\"><blockquote><p>En las decisiones pol\u00edticas y de otra \u00edndole, el mejor momento es cuando as\u00ed lo consideramos y se toma la decisi\u00f3n, y yo creo que esa ser\u00eda una pregunta que deber\u00eda de contestar \u00e9l\u201d, manifest\u00f3 ante el cuestionamiento sobre el exsenador.<\/p><\/blockquote><\/figure>\n","protected":false},"excerpt":{"rendered":"<p>El gobernador Julio Menchaca Salazar consider\u00f3 que el 21 de marzo estar\u00e1 consolidado el sistema IMSS-Bienestar en Hidalgo, lo cual traer\u00e1 consigo el traslado de hospitales y m\u00e1s de 500&hellip; <\/p>\n","protected":false},"author":14,"featured_media":12034,"comment_status":"closed","ping_status":"closed","sticky":false,"template":"","format":"standard","meta":{"two_page_speed":[],"_joinchat":[],"footnotes":""},"categories":[1],"tags":[2397,93],"class_list":["post-12032","post","type-post","status-publish","format-standard","has-post-thumbnail","hentry","category-politica","tag-imss-bienestar-2","tag-menchaca"],"_links":{"self":[{"href":"https:\/\/revistaacropolis.com\/index.php\/wp-json\/wp\/v2\/posts\/12032","targetHints":{"allow":["GET"]}}],"collection":[{"href":"https:\/\/revistaacropolis.com\/index.php\/wp-json\/wp\/v2\/posts"}],"about":[{"href":"https:\/\/revistaacropolis.com\/index.php\/wp-json\/wp\/v2\/types\/post"}],"author":[{"embeddable":true,"href":"https:\/\/revistaacropolis.com\/index.php\/wp-json\/wp\/v2\/users\/14"}],"replies":[{"embeddable":true,"href":"https:\/\/revistaacropolis.com\/index.php\/wp-json\/wp\/v2\/comments?post=12032"}],"version-history":[{"count":1,"href":"https:\/\/revistaacropolis.com\/index.php\/wp-json\/wp\/v2\/posts\/12032\/revisions"}],"predecessor-version":[{"id":12035,"href":"https:\/\/revistaacropolis.com\/index.php\/wp-json\/wp\/v2\/posts\/12032\/revisions\/12035"}],"wp:featuredmedia":[{"embeddable":true,"href":"https:\/\/revistaacropolis.com\/index.php\/wp-json\/wp\/v2\/media\/12034"}],"wp:attachment":[{"href":"https:\/\/revistaacropolis.com\/index.php\/wp-json\/wp\/v2\/media?parent=12032"}],"wp:term":[{"taxonomy":"category","embeddable":true,"href":"https:\/\/revistaacropolis.com\/index.php\/wp-json\/wp\/v2\/categories?post=12032"},{"taxonomy":"post_tag","embeddable":true,"href":"https:\/\/revistaacropolis.com\/index.php\/wp-json\/wp\/v2\/tags?post=12032"}],"curies":[{"name":"wp","href":"https:\/\/api.w.org\/{rel}","templated":true}]}}