{"id":12062,"date":"2024-01-24T02:33:49","date_gmt":"2024-01-24T02:33:49","guid":{"rendered":"https:\/\/revistaacropolis.com\/?p=12062"},"modified":"2024-01-24T02:33:51","modified_gmt":"2024-01-24T02:33:51","slug":"congreso-no-puede-derogar-colegiaturas-de-escuela-de-musica-leines","status":"publish","type":"post","link":"https:\/\/revistaacropolis.com\/index.php\/congreso-no-puede-derogar-colegiaturas-de-escuela-de-musica-leines\/politica\/","title":{"rendered":"Congreso no puede derogar colegiaturas de Escuela de M\u00fasica: Leines"},"content":{"rendered":"\n<p><\/p>\n\n\n\n<p><strong>El presidente de la Junta de Gobierno del Congreso de Hidalgo, Jes\u00fas Osiris Leines Med\u00e9cigo, afirm\u00f3 que no est\u00e1 ente las facultades del Poder Legislativo poder derogar o eliminar el concepto de colegiaturas que buscan alumnos de la Escuela de M\u00fasica del Estado de Hidalgo (EMEH).<\/strong><\/p>\n\n\n\n<p>Como parte de las exigencias del movimiento de estudiantes del EMEH, motivos por el cual decidieron extender el paro escolar -que termin\u00f3 el viernes pasado- se encuentra la eliminaci\u00f3n de cuotas que deben pagar, mismas que consideran discordante al modelo de escuela p\u00fablica al que pertenecen.<\/p>\n\n\n\n<p><strong>Por ello, los alumnos pretenden reunirse con<br>la diputada Tania Valdez Cuellar, integrante de la Comisi\u00f3n de Cultura<\/strong>, para solicitar la derogaci\u00f3n de este concepto.<\/p>\n\n\n\n<p>Al respecto, el coordinador de la bancada del Partido del Trabajo respondi\u00f3 con una negativa a la intenci\u00f3n de los alumnos.<\/p>\n\n\n\n<figure class=\"wp-block-pullquote\"><blockquote><p>No es facultad de nosotros decir qu\u00e9 se quite o se ponga eso, ahorita en estos momentos, se aprob\u00f3, fue en presupuesto y lo tendr\u00e1n que ellos ejecutar como fue aprobado\u201d, precis\u00f3 Leines Med\u00e9cigo, tambi\u00e9n presidente de la comisi\u00f3n de Hacienda y Presupuesto de la actual legislatura.<\/p><\/blockquote><\/figure>\n\n\n\n<p>Reiter\u00f3 que quitar o aprobar colegiaturas no fue parte de su actividad legislativa en la presentaci\u00f3n de las cuotas y tarifas en organismos descentralizados de la administraci\u00f3n p\u00fablica estatal, sino que la escuela as\u00ed lo propuso y el Congreso lo estableci\u00f3.<\/p>\n\n\n\n<p><strong>En tanto, al no ser los diputados o el propio poder legislativo quien tiene que actuar sobre este concepto de pago a los alumnos del EMEH<\/strong>, consider\u00f3 el petista que con quien tienen que llegar a un acuerdo ya sea con el propio EMEH como en ente rector, o la propia Secretar\u00eda de Educaci\u00f3n P\u00fablica, que es la instancia a la cual se encuentra en estos momentos ya incorporado el instituto educativo y que fue aquel que dio respuesta en las recientes manifestaciones de los alumnos en el paro que establecieron del 9 al 19 de este mes.<\/p>\n\n\n\n<p><strong>Aunque la intenci\u00f3n de los estudiantes es tocar las puertas del Congreso estatal y tener acercamiento con los diputados<\/strong>, Leines Med\u00e9cigo confirm\u00f3 hasta el momento ning\u00fan alumnos o grupos de inconformes se ha acercado a los legisladores.<\/p>\n\n\n\n<p>En tanto, respecto al fallo del Tribunal Electoral de Estado de Hidalgo (TEEH) para la atenci\u00f3n a los puntos que conciernen al Poder Legislativo sobre regulaci\u00f3n de acciones afirmativas para postular a j\u00f3venes menores de 30 a\u00f1o, el diputado por el distrito de Villas del \u00c1lamo consider\u00f3 que depender\u00e1 del momento en el cual cierre el proceso electoral.<\/p>\n\n\n\n<p><strong>Confirm\u00f3 que el pasado d\u00eda 8 de enero fue cuando se les notific\u00f3 de la sentencia, que dice: \u201cSe ordena que, en ejercicio de sus atribuciones y de acuerdo a su agenda legislativa, discuta, apruebe y publique las reformas a la legislaci\u00f3n electoral que considere necesarias, a fin de establecer la obligaci\u00f3n de los partidos pol\u00edticos de postular f\u00f3rmulas de personas j\u00f3venes para Diputaciones, por mayor\u00eda relativa, as\u00ed como por representaci\u00f3n proporcional\u201d.<\/strong><\/p>\n\n\n\n<p>A decir de Leines Med\u00e9cigo, se tendr\u00e1n que hacer la propuesta subsanar la reforma ind\u00edgena (declarada inconstitucional por la Suprema Corte de Justicia de la Naci\u00f3n una vez que finalice el actual proceso electoral), mientras que en el caso de la postulaci\u00f3n de j\u00f3venes, asegur\u00f3, ya se present\u00f3 una iniciativa por parte de la diputada Vanesa Escalante Arrollo, lo cual atender\u00eda la sentencia del TEEH.<\/p>\n\n\n\n<p><strong>Cuestion\u00f3 si esas reformas quedar\u00e1n en lo que resta a la LXV legislatura, que finaliza en septiembre pr\u00f3ximo<\/strong>, o ser\u00e1 un asunto que atender\u00e1n sus sucesores, apunt\u00f3 que esto depende de cu\u00e1ndo cierren el proceso electoral.<\/p>\n\n\n\n<figure class=\"wp-block-pullquote\"><blockquote><p>No se cierra el proceso electoral cuando ya, el d\u00eda de la elecci\u00f3n, si todav\u00eda hay impugnaciones y todos eso, se puede recorrer, se puede hacer ese recorrido, de esa fecha depende\u201d, plante\u00f3.<\/p><\/blockquote><\/figure>\n","protected":false},"excerpt":{"rendered":"<p>El presidente de la Junta de Gobierno del Congreso de Hidalgo, Jes\u00fas Osiris Leines Med\u00e9cigo, afirm\u00f3 que no est\u00e1 ente las facultades del Poder Legislativo poder derogar o eliminar el&hellip; <\/p>\n","protected":false},"author":14,"featured_media":12063,"comment_status":"closed","ping_status":"closed","sticky":false,"template":"","format":"standard","meta":{"two_page_speed":[],"_joinchat":[],"footnotes":""},"categories":[1],"tags":[],"class_list":["post-12062","post","type-post","status-publish","format-standard","has-post-thumbnail","hentry","category-politica"],"_links":{"self":[{"href":"https:\/\/revistaacropolis.com\/index.php\/wp-json\/wp\/v2\/posts\/12062","targetHints":{"allow":["GET"]}}],"collection":[{"href":"https:\/\/revistaacropolis.com\/index.php\/wp-json\/wp\/v2\/posts"}],"about":[{"href":"https:\/\/revistaacropolis.com\/index.php\/wp-json\/wp\/v2\/types\/post"}],"author":[{"embeddable":true,"href":"https:\/\/revistaacropolis.com\/index.php\/wp-json\/wp\/v2\/users\/14"}],"replies":[{"embeddable":true,"href":"https:\/\/revistaacropolis.com\/index.php\/wp-json\/wp\/v2\/comments?post=12062"}],"version-history":[{"count":1,"href":"https:\/\/revistaacropolis.com\/index.php\/wp-json\/wp\/v2\/posts\/12062\/revisions"}],"predecessor-version":[{"id":12064,"href":"https:\/\/revistaacropolis.com\/index.php\/wp-json\/wp\/v2\/posts\/12062\/revisions\/12064"}],"wp:featuredmedia":[{"embeddable":true,"href":"https:\/\/revistaacropolis.com\/index.php\/wp-json\/wp\/v2\/media\/12063"}],"wp:attachment":[{"href":"https:\/\/revistaacropolis.com\/index.php\/wp-json\/wp\/v2\/media?parent=12062"}],"wp:term":[{"taxonomy":"category","embeddable":true,"href":"https:\/\/revistaacropolis.com\/index.php\/wp-json\/wp\/v2\/categories?post=12062"},{"taxonomy":"post_tag","embeddable":true,"href":"https:\/\/revistaacropolis.com\/index.php\/wp-json\/wp\/v2\/tags?post=12062"}],"curies":[{"name":"wp","href":"https:\/\/api.w.org\/{rel}","templated":true}]}}