{"id":1210,"date":"2023-02-28T02:22:04","date_gmt":"2023-02-28T02:22:04","guid":{"rendered":"https:\/\/revistaacropolis.com\/?p=1210"},"modified":"2023-02-28T02:23:32","modified_gmt":"2023-02-28T02:23:32","slug":"etiquetan-42-millones-para-el-mexe-falta-dinero-para-internado","status":"publish","type":"post","link":"https:\/\/revistaacropolis.com\/index.php\/etiquetan-42-millones-para-el-mexe-falta-dinero-para-internado\/politica\/","title":{"rendered":"Etiquetan $42 millones para El Mexe; falta dinero para internado"},"content":{"rendered":"\n<p>Para este a\u00f1o<strong> se etiquetaron 42 millones de pesos al equipamiento y rehabilitaci\u00f3n de las instalaciones de la normal rural de El Mexe,<\/strong> dio a conocer el subsecretario de Educaci\u00f3n Media Superior y Superior de Hidalgo, Daniel Fragoso Torres.<\/p>\n\n\n\n<p>El funcionario de la Secretar\u00eda de Educaci\u00f3n P\u00fablica estatal (SEPH) inform\u00f3 que la federaci\u00f3n <strong>destin\u00f3 16 millones para equipamiento y 26 millones para la rehabilitaci\u00f3n del casco de la escuela Luis Villareal, ubicada en Francisco I. Madero.<\/strong><\/p>\n\n\n\n<p>Indic\u00f3 que la remodelaci\u00f3n de la sede educativa se encuentra en proceso de adjudicaci\u00f3n y dijo que <strong>los trabajos podr\u00edan iniciar el 18 de marzo, los cuales consisten en la construcci\u00f3n de nueve aulas para clases, comedor, \u00e1rea de enfermer\u00eda, ba\u00f1os y dos salones de c\u00f3mputo.\u00a0<\/strong><\/p>\n\n\n\n<p>En cuanto al sistema de internado, el subsecretario indic\u00f3 que est\u00e1n trabajando en el proyecto y dijo que pronto lo dar\u00e1n a conocer. Asimismo, estim\u00f3 que este a\u00f1o se llevar\u00e1 a cabo.<\/p>\n\n\n\n<p>Fragoso Torres inform\u00f3 que a <strong>los estudiantes que duermen en las instalaciones de El Mexe les instalaron regaderas y calentadores solares para su aseo.<\/strong> Adem\u00e1s, dijo que han llevado brigadas de salud para atenderlos.<\/p>\n\n\n\n<h3 class=\"wp-block-heading\">NORMALISTAS DEL MEXE PROTESTARON EN NOVIEMBRE<\/h3>\n\n\n\n<p>Decenas de normalistas acudieron al Congreso de Hidalgo en noviembre de 2022 y bloquearon un bulevar para pedirle a los diputados locales que destinaran recursos econ\u00f3micos para El Mexe.<\/p>\n\n\n\n<p>En esa ocasi\u00f3n tuvieron una mesa de trabajo con Daniel Fragoso y la diputada Lisset Marcelino Tovar. Adem\u00e1s, dieron a conocer que algunos de sus compa\u00f1eros se quedaban a dormir en la escuela ante la falta del internado.<\/p>\n","protected":false},"excerpt":{"rendered":"<p>Para este a\u00f1o se etiquetaron 42 millones de pesos al equipamiento y rehabilitaci\u00f3n de las instalaciones de la normal rural de El Mexe, dio a conocer el subsecretario de Educaci\u00f3n&hellip; <\/p>\n","protected":false},"author":4,"featured_media":1211,"comment_status":"closed","ping_status":"closed","sticky":false,"template":"","format":"standard","meta":{"two_page_speed":[],"_joinchat":[],"footnotes":""},"categories":[1],"tags":[222,220,119],"class_list":["post-1210","post","type-post","status-publish","format-standard","has-post-thumbnail","hentry","category-politica","tag-internado","tag-mexe","tag-seph"],"_links":{"self":[{"href":"https:\/\/revistaacropolis.com\/index.php\/wp-json\/wp\/v2\/posts\/1210","targetHints":{"allow":["GET"]}}],"collection":[{"href":"https:\/\/revistaacropolis.com\/index.php\/wp-json\/wp\/v2\/posts"}],"about":[{"href":"https:\/\/revistaacropolis.com\/index.php\/wp-json\/wp\/v2\/types\/post"}],"author":[{"embeddable":true,"href":"https:\/\/revistaacropolis.com\/index.php\/wp-json\/wp\/v2\/users\/4"}],"replies":[{"embeddable":true,"href":"https:\/\/revistaacropolis.com\/index.php\/wp-json\/wp\/v2\/comments?post=1210"}],"version-history":[{"count":2,"href":"https:\/\/revistaacropolis.com\/index.php\/wp-json\/wp\/v2\/posts\/1210\/revisions"}],"predecessor-version":[{"id":1213,"href":"https:\/\/revistaacropolis.com\/index.php\/wp-json\/wp\/v2\/posts\/1210\/revisions\/1213"}],"wp:featuredmedia":[{"embeddable":true,"href":"https:\/\/revistaacropolis.com\/index.php\/wp-json\/wp\/v2\/media\/1211"}],"wp:attachment":[{"href":"https:\/\/revistaacropolis.com\/index.php\/wp-json\/wp\/v2\/media?parent=1210"}],"wp:term":[{"taxonomy":"category","embeddable":true,"href":"https:\/\/revistaacropolis.com\/index.php\/wp-json\/wp\/v2\/categories?post=1210"},{"taxonomy":"post_tag","embeddable":true,"href":"https:\/\/revistaacropolis.com\/index.php\/wp-json\/wp\/v2\/tags?post=1210"}],"curies":[{"name":"wp","href":"https:\/\/api.w.org\/{rel}","templated":true}]}}