{"id":12120,"date":"2024-01-25T20:20:59","date_gmt":"2024-01-25T20:20:59","guid":{"rendered":"https:\/\/revistaacropolis.com\/?p=12120"},"modified":"2024-01-25T20:21:01","modified_gmt":"2024-01-25T20:21:01","slug":"tras-lista-niega-gpi-saltarse-al-pvem-en-designacion-de-candidaturas","status":"publish","type":"post","link":"https:\/\/revistaacropolis.com\/index.php\/tras-lista-niega-gpi-saltarse-al-pvem-en-designacion-de-candidaturas\/politica\/","title":{"rendered":"Tras \u201clista\u201d, niega GPI saltarse al PVEM en designaci\u00f3n de candidaturas"},"content":{"rendered":"\n<p><\/p>\n\n\n\n<p><\/p>\n\n\n\n<p><strong>Al afirmar que contin\u00faan las propuestas del Grupo Plural Independiente (GPI) para encabezar candidaturas por alcald\u00edas y diputaciones, el diputado Julio Valera Piedras neg\u00f3 que esa agrupaci\u00f3n pretende adelantarse a saltarse a la dirigencia del Partido Verde Ecologista de M\u00e9xico (PVEM) en las designaciones.<\/strong><\/p>\n\n\n\n<p><br>El domingo pasado, el grupo pol\u00edtico que encabeza del exgobernador Omar Fayad Meneses emiti\u00f3 un comunicado en el que afirma que \u201chay luz verde para el GPI\u201d para obtener m\u00e1s de 20 postulaciones para diputaciones federales, senadur\u00edas, locales y alcald\u00edas dentro de ese partido, pero un d\u00eda despu\u00e9s el Verde afirm\u00f3 que no a\u00fan hay definici\u00f3n de candidaturas.<\/p>\n\n\n\n<p><strong>Al respecto, el coordinador del GPI en el Congreso de Hidalgo rechaz\u00f3 que lo manifestado en el escrito represente un arrebato sobre la autoridad partidista del PVEM.<\/strong><\/p>\n\n\n\n<figure class=\"wp-block-pullquote\"><blockquote><p>Lo que hay es lo que dicen los comunicados, hay planteamientos, hay comunicaci\u00f3n, mesas de trabajo\u201d, dijo Valera Piedras.<\/p><\/blockquote><\/figure>\n\n\n\n<p>Si bien corrobor\u00f3 lo que menciona el comunicado sobre los perfiles que proponen, insisti\u00f3 en que no se saltar\u00e1n a la autoridad de su aliado.<\/p>\n\n\n\n<figure class=\"wp-block-pullquote\"><blockquote><p>No en absoluto, no en absoluto, para nada, nosotros tenemos un absoluto respeto por la dirigencia y estamos muy claros de que la posici\u00f3n que habremos de adoptar es seguir trabajando\u201d, manifest\u00f3.<\/p><\/blockquote><\/figure>\n\n\n\n<p>Afirm\u00f3 que existe el respeto a los acuerdos y mesas con el PVEM, tanto en su representaci\u00f3n estatal como nacional.<\/p>\n\n\n\n<p>\u201cYo creo que se dio mucha efervescencia, pero est\u00e1 claro, hay mesas de trabajo para concretar\u201d, asegur\u00f3 al tiempo que reafirm\u00f3 lo que mencion\u00f3 el diputado Octavio Maga\u00f1a Soto, quien acentu\u00f3 que ser\u00e1 el partido quien definir\u00e1 las candidaturas.<\/p>\n\n\n\n<figure class=\"wp-block-pullquote\"><blockquote><p>Lo importante es que tengan caridad de que estamos sentados, estamos trabajando y hay un total inter\u00e9s de sumar, de caminar juntos, en el marco de las posibilidades, de lo deseable y lo posible, y construir un gran proyecto\u201d, a\u00f1adi\u00f3.<\/p><\/blockquote><\/figure>\n\n\n\n<p>Sobre los acercamientos con Movimiento Ciudadano (MC) por parte de integrantes del GPI, Valera Piedras se\u00f1al\u00f3 que actualmente tienen un proyecto concreto de trabajo con el Verde; sin embargo, no hay un acuerdo de por medio.<\/p>\n\n\n\n<p>\u201cNo es que nos hayamos definido por el Partido Verde, es con quien tenemos pl\u00e1ticas\u201d, manifest\u00f3 el legislador expriista.<\/p>\n\n\n\n<p>A\u00f1adi\u00f3 que puede haber acercamientos con MC por parte de sus compa\u00f1eros que no tengan cabida por una u otra circunstancia en el proyecto con el PVEM.<\/p>\n\n\n\n<p><strong>Valera Piedras evadi\u00f3 responder sobre los puestos apalabrado para el GPI, a diferencia de lo que pretendi\u00f3 dar como hecho en el comunicado del domingo pasado.<\/strong><\/p>\n\n\n\n<p>\u201cAmarradas (candidaturas), te lo voy a decir 5 minutos antes de registro, que ah\u00ed es cuando todos los partidos que se tiene amarrado; te lo digo como expresidente un partido, que el \u00faltimo d\u00eda dadas las circunstancias de las coyunturas\u201d, es como se puede dar\u201d, dijo.<\/p>\n\n\n\n<p>Agreg\u00f3 que hay que espera las determinaciones de las instancias jurisdiccionales federales en materia electoral sobre las impugnaciones de acciones afirmativas y los criterios, por ejemplo, de la paridad de g\u00e9nero. De las resoluciones determinar\u00e1 c\u00f3mo van y en qu\u00e9 municipios postulan mujeres, dijo.<\/p>\n\n\n\n<figure class=\"wp-block-pullquote\"><blockquote><p>Hasta ese momento se puede definir\u201d, reconsider\u00f3 el diputado del GPl.<\/p><\/blockquote><\/figure>\n","protected":false},"excerpt":{"rendered":"<p>Al afirmar que contin\u00faan las propuestas del Grupo Plural Independiente (GPI) para encabezar candidaturas por alcald\u00edas y diputaciones, el diputado Julio Valera Piedras neg\u00f3 que esa agrupaci\u00f3n pretende adelantarse a&hellip; <\/p>\n","protected":false},"author":14,"featured_media":12121,"comment_status":"closed","ping_status":"closed","sticky":false,"template":"","format":"standard","meta":{"two_page_speed":[],"_joinchat":[],"footnotes":""},"categories":[1],"tags":[],"class_list":["post-12120","post","type-post","status-publish","format-standard","has-post-thumbnail","hentry","category-politica"],"_links":{"self":[{"href":"https:\/\/revistaacropolis.com\/index.php\/wp-json\/wp\/v2\/posts\/12120","targetHints":{"allow":["GET"]}}],"collection":[{"href":"https:\/\/revistaacropolis.com\/index.php\/wp-json\/wp\/v2\/posts"}],"about":[{"href":"https:\/\/revistaacropolis.com\/index.php\/wp-json\/wp\/v2\/types\/post"}],"author":[{"embeddable":true,"href":"https:\/\/revistaacropolis.com\/index.php\/wp-json\/wp\/v2\/users\/14"}],"replies":[{"embeddable":true,"href":"https:\/\/revistaacropolis.com\/index.php\/wp-json\/wp\/v2\/comments?post=12120"}],"version-history":[{"count":1,"href":"https:\/\/revistaacropolis.com\/index.php\/wp-json\/wp\/v2\/posts\/12120\/revisions"}],"predecessor-version":[{"id":12122,"href":"https:\/\/revistaacropolis.com\/index.php\/wp-json\/wp\/v2\/posts\/12120\/revisions\/12122"}],"wp:featuredmedia":[{"embeddable":true,"href":"https:\/\/revistaacropolis.com\/index.php\/wp-json\/wp\/v2\/media\/12121"}],"wp:attachment":[{"href":"https:\/\/revistaacropolis.com\/index.php\/wp-json\/wp\/v2\/media?parent=12120"}],"wp:term":[{"taxonomy":"category","embeddable":true,"href":"https:\/\/revistaacropolis.com\/index.php\/wp-json\/wp\/v2\/categories?post=12120"},{"taxonomy":"post_tag","embeddable":true,"href":"https:\/\/revistaacropolis.com\/index.php\/wp-json\/wp\/v2\/tags?post=12120"}],"curies":[{"name":"wp","href":"https:\/\/api.w.org\/{rel}","templated":true}]}}