{"id":12158,"date":"2024-01-26T20:38:45","date_gmt":"2024-01-26T20:38:45","guid":{"rendered":"https:\/\/revistaacropolis.com\/?p=12158"},"modified":"2024-01-26T20:38:57","modified_gmt":"2024-01-26T20:38:57","slug":"advierte-menchaca-sitios-de-posibilidades-ubicacion-de-raptora-de-bebe-en-pachuca","status":"publish","type":"post","link":"https:\/\/revistaacropolis.com\/index.php\/advierte-menchaca-sitios-de-posibilidades-ubicacion-de-raptora-de-bebe-en-pachuca\/politica\/","title":{"rendered":"Advierte Menchaca sitios de posibilidades ubicaci\u00f3n de raptora de beb\u00e9 en Pachuca"},"content":{"rendered":"\n<p><\/p>\n\n\n\n<p><strong>El gobernador Julio Menchaca Salazar afirm\u00f3 que las autoridades tienen ubicados los estado donde posiblemente se encuentre la mujer que es se\u00f1alada de sustraer al reci\u00e9n nacido Abdiel de Jes\u00fas Partido Ch\u00e1vez de una vivienda en la colonia Renacimiento, en Pachuca.<\/strong><\/p>\n\n\n\n<figure class=\"wp-block-pullquote\"><blockquote><p>Desde el momento en que se tuvo la denuncia estuvo atento directamente el encargado del despacho de la procuradur\u00eda platic\u00f3 con los padres, con los abuelos. Por alguna situaci\u00f3n que prefiero omitir, ya tienen algunas referencias en donde pudiera estar\u201d, dijo tras un encuentro con medios de comunicaci\u00f3n.<\/p><\/blockquote><\/figure>\n\n\n\n<p>El morenista indic\u00f3 que hay colaboraci\u00f3n con las autoridades de los estados donde pudiera estar \u201cesta persona\u201d, ubicada como origina de Veracruz.<\/p>\n\n\n\n<p><strong>El mandatario dijo que hay una convocatoria y difusi\u00f3n importante que se est\u00e1 haciendo del caso para \u201cacorralar de tal manera que no se ponga en riesgo la vida\u201d del infante.<\/strong><\/p>\n\n\n\n<figure class=\"wp-block-pullquote\"><blockquote><p>Es muy complicado y muy riesgoso, est\u00e1 despleg\u00e1ndose un operativo muy intenso\u201d, agreg\u00f3.<\/p><\/blockquote><\/figure>\n\n\n\n<p>Sobre si han detectado la presencia de Grupo Sobra, organiza delictiva que presuntamente dej\u00f3 el mensaje hallado en la vivienda de donde fue sustra\u00eddo el infante de tres d\u00edas de nacido y que se adjudica el hecho, el mandatario dijo \u201chay varias especulaciones.<\/p>\n\n\n\n<p>\u00abHay varias especulaciones. Las \u00e1reas de seguridad tienen en referencia a unos datos que ha aportado la familia, datos que est\u00e1n explorando y no se van a descansar (sic)\u201d, sostuvo.<\/p>\n\n\n\n<p><strong>De acuerdo con la ficha de b\u00fasqueda \u0421\u0412\u0420\u0415\u041d\/036\/2024, el menor viste un mameluco azul claro, pantal\u00f3n rayado de blanco y negro y saco para dormir beige con blanco con la figura de una vaca.<\/strong><\/p>\n\n\n\n<p>De acuerdo con el reporte policial, la cuidadora del menor sustrajo a Adbiel Jes\u00fas mientras los padres dorm\u00edan, la madrugada de ayer.<\/p>\n\n\n\n<h3 class=\"wp-block-heading\">AGUA E INVERSI\u00d3N EN PRESA<\/h3>\n\n\n\n<p>Ante la problem\u00e1tica de agua que se vive en la entidad, el mandatario estatal refiri\u00f3 que posterior a la inversi\u00f3n que se ejecut\u00f3 por m\u00e1s de mil 500 millones de pesos en infraestructura h\u00eddrica, se espera otra para la presa de Zacualtip\u00e1n, adem\u00e1s de que se contempla la intervenci\u00f3n para una segunda fuente de abastecimiento que se localiz\u00f3, lo cual tendr\u00eda un costo por otros 50 millones de pesos.<\/p>\n\n\n\n<figure class=\"wp-block-pullquote\"><blockquote><p>Ya destinamos mil 500 millones, si el segundo estudio de Zacualtip\u00e1n nos da favorable para hacer la presa, para hacer la cortina, ya est\u00e1n destinados 250 millones, adem\u00e1s afortunadamente, junto con Conagua, se encontr\u00f3 una fuente de abastecimiento, una segunda fuente de abastecimiento que de acuerdo al estudio t\u00e9cnico ser\u00edan cerca de 50 millones\u201d, dijo.<\/p><\/blockquote><\/figure>\n\n\n\n<p>Para atender la escasez que se pronostica para este a\u00f1o, abund\u00f3 que se emplean trabajos de saneamiento de la red y emprendimiento para la concientizaci\u00f3n del corrector uso del l\u00edquido.<\/p>\n\n\n\n<p>\u201cNosotros destinamos los recursos para la infraestructura y vamos a desplegar toda una pol\u00edtica del cuidado del agua y de reutilizaci\u00f3n del agua\u201d, manifest\u00f3 ante lo \u201cmaleducados\u201d que -dijo- es los ciudadanos, principalmente de las zonas metropolitanas y urbanizadas del estado.<\/p>\n\n\n\n<p><strong>Ante ello, sostuvo, sigue la pol\u00edtica de renovaci\u00f3n de l\u00edneas de conducci\u00f3n, evitar las fugas, as\u00ed como el robo de agua, junto al pago correcto por este servicio.<\/strong><\/p>\n\n\n\n<p>En tanto, Menchaca Salazar confirm\u00f3 de que ya cuenta con el proyecto de iniciativa para que el robo de combustible sea un delito concurrente a los estados y as\u00ed puedan emprender acciones penales en lo local y emplear la extinci\u00f3n de dominio con mayor agilidad.<\/p>\n\n\n\n<figure class=\"wp-block-pullquote\"><blockquote><p>Si lo hacemos concurrente, a la vez de agilizar la cuesti\u00f3n procesal, tambi\u00e9n tendr\u00eda injerencia en la extinci\u00f3n de dominio a favor del estado\u201d, plante\u00f3 Menchaca Salazar, quien lo presentar\u00e1 a sus compa\u00f1eros en la pr\u00f3xima reuni\u00f3n que sostenga la Conferencia Nacional de Gobernadores (Conago), de la cual es presidente de la Comisi\u00f3n de Justicia.<\/p><\/blockquote><\/figure>\n\n\n\n<p><strong>El paso a seguir es que el Congreso local modifique la Constituci\u00f3n Pol\u00edtica de los Estados Unidos Mexicanos en su art\u00edculo 73<br>y con ello dar a las entidades federativas la atribuci\u00f3n para que no solamente sean primeros respondientes los polic\u00edas,<\/strong> sino que se puedan ejecutar acciones penales.<\/p>\n\n\n\n<p>Con informaci\u00f3n de Alan Jim\u00e9nez<\/p>\n","protected":false},"excerpt":{"rendered":"<p>El gobernador Julio Menchaca Salazar afirm\u00f3 que las autoridades tienen ubicados los estado donde posiblemente se encuentre la mujer que es se\u00f1alada de sustraer al reci\u00e9n nacido Abdiel de Jes\u00fas&hellip; <\/p>\n","protected":false},"author":14,"featured_media":12159,"comment_status":"closed","ping_status":"closed","sticky":false,"template":"","format":"standard","meta":{"two_page_speed":[],"_joinchat":[],"footnotes":""},"categories":[1],"tags":[],"class_list":["post-12158","post","type-post","status-publish","format-standard","has-post-thumbnail","hentry","category-politica"],"_links":{"self":[{"href":"https:\/\/revistaacropolis.com\/index.php\/wp-json\/wp\/v2\/posts\/12158","targetHints":{"allow":["GET"]}}],"collection":[{"href":"https:\/\/revistaacropolis.com\/index.php\/wp-json\/wp\/v2\/posts"}],"about":[{"href":"https:\/\/revistaacropolis.com\/index.php\/wp-json\/wp\/v2\/types\/post"}],"author":[{"embeddable":true,"href":"https:\/\/revistaacropolis.com\/index.php\/wp-json\/wp\/v2\/users\/14"}],"replies":[{"embeddable":true,"href":"https:\/\/revistaacropolis.com\/index.php\/wp-json\/wp\/v2\/comments?post=12158"}],"version-history":[{"count":1,"href":"https:\/\/revistaacropolis.com\/index.php\/wp-json\/wp\/v2\/posts\/12158\/revisions"}],"predecessor-version":[{"id":12160,"href":"https:\/\/revistaacropolis.com\/index.php\/wp-json\/wp\/v2\/posts\/12158\/revisions\/12160"}],"wp:featuredmedia":[{"embeddable":true,"href":"https:\/\/revistaacropolis.com\/index.php\/wp-json\/wp\/v2\/media\/12159"}],"wp:attachment":[{"href":"https:\/\/revistaacropolis.com\/index.php\/wp-json\/wp\/v2\/media?parent=12158"}],"wp:term":[{"taxonomy":"category","embeddable":true,"href":"https:\/\/revistaacropolis.com\/index.php\/wp-json\/wp\/v2\/categories?post=12158"},{"taxonomy":"post_tag","embeddable":true,"href":"https:\/\/revistaacropolis.com\/index.php\/wp-json\/wp\/v2\/tags?post=12158"}],"curies":[{"name":"wp","href":"https:\/\/api.w.org\/{rel}","templated":true}]}}