{"id":12174,"date":"2024-01-27T19:01:09","date_gmt":"2024-01-27T19:01:09","guid":{"rendered":"https:\/\/revistaacropolis.com\/?p=12174"},"modified":"2024-01-27T19:01:21","modified_gmt":"2024-01-27T19:01:21","slug":"pedira-pachuca-apoyo-al-ieeh-para-eleccion-de-delegados","status":"publish","type":"post","link":"https:\/\/revistaacropolis.com\/index.php\/pedira-pachuca-apoyo-al-ieeh-para-eleccion-de-delegados\/politica\/","title":{"rendered":"Pedir\u00e1 Pachuca apoyo al IEEH para elecci\u00f3n de delegados"},"content":{"rendered":"\n<p><\/p>\n\n\n\n<p><strong>El regidor del ayuntamiento de Pachuca C\u00e9sar Ram\u00edrez Nieto confirm\u00f3 que pedir\u00e1n el apoyo del Instituto Estatal Electoral (IEEH) para que revisen las cuestiones t\u00e9cnicas de la convocatoria a emitir para la elecci\u00f3n de delegados en cinco colonias y fraccionamientos del municipio, as\u00ed como acompa\u00f1amiento en el tema de la validaci\u00f3n de la elecci\u00f3n.<\/strong><\/p>\n\n\n\n<p>En entrevista, el presidente de la Comisi\u00f3n de Participaci\u00f3n Ciudadana en el ayuntamiento, ente encargado de la emisi\u00f3n de la convocatoria ordenada en la sentencia del Tribunal Electoral del Estado de Hidalgo (TEEH) para la elecci\u00f3n de las autoridades auxiliares en las colonias Miguel Hidalgo, Ampliaci\u00f3n Santa Julia, Santa Matilde, ISSSTE y fraccionamiento Aquiles Serd\u00e1n, mencion\u00f3 que apenas est\u00e1 revisando los lineamientos para el documento.<\/p>\n\n\n\n<p><strong>Indic\u00f3 que suscribir\u00e1n dos oficios que dirigir\u00e1n al IEEH con el fin de que les den acompa\u00f1amiento durante este proceso.<\/strong><\/p>\n\n\n\n<p>El primero se centrar\u00e1 en que solicitud de apoyar para la revisi\u00f3n de la convocatoria y las cuestiones t\u00e9cnicas de la misma, con lo cual buscan el visto bueno, adem\u00e1s de recomendaciones u otros puntos de vista.<\/p>\n\n\n\n<p><strong>El segundo oficio, puntualiz\u00f3 el regidor, es para conocer si el organismo electoral local puede dar acompa\u00f1amiento para la celebraci\u00f3n del proceso de selecci\u00f3n.<\/strong><\/p>\n\n\n\n<figure class=\"wp-block-pullquote\"><blockquote><p>Ahorita vamos a mandar un oficio al Instituto Estatal Electoral, apenas lo vamos a mandar, para que nos puedan dar su visto para ver si esta convocatoria est\u00e1 bien hecha o si ellos nos pueden dar alguna otra recomendaci\u00f3n o alg\u00fan otro par\u00e1metro que quiz\u00e1s nosotros no estemos viendo y, adem\u00e1s, vamos a mandar un oficio segundo para pedirle su acompa\u00f1amiento pedirles que nos acompa\u00f1en el tema de la validaci\u00f3n\u00bb, refiri\u00f3.<\/p><\/blockquote><\/figure>\n\n\n\n<p>Respecto al gasto que tendr\u00e1 el ayuntamiento por esta elecci\u00f3n vecinal, el regidor dijo desconocer a cu\u00e1nto ascender\u00e1, pues todav\u00eda no se contempla un estimado, aunque ser\u00e1 una elecci\u00f3n \u00abaustera\u201d.<\/p>\n\n\n\n<p>En cuanto a la din\u00e1mica para tener tratamiento por parte del Tribunal Electoral,<\/p>\n\n\n\n<p><strong>Ramirez Nieto justific\u00f3 la tardanza para atender las convocatoria en menci\u00f3n (de la que solicitaron una pr\u00f3rroga al TEEH)<\/strong>, pues refiri\u00f3 que ninguno de los reglamentos del ayuntamiento indican, obligan, puntualizan o consideran que la comisi\u00f3n de Participaci\u00f3n Ciudadana, que \u00e9l preside, es la responsable de emitir la convocatoria para delegados; sin embargo,, por mutuo acuerdo de los asamble\u00edstas se determin\u00f3 turnarla a ese ente edilicio.<\/p>\n\n\n\n<figure class=\"wp-block-pullquote\"><blockquote><p>Mira, como tal el reglamento, te digo que hay que reformarlo o hay que generar el nuevo; en ning\u00fan momento mandata a la comisi\u00f3n de Participaci\u00f3n Ciudadana para la elecci\u00f3n de delegados, el reglamento habla que nosotros solamente seremos los encargados de la Comisi\u00f3n de la Elecci\u00f3n de los presidentes de Consejo de Colaboraci\u00f3n, que son dos figuras distintas, entonces como tal quedaba en el limbo qui\u00e9n se iba a encargar de la elecci\u00f3n de delegados\u00bb, expuso.<\/p><\/blockquote><\/figure>\n\n\n\n<p>En lo que se realizan los preparativos para la convocatoria, el TEEH respondi\u00f3 a la pr\u00f3rroga que pidi\u00f3 el ayuntamiento para atender la sentencia del 2 de enero.<\/p>\n\n\n\n<p>De acuerdo con la resoluci\u00f3n plenaria de los magistrados, de 23 de enero, se determin\u00f3 conceder la pr\u00f3rroga de 15 d\u00edas para que se lleven a cabo los procesos relativos al an\u00e1lisis y aprobaci\u00f3n de la convocatoria y lineamientos.<\/p>\n\n\n\n<figure class=\"wp-block-pullquote\"><blockquote><p>Derivado de lo anterior, en atenci\u00f3n al tiempo que ha transcurrido a partir de que le fue notificada a la autoridad responsable la sentencia en estudio y toda vez que el \u00fanico plazo que ha vencido es el relativo a los diez d\u00edas h\u00e1biles otorgados a la responsable a fin de emitir la Convocatoria de Delegado o Subdelegado, este Tribunal Electoral considera procedente concederle la pr\u00f3rroga solicitada por un plazo improrrogable de quince d\u00edas h\u00e1biles contados a partir de la notificaci\u00f3n del presente acuerdo, a efecto de que emita la Convocatoria respectiva en los t\u00e9rminos ordenados en la sentencia dictada en el presente juicio. Resoluci\u00f3n plenaria del 23 de enero de 2024&#8243;, puntualiza el acuerdo.<\/p><\/blockquote><\/figure>\n\n\n\n<h3 class=\"wp-block-heading\">NUEVO REGLAMENTO<\/h3>\n\n\n\n<p>Debido a la ambig\u00fcedad para determinar qui\u00e9n debe organizar este tipo de elecciones, as\u00ed como otras lagunas, el regidor acredit\u00f3 que es necesario no solamente modificar aspectos, sino hacer un nuevo reglamento en la materia para la elecci\u00f3n de espacios de representaci\u00f3n vecinal.<\/p>\n\n\n\n<figure class=\"wp-block-pullquote\"><blockquote><p>Mira, es una realidad, el reglamento actual est\u00e1 muy mal. Est\u00e1 muy desfasado. Es un reglamento desde el 2011, como regidor present\u00e9 una iniciativa hace dos a\u00f1os para poder crear un nuevo reglamento\u00bb, puntualiz\u00f3 el integrante del Grupo Plural Independiente en el Cabildo de Pachuca.<\/p><\/blockquote><\/figure>\n\n\n\n<p>Sin embargo, este asunto sigue en la congeladora, lo cual considera que se debe a \u201ccomplejidades\u00bb, pues manifest\u00f3 que requiere de foros ciudadanos.<\/p>\n\n\n\n<p>\u00abNo se puede aprobar al vapor, ciertamente requiere de muchas mesas de an\u00e1lisis para que pueda salir lo mejor librado posible y, sobre todo, que toque las lagunas que hoy est\u00e1n tan abiertas en la legislaci\u00f3n\u00bb, puntualiz\u00f3.<\/p>\n\n\n\n<p><strong>Asegur\u00f3 que el actual reglamento dista mucho de lo que dice la Ley Org\u00e1nica Municipal del Estado de Hidalgo, as\u00ed como de la Ley de Participaci\u00f3n Ciudadana, de ah\u00ed la importancia de alinearlo, dijo.<\/strong><\/p>\n\n\n\n<p>Con esta iniciativa, a\u00f1adi\u00f3, se puede rectificar el punto respeto de que las autoridades auxiliares pueden ser designados por el alcalde en turno, para que ahora sean los propios ciudadanos quienes los elijan mediante m\u00e9todos democr\u00e1ticos y co ello se asemeje lo m\u00e1s posible a lo que dicta la Ley Org\u00e1nica Municipal para el Estado de Hidalgo.<\/p>\n","protected":false},"excerpt":{"rendered":"<p>El regidor del ayuntamiento de Pachuca C\u00e9sar Ram\u00edrez Nieto confirm\u00f3 que pedir\u00e1n el apoyo del Instituto Estatal Electoral (IEEH) para que revisen las cuestiones t\u00e9cnicas de la convocatoria a emitir&hellip; <\/p>\n","protected":false},"author":14,"featured_media":12175,"comment_status":"closed","ping_status":"closed","sticky":false,"template":"","format":"standard","meta":{"two_page_speed":[],"_joinchat":[],"footnotes":""},"categories":[1],"tags":[],"class_list":["post-12174","post","type-post","status-publish","format-standard","has-post-thumbnail","hentry","category-politica"],"_links":{"self":[{"href":"https:\/\/revistaacropolis.com\/index.php\/wp-json\/wp\/v2\/posts\/12174","targetHints":{"allow":["GET"]}}],"collection":[{"href":"https:\/\/revistaacropolis.com\/index.php\/wp-json\/wp\/v2\/posts"}],"about":[{"href":"https:\/\/revistaacropolis.com\/index.php\/wp-json\/wp\/v2\/types\/post"}],"author":[{"embeddable":true,"href":"https:\/\/revistaacropolis.com\/index.php\/wp-json\/wp\/v2\/users\/14"}],"replies":[{"embeddable":true,"href":"https:\/\/revistaacropolis.com\/index.php\/wp-json\/wp\/v2\/comments?post=12174"}],"version-history":[{"count":1,"href":"https:\/\/revistaacropolis.com\/index.php\/wp-json\/wp\/v2\/posts\/12174\/revisions"}],"predecessor-version":[{"id":12176,"href":"https:\/\/revistaacropolis.com\/index.php\/wp-json\/wp\/v2\/posts\/12174\/revisions\/12176"}],"wp:featuredmedia":[{"embeddable":true,"href":"https:\/\/revistaacropolis.com\/index.php\/wp-json\/wp\/v2\/media\/12175"}],"wp:attachment":[{"href":"https:\/\/revistaacropolis.com\/index.php\/wp-json\/wp\/v2\/media?parent=12174"}],"wp:term":[{"taxonomy":"category","embeddable":true,"href":"https:\/\/revistaacropolis.com\/index.php\/wp-json\/wp\/v2\/categories?post=12174"},{"taxonomy":"post_tag","embeddable":true,"href":"https:\/\/revistaacropolis.com\/index.php\/wp-json\/wp\/v2\/tags?post=12174"}],"curies":[{"name":"wp","href":"https:\/\/api.w.org\/{rel}","templated":true}]}}