{"id":12289,"date":"2024-02-01T05:01:24","date_gmt":"2024-02-01T05:01:24","guid":{"rendered":"https:\/\/revistaacropolis.com\/?p=12289"},"modified":"2024-02-01T05:14:53","modified_gmt":"2024-02-01T05:14:53","slug":"mesa-de-aspirantes-de-morena-por-pachuca-el-9-de-febrero-rico-mercado","status":"publish","type":"post","link":"https:\/\/revistaacropolis.com\/index.php\/mesa-de-aspirantes-de-morena-por-pachuca-el-9-de-febrero-rico-mercado\/politica\/","title":{"rendered":"Mesa de aspirantes de Morena por Pachuca, el 9 de febrero: Rico Mercado"},"content":{"rendered":"\n<p>La mesa de \u201cde di\u00e1logo y fortalecimiento\u00bb entre a<strong>spirantes de Morena a la candidatura por el ayuntamiento de Pachuca se llevar\u00e1 a cabo el pr\u00f3ximo 9 de febrero<\/strong>, con lo cual cerrar\u00e1n las reuniones entre quienes busca una candidatura por alcald\u00edas, afirm\u00f3 el presidente del Comit\u00e9 Ejecutivo Estatal, Marco Antonio Rico Mercado.<\/p>\n\n\n\n<p>\u00abEl 9 de febrero puede ser (el final de la mesas), si tenemos un imprevisto hay la flexibilidad, 10, 11 de febrero\u201d, expuso en conferencia de prensa.\u00a0<\/p>\n\n\n\n<p>Indic\u00f3 que <strong>entre los municipios que faltan se encuentran Tepeapulco y Tulancingo,<\/strong> de este \u00faltimo se efectuar\u00e1 la reuni\u00f3n de aspirantes el 8 de febrero.<\/p>\n\n\n\n<p>Hasta el momento se han realizado encuentros entre quienes buscan encabezar las candidaturas en 37 ayuntamiento, con la participaci\u00f3n de 350 aspirantes \u00abcon registro en mano\u201d.<\/p>\n\n\n\n<p>Entre ellos se encuentran <strong>Alfajayucan, Cardonal, Chapuluac\u00e1n, Chilcuautla, Jacala, La Misi\u00f3n, Nicolas Flores, Pacula, Pisaflores, Progreso de Obreg\u00f3n, Tasquillo, Tlahuiltepa, Zimap\u00e1n, Santiago de Anaya, El Arenal, Epazoyuca, Huasca de Ocampo, Metztitl\u00e1n, Mineral del Chico, Mineral del Monte, Mineral de la Reforma, Omitl\u00e1n, Singuilucan, Acatl\u00e1n, San Bartolo Tutotepec, Huehuetla, Agua Blanca, Metepec, Acaxochitl\u00e1n, Tenango de Doria, Santiago Tulantepec, Atotonico de Tula, Chapantongo, Huichapan, Nopala y Tepeji del R\u00edo<\/strong>.<\/p>\n\n\n\n<p>\u201cTal vez no vinieron todos y todas que tienen registro, pero queremos pedirle a los compa\u00f1ero, les comento que las mesas van a estar de manera permanente en los municipios, (que) aquellos que no han podido asistir ac\u00e1 se incorporen. Pero tambi\u00e9n con la invitaci\u00f3n que vengan a refrendar ac\u00e1 el compromiso del resto de aspirantes a ellos\u201d, dijo Rico Mercado.<\/p>\n\n\n\n<p>El dirigente indic\u00f3 que hasta el monto <strong>no han alcanzado alg\u00fan acuerdo de candidatura de unidad<\/strong>, \u00abpor eso la permanencia de las mesa\u201d. Reconoci\u00f3 que se est\u00e1 acortando el tiempo para ello, pues a m\u00e1s tardar el 17 de febrero se deben dar \u00ablos filtros\u00bb y en marzo, las candidaturas.\u00a0<\/p>\n\n\n\n<figure class=\"wp-block-pullquote\"><blockquote><p>Si no (se logran) no pasa nada, esta garantizado el proceso de selecci\u00f3n a trav\u00e9s de la encuesta\u201d, expres\u00f3.<\/p><\/blockquote><\/figure>\n\n\n\n<p>Insisti\u00f3 en que los candidatos ser\u00e1n anunciados por la Comisi\u00f3n Nacional de Elecciones (CNE), por lo que pidi\u00f3 no especular con la informaci\u00f3n \u201cdesestabilizadora\u201d emitida en listas filtradas de supuestos aspirantes.<\/p>\n\n\n\n<h3 class=\"wp-block-heading\">DOBLE REGISTRO&nbsp;<\/h3>\n\n\n\n<p>Rico Mercado indic\u00f3 que <strong>los aspirante pudieron registrarse tanto por un cargo local (diputaci\u00f3n, alcald\u00eda, regidur\u00eda o sindicatura) como por un cargo federal<\/strong> (diputaci\u00f3n o esca\u00f1o), por lo que si no son seleccionados por uno tiene posibilidad en el otro.<\/p>\n\n\n\n<figure class=\"wp-block-image size-full\"><img fetchpriority=\"high\" decoding=\"async\" width=\"800\" height=\"487\" src=\"https:\/\/revistaacropolis.com\/wp-content\/uploads\/2024\/02\/image-2.png\" alt=\"\" class=\"wp-image-12291\" srcset=\"https:\/\/revistaacropolis.com\/wp-content\/uploads\/2024\/02\/image-2.png 800w, https:\/\/revistaacropolis.com\/wp-content\/uploads\/2024\/02\/image-2-300x183.png 300w, https:\/\/revistaacropolis.com\/wp-content\/uploads\/2024\/02\/image-2-768x468.png 768w, https:\/\/revistaacropolis.com\/wp-content\/uploads\/2024\/02\/image-2-600x365.png 600w\" sizes=\"(max-width: 800px) 100vw, 800px\" \/><\/figure>\n\n\n\n<figure class=\"wp-block-pullquote\"><blockquote><p>Hubo un plazo para registrarse, una primera etapa de registros que tuvo que ver con lo federal, se cerr\u00f3, luego se abri\u00f3 un etapa de registros en lo local\u201d, expuso.<\/p><\/blockquote><\/figure>\n\n\n\n<p>Asever\u00f3 que con ello no est\u00e1n desplazando \u00ababsolutamente a nadie\u201d y afirm\u00f3 que todos \u00abjuegan en igualdad de condiciones\u201d.<\/p>\n\n\n\n<h3 class=\"wp-block-heading\">DatoAcro<\/h3>\n\n\n\n<p><em>-Respecto al diputado local perredista Miguel \u00c1ngel Martinez G\u00f3mez, el Oso, quien participa en la contienda interna siento miembro de otro partido, el presidente dijo que la dirigencia estatal de\u00a0 Morena da conducci\u00f3n pol\u00edtica al proceso interno, no sanciona. Afirm\u00f3 que \u00e9l no tiene facultad estatutaria \u00abde decirle no a nadie\u201d, pese a su percepci\u00f3n personal.<\/em><\/p>\n\n\n\n<p><em>-La Comisi\u00f3n Nacional de Elecci\u00f3n, dijo, es la facultada para determinar los filtros de los aspirantes.<\/em><\/p>\n","protected":false},"excerpt":{"rendered":"<p>La mesa de \u201cde di\u00e1logo y fortalecimiento\u00bb entre aspirantes de Morena a la candidatura por el ayuntamiento de Pachuca se llevar\u00e1 a cabo el pr\u00f3ximo 9 de febrero, con lo&hellip; <\/p>\n","protected":false},"author":4,"featured_media":12291,"comment_status":"closed","ping_status":"closed","sticky":false,"template":"","format":"standard","meta":{"two_page_speed":[],"_joinchat":[],"footnotes":""},"categories":[1],"tags":[1249,50,91],"class_list":["post-12289","post","type-post","status-publish","format-standard","has-post-thumbnail","hentry","category-politica","tag-elecciones","tag-morena","tag-pachuca"],"_links":{"self":[{"href":"https:\/\/revistaacropolis.com\/index.php\/wp-json\/wp\/v2\/posts\/12289","targetHints":{"allow":["GET"]}}],"collection":[{"href":"https:\/\/revistaacropolis.com\/index.php\/wp-json\/wp\/v2\/posts"}],"about":[{"href":"https:\/\/revistaacropolis.com\/index.php\/wp-json\/wp\/v2\/types\/post"}],"author":[{"embeddable":true,"href":"https:\/\/revistaacropolis.com\/index.php\/wp-json\/wp\/v2\/users\/4"}],"replies":[{"embeddable":true,"href":"https:\/\/revistaacropolis.com\/index.php\/wp-json\/wp\/v2\/comments?post=12289"}],"version-history":[{"count":2,"href":"https:\/\/revistaacropolis.com\/index.php\/wp-json\/wp\/v2\/posts\/12289\/revisions"}],"predecessor-version":[{"id":12293,"href":"https:\/\/revistaacropolis.com\/index.php\/wp-json\/wp\/v2\/posts\/12289\/revisions\/12293"}],"wp:featuredmedia":[{"embeddable":true,"href":"https:\/\/revistaacropolis.com\/index.php\/wp-json\/wp\/v2\/media\/12291"}],"wp:attachment":[{"href":"https:\/\/revistaacropolis.com\/index.php\/wp-json\/wp\/v2\/media?parent=12289"}],"wp:term":[{"taxonomy":"category","embeddable":true,"href":"https:\/\/revistaacropolis.com\/index.php\/wp-json\/wp\/v2\/categories?post=12289"},{"taxonomy":"post_tag","embeddable":true,"href":"https:\/\/revistaacropolis.com\/index.php\/wp-json\/wp\/v2\/tags?post=12289"}],"curies":[{"name":"wp","href":"https:\/\/api.w.org\/{rel}","templated":true}]}}