{"id":12343,"date":"2024-02-03T01:31:43","date_gmt":"2024-02-03T01:31:43","guid":{"rendered":"https:\/\/revistaacropolis.com\/?p=12343"},"modified":"2024-02-03T01:31:56","modified_gmt":"2024-02-03T01:31:56","slug":"dice-moreira-que-revelara-propuestas-indecorosas-de-fayad","status":"publish","type":"post","link":"https:\/\/revistaacropolis.com\/index.php\/dice-moreira-que-revelara-propuestas-indecorosas-de-fayad\/politica\/","title":{"rendered":"Dice Moreira que revelar\u00e1 propuestas \u201dindecorosas\u201d de Fayad."},"content":{"rendered":"\n<p><strong>El coordinador de los diputados federales del PartidoRevolucionario Institucional (PRI), Rub\u00e9n Moreira Valdez, asever\u00f3 que ma\u00f1ana informar\u00e1 a trav\u00e9s de sus redes sociales sobre las propuestas \u00abindecorosas\u201d hechas por el exmandatario de Hidalgo Omar Fayad Meneses, a quien acus\u00f3 de entregar a sus compa\u00f1eros y amigos.<\/strong><\/p>\n\n\n\n<figure class=\"wp-block-image size-large\"><img fetchpriority=\"high\" decoding=\"async\" width=\"1024\" height=\"684\" src=\"https:\/\/revistaacropolis.com\/wp-content\/uploads\/2024\/02\/F6FB2210-870A-4AA9-8617-B1BB610BA08F-1024x684.jpeg\" alt=\"\" class=\"wp-image-12344\" srcset=\"https:\/\/revistaacropolis.com\/wp-content\/uploads\/2024\/02\/F6FB2210-870A-4AA9-8617-B1BB610BA08F-1024x684.jpeg 1024w, https:\/\/revistaacropolis.com\/wp-content\/uploads\/2024\/02\/F6FB2210-870A-4AA9-8617-B1BB610BA08F-300x200.jpeg 300w, https:\/\/revistaacropolis.com\/wp-content\/uploads\/2024\/02\/F6FB2210-870A-4AA9-8617-B1BB610BA08F-768x513.jpeg 768w, https:\/\/revistaacropolis.com\/wp-content\/uploads\/2024\/02\/F6FB2210-870A-4AA9-8617-B1BB610BA08F-1536x1026.jpeg 1536w, https:\/\/revistaacropolis.com\/wp-content\/uploads\/2024\/02\/F6FB2210-870A-4AA9-8617-B1BB610BA08F-600x401.jpeg 600w, https:\/\/revistaacropolis.com\/wp-content\/uploads\/2024\/02\/F6FB2210-870A-4AA9-8617-B1BB610BA08F.jpeg 1600w\" sizes=\"(max-width: 1024px) 100vw, 1024px\" \/><\/figure>\n\n\n\n<p>En su visita a Hidalgo como ponente en este foro denominado La Paz es Posible, que se organiz\u00f3 en la sede del PRI Hidalgo, el esposo de la secretaria general del tricolor, Carolina Viggiano Austria, asever\u00f3 que el ahora embajador de M\u00e9xico en el Reino de Noruega, le hizo una serie de propuestas, aunque no dijo el car\u00e1cter o temas de estas.<\/p>\n\n\n\n<figure class=\"wp-block-pullquote\"><blockquote><p>Ma\u00f1ana van a ver ustedes las propuestas indecorosas que tuvimos de un mal priista y un p\u00e9simo gobernador\u201d, manifest\u00f3 el exgobernador de Coahuila.<\/p><\/blockquote><\/figure>\n\n\n\n<p>Dijo que Fayad Meneses fue un traidor con sus excolaboradores, hoy detenidos, perseguidos por presuntos actos de corrupci\u00f3n, mientras \u00e9l se encuentra como responsable en de la representaci\u00f3n diplom\u00e1tica en el pa\u00eds n\u00f3rdico.<\/p>\n\n\n\n<p>\u201c\u00c9l no defendi\u00f3 a su estado, \u00e9l pudo haber sacado beneficios del aeropuerto del AIFA y no sac\u00f3 ninguno, \u00e9l entreg\u00f3 a sus compa\u00f1eros, a sus amigos los entreg\u00f3\u201d afirm\u00f3 Moreira Valde.<\/p>\n\n\n\n<p>\u201c\u00bfC\u00f3mo es posible que los est\u00e9n persiguiendo a ellos y a \u00e9l no?\u201d, cuestion\u00f3.<\/p>\n\n\n\n<p><strong>El priista reiter\u00f3 que dar\u00e1 a conocer \u201cel tipo de personaje que hab\u00eda\u201d gobernando la entidad.<\/strong><\/p>\n\n\n\n<h2 class=\"wp-block-heading\">AFIMA QUE HAY OCULTAMIENTO DE DELITOS EN HIDALGO<\/h2>\n\n\n\n<p><strong>Durante su intervenci\u00f3n en el foro priista, asegur\u00f3 que en la entidad existe una \u201ccifra negra\u00bb <\/strong>asuntos delictivos que no se est\u00e1n reportando, en especial los homicidios, \u201ccomo marca de los gobiernos morenistas\u201d.<\/p>\n\n\n\n<p>En su interpretaci\u00f3n de los datos y estad\u00edsticas sobre la incidencia delictiva, asegur\u00f3 que en muchos lugares se pon\u00eda la carpeta y en otros el homicidio, por lo que en una denuncia podr\u00eda haber 10 casos de este delito y se cuenta como uno.<\/p>\n\n\n\n<p><strong>Al hacer un compendio de los puntos m\u00e1s violentos del pa\u00eds, todos -dijo- de gobiernos morenistas y de Movimiento Ciudadano,<\/strong> Moreira Valdez asegur\u00f3 que en Hidalgo, de manos del mandatario Julio Menchaca Salazar, se ocultan homicidios en las cifras oficiales. Enlist\u00f3 asuntos que, a decir de \u00e9l, no se incluyeron en los reportes.<\/p>\n\n\n\n<figure class=\"wp-block-pullquote\"><blockquote><p>Tizayuca, encontraron una fosa clandestina, restos de cr\u00e1neo y varios huesos el 2023 de abril, estamos hablando del a\u00f1o pasado, pues no lo reportaron, el se\u00f1or Menchaca se lo guard\u00f3\u201d, manifest\u00f3.<\/p><\/blockquote><\/figure>\n\n\n\n<p>\u201cMineral de la Reforma el d\u00eda 17 de mayo restos de un masculino (\u2026), no identificado, fosa clandestina, 17 de mayo, no lo reportaron (\u2026), 23 de enero de 2024, el Arenalito, municipio de El Cardonal, respiradero de una mina abandonada, ah\u00ed encontraron 3 cuerpos, pero nada m\u00e1s reportaron uno en el sistema, ah\u00ed Menchaca se comi\u00f3 dos. Dicen que yo soy grosero en como hablo, yo no soy grosero soy lepero, es distinto, grosero es esto, no registrarlos\u201d, recrimin\u00f3 el coahuilense, esposo de la excandidata tricolor a la gubernatura.<\/p>\n\n\n\n<p><strong>En respuesta a los se\u00f1alamiento de ocultamiento de informaci\u00f3n sobre los delitos, Menchaca Salazar le dio lectura de cuestiones de car\u00e1cter electoral estas la menciones de Moreira Valdez.<\/strong><\/p>\n\n\n\n<p>\u201cYa est\u00e1n en campa\u00f1a, un poco la sugerencia es que vea por el espejo retrovisor a Coahuila que es su estado, y hay referencias (por presuntos v\u00ednculos delictivos) que tendr\u00edan \u00e9l como exgobernador que hacer los comentarios\u201d, respondi\u00f3 a las cr\u00edticas del priista casi en tiempo real.<br>Adem\u00e1s, desestim\u00f3 las acusaciones de maquillaje de cifras en homicidios y fosas clandestinas que asegur\u00f3 el coahuilense existen en Hidalgo.<\/p>\n\n\n\n<figure class=\"wp-block-pullquote\"><blockquote><p>Cualquier situaci\u00f3n que se est\u00e9 dando de aqu\u00ed para adelante en ese tenor, pues forma parte de una ruta que establecen para tener presencia medi\u00e1tica y estar haciendo eventos de campa\u00f1a\u201d, agreg\u00f3 el morenista.<\/p><\/blockquote><\/figure>\n","protected":false},"excerpt":{"rendered":"<p>El coordinador de los diputados federales del PartidoRevolucionario Institucional (PRI), Rub\u00e9n Moreira Valdez, asever\u00f3 que ma\u00f1ana informar\u00e1 a trav\u00e9s de sus redes sociales sobre las propuestas \u00abindecorosas\u201d hechas por el&hellip; <\/p>\n","protected":false},"author":14,"featured_media":12345,"comment_status":"closed","ping_status":"closed","sticky":false,"template":"","format":"standard","meta":{"two_page_speed":[],"_joinchat":[],"footnotes":""},"categories":[1],"tags":[],"class_list":["post-12343","post","type-post","status-publish","format-standard","has-post-thumbnail","hentry","category-politica"],"_links":{"self":[{"href":"https:\/\/revistaacropolis.com\/index.php\/wp-json\/wp\/v2\/posts\/12343","targetHints":{"allow":["GET"]}}],"collection":[{"href":"https:\/\/revistaacropolis.com\/index.php\/wp-json\/wp\/v2\/posts"}],"about":[{"href":"https:\/\/revistaacropolis.com\/index.php\/wp-json\/wp\/v2\/types\/post"}],"author":[{"embeddable":true,"href":"https:\/\/revistaacropolis.com\/index.php\/wp-json\/wp\/v2\/users\/14"}],"replies":[{"embeddable":true,"href":"https:\/\/revistaacropolis.com\/index.php\/wp-json\/wp\/v2\/comments?post=12343"}],"version-history":[{"count":1,"href":"https:\/\/revistaacropolis.com\/index.php\/wp-json\/wp\/v2\/posts\/12343\/revisions"}],"predecessor-version":[{"id":12346,"href":"https:\/\/revistaacropolis.com\/index.php\/wp-json\/wp\/v2\/posts\/12343\/revisions\/12346"}],"wp:featuredmedia":[{"embeddable":true,"href":"https:\/\/revistaacropolis.com\/index.php\/wp-json\/wp\/v2\/media\/12345"}],"wp:attachment":[{"href":"https:\/\/revistaacropolis.com\/index.php\/wp-json\/wp\/v2\/media?parent=12343"}],"wp:term":[{"taxonomy":"category","embeddable":true,"href":"https:\/\/revistaacropolis.com\/index.php\/wp-json\/wp\/v2\/categories?post=12343"},{"taxonomy":"post_tag","embeddable":true,"href":"https:\/\/revistaacropolis.com\/index.php\/wp-json\/wp\/v2\/tags?post=12343"}],"curies":[{"name":"wp","href":"https:\/\/api.w.org\/{rel}","templated":true}]}}