{"id":12714,"date":"2024-02-16T01:43:17","date_gmt":"2024-02-16T01:43:17","guid":{"rendered":"https:\/\/revistaacropolis.com\/?p=12714"},"modified":"2024-02-16T04:37:13","modified_gmt":"2024-02-16T04:37:13","slug":"ahorita-estamos-bien-con-grupo-universidad-morena-tras-borrarlos-de-diputaciones-federales","status":"publish","type":"post","link":"https:\/\/revistaacropolis.com\/index.php\/ahorita-estamos-bien-con-grupo-universidad-morena-tras-borrarlos-de-diputaciones-federales\/politica\/","title":{"rendered":"\u00abAhorita estamos bien\u00bb con Grupo Universidad: Morena tras borrarlos de diputaciones federales"},"content":{"rendered":"\n<p>Tras la presentaci\u00f3n de las seis personas que encabezar\u00e1n las candidaturas a diputaciones federales por Morena, el presidente estatal del partido, <strong>Marco Antonio Rico Mercado, sostuvo que por el momento Grupo Universidad, quien no obtuvo espacios para contender por los distritos, no se han manifestado<\/strong>.<\/p>\n\n\n\n<figure class=\"wp-block-pullquote\"><blockquote><p>Habr\u00e1 que ver qu\u00e9 manifiestan, ahorita estamos bien\u201d, sostuvo en conferencia de prensa.<\/p><\/blockquote><\/figure>\n\n\n\n<p>De acuerdo con la lista publicada esta madrugada, el regidor <strong>Ricardo Crespo Arroyo<\/strong>, exl\u00edder estatal del Partido Revolucionario Institucional (PRI), encabezar\u00e1 el distrito de Pachuca; la alcaldesa <strong>Araceli Beltr\u00e1n Contreras<\/strong>, Ixmiquilpan -siglada por el Partido Verde (PVEM)-; la edil <strong>Tatiana \u00c1ngeles Moreno,<\/strong> Actopan; la subsecretaria de los Servicios de Salud, <strong>Alma Lidia de la Vega S\u00e1nchez<\/strong>, Tulancingo; <strong>Viridiana Cornejo G\u00f3mez<\/strong>, hija del delegado en Hidalgo de la Secretar\u00eda de Gobernaci\u00f3n, <strong>Luciano Cornejo Barrera<\/strong>, Tula, y <strong>Mirna Mar\u00eda de la Luz Rubio S\u00e1nchez<\/strong>, integrante del Sindicato Nacional de Trabajadores de la Educaci\u00f3n (SNTE), Tepeapulco.<\/p>\n\n\n\n<p>El dirigente sostuvo que hasta el momento <strong>el grupo pol\u00edtico del exrector Gerardo Sosa Castel\u00e1n no ha manifestado nada respecto a que no obtuvo posiciones para contende<\/strong>r por el Congreso federal, donde actualmente tiene dos representantes populares.<\/p>\n\n\n\n<p>Respecto del desplazamiento de los denominados fundadores en la candidaturas, como el exdirigente y actual delegado de los Programas del Bienestar,&nbsp;Abraham Mendoza Centeno, quien buscaba el Senado, Rico Moreno dijo que es \u201cun hombre de izquierda que ha trabajado con el proyecto\u201d y que nunca le ha dado la espalda al partido.<\/p>\n\n\n\n<p>Asever\u00f3 que todos <strong>los perfiles seleccionados por la dirigencia nacional de Morena son \u201cproducto de la encuesta\u201d<\/strong>, por lo cual dijo no sorprenderle el nombre de quienes resultaron abanderadas.<\/p>\n\n\n\n<figure class=\"wp-block-pullquote\"><blockquote><p>No nos sentimos sorprendidos, a la mejor algunos que anduvieron circulando listas previas podr\u00edan, y quien se enganch\u00f3 con esos temas (&#8230;) no nos causa alguna sorpresa\u201d, asever\u00f3.<\/p><\/blockquote><\/figure>\n\n\n\n<p>El dirigente indic\u00f3 que la designaci\u00f3n de las suplencias \u201cse ir\u00e1 resolviendo en los pr\u00f3ximos d\u00edas\u201d.<\/p>\n\n\n\n<p>Respecto de la candidatura para <strong>el distrito de Huejutla, agreg\u00f3 que \u201cen pr\u00f3ximas horas\u201d se dar\u00e1 a conocer por parte de la Comisi\u00f3n Nacional de Elecciones (CNE),<\/strong> pero adelant\u00f3 que tambi\u00e9n ser\u00e1 para una mujer.<\/p>\n\n\n\n<p>Sobre la postulaci\u00f3n de seis mujeres y un solo hombre para los siete distritos federales en Hidalgo, el dirigente estatal indic\u00f3 que es parte de la paridad nacional y se determin\u00f3 que Hidalgo aportara m\u00e1s perfiles del g\u00e9nero femenino.<\/p>\n\n\n\n<h3 class=\"wp-block-heading\">CRESPO, PASADO PRIISTA Y \u201cMANOS LIMPIAS\u201d<\/h3>\n\n\n\n<p>Durante la conferencia, <strong>Crespo Arroyo fue cuestionado si considera que su pasado priista le cobrar\u00e1 fractura en la urnas, a lo respondi\u00f3: \u201cTengo las manos limpias\u201d.&nbsp;<\/strong><\/p>\n\n\n\n<p>El expresidente estatal del PRI- quien el a\u00f1o pasado oficializ\u00f3 su adhesi\u00f3n a Morena tras llegar a la regidur\u00eda por la v\u00eda independiente- <strong>dijo creer \u201cfirmemente\u201d en la izquierda y estar \u201cdel lado correcto de la historia\u201d.<\/strong><\/p>\n\n\n\n<p>El asamble\u00edsta afirm\u00f3 que hace siete a\u00f1os tom\u00f3 \u201cotro camino\u201d diferente al tricolor, instituto pol\u00edticos que obtuvo su \u00faltimo \u201ccarro completo\u201d de diputaciones federal cuando Crespo Arroyo lo dirigi\u00f3 en el sexenio del exgobernador&nbsp;<strong>Francisco Olvera Ruiz, quien ahora ser\u00e1 su contendiente por el distrito de Pachuca por el PRI.<\/strong><\/p>\n\n\n\n<figure class=\"wp-block-pullquote\"><blockquote><p>En ese momento \u00e9l tom\u00f3 su rumbo y yo tom\u00e9 el m\u00edo\u201d, dijo sobre la contienda que sostendr\u00e1 contra su exjefe pol\u00edtico.<\/p><\/blockquote><\/figure>\n\n\n\n<figure class=\"wp-block-image size-large\"><img fetchpriority=\"high\" decoding=\"async\" width=\"1024\" height=\"683\" src=\"https:\/\/revistaacropolis.com\/wp-content\/uploads\/2024\/02\/IMG_2708-1024x683.jpg\" alt=\"\" class=\"wp-image-12716\" srcset=\"https:\/\/revistaacropolis.com\/wp-content\/uploads\/2024\/02\/IMG_2708-1024x683.jpg 1024w, https:\/\/revistaacropolis.com\/wp-content\/uploads\/2024\/02\/IMG_2708-300x200.jpg 300w, https:\/\/revistaacropolis.com\/wp-content\/uploads\/2024\/02\/IMG_2708-768x512.jpg 768w, https:\/\/revistaacropolis.com\/wp-content\/uploads\/2024\/02\/IMG_2708-1536x1024.jpg 1536w, https:\/\/revistaacropolis.com\/wp-content\/uploads\/2024\/02\/IMG_2708-2048x1365.jpg 2048w, https:\/\/revistaacropolis.com\/wp-content\/uploads\/2024\/02\/IMG_2708-600x400.jpg 600w\" sizes=\"(max-width: 1024px) 100vw, 1024px\" \/><\/figure>\n\n\n\n<p>En tanto, el presidente de Morena <strong>rechaz\u00f3 que Rubio S\u00e1nchez, secretaria de la Coordinaci\u00f3n General de Trabajo y Conflictos de la Secci\u00f3n XV del SNTE, sea una cuota de Nueva Alianza<\/strong> Hidalgo (Panalh) -partido aliado en lo local-, pues dijo que ella particip\u00f3 \u201cen las mismas condiciones\u201d que las dem\u00e1s candidatas.<\/p>\n\n\n\n<blockquote class=\"wp-block-quote is-layout-flow wp-block-quote-is-layout-flow\">\n<p>Tiene un amplio reconocimiento en las bases magisteriales, ustedes han visto que el movimiento magisterial y el propio Nueva Alianza que lleva a\u00f1os caminando en este proyecto de la transformaci\u00f3n. Yo mejor dir\u00eda que es una candidatura totalmente emp\u00e1tica con el movimiento\u201d, expuso.<\/p>\n<\/blockquote>\n\n\n\n<p>Por su parte,<strong> la integrante del SNTE sostuvo que Morena es su partido.<\/strong><\/p>\n\n\n\n<p>Sobre el proceso que inici\u00f3 para obtener la candidatura por la v\u00eda independiente, <strong>Rubio S\u00e1nchez dijo que lo efectu\u00f3 porque \u201cla ciudadan\u00eda\u201d de los diez municipios del distrito de Tepeapulco la impuls\u00f3<\/strong> a realizar ese ejercicio, pues no contaban con un partido en el \u00e1mbito federal.<\/p>\n\n\n\n<p>Sin embargo, tambi\u00e9n se apunt\u00f3 como aspirante por el partido lopezobradorista y fue considerada para abanderarlo en las urnas.&nbsp;<\/p>\n\n\n\n<figure class=\"wp-block-pullquote\"><blockquote><p>Yo hice el proceso desde un principio, en el mes de noviembre, a trav\u00e9s de la convocatoria que dispone el partidos de Morena, y me incorporo a sus filas, y es as\u00ed como decidimos contender por esta parte con Morena\u201d, expuso.<\/p><\/blockquote><\/figure>\n\n\n\n<p>La sentista <strong>afirm\u00f3 que ya cerr\u00f3 el proceso que hab\u00eda iniciado ante el Instituto Nacional Electoral (INE)<\/strong> en busca de la postulaci\u00f3n independiente al Congreso federal.<\/p>\n\n\n\n<h3 class=\"wp-block-heading\"><strong>DatoAcro<\/strong><\/h3>\n\n\n\n<p><em>-De los aspirantes que no lograron la postulaci\u00f3n por cargos federales, el dirigente consider\u00f3 que \u201cpermanecer\u00e1n sus convicciones y lealtad al proyecto\u201d.<\/em><\/p>\n","protected":false},"excerpt":{"rendered":"<p>Tras la presentaci\u00f3n de las seis personas que encabezar\u00e1n las candidaturas a diputaciones federales por Morena, el presidente estatal del partido, Marco Antonio Rico Mercado, sostuvo que por el momento&hellip; <\/p>\n","protected":false},"author":4,"featured_media":12715,"comment_status":"closed","ping_status":"closed","sticky":false,"template":"","format":"standard","meta":{"two_page_speed":[],"_joinchat":[],"footnotes":""},"categories":[1],"tags":[2426,50],"class_list":["post-12714","post","type-post","status-publish","format-standard","has-post-thumbnail","hentry","category-politica","tag-candidaturas","tag-morena"],"_links":{"self":[{"href":"https:\/\/revistaacropolis.com\/index.php\/wp-json\/wp\/v2\/posts\/12714","targetHints":{"allow":["GET"]}}],"collection":[{"href":"https:\/\/revistaacropolis.com\/index.php\/wp-json\/wp\/v2\/posts"}],"about":[{"href":"https:\/\/revistaacropolis.com\/index.php\/wp-json\/wp\/v2\/types\/post"}],"author":[{"embeddable":true,"href":"https:\/\/revistaacropolis.com\/index.php\/wp-json\/wp\/v2\/users\/4"}],"replies":[{"embeddable":true,"href":"https:\/\/revistaacropolis.com\/index.php\/wp-json\/wp\/v2\/comments?post=12714"}],"version-history":[{"count":2,"href":"https:\/\/revistaacropolis.com\/index.php\/wp-json\/wp\/v2\/posts\/12714\/revisions"}],"predecessor-version":[{"id":12728,"href":"https:\/\/revistaacropolis.com\/index.php\/wp-json\/wp\/v2\/posts\/12714\/revisions\/12728"}],"wp:featuredmedia":[{"embeddable":true,"href":"https:\/\/revistaacropolis.com\/index.php\/wp-json\/wp\/v2\/media\/12715"}],"wp:attachment":[{"href":"https:\/\/revistaacropolis.com\/index.php\/wp-json\/wp\/v2\/media?parent=12714"}],"wp:term":[{"taxonomy":"category","embeddable":true,"href":"https:\/\/revistaacropolis.com\/index.php\/wp-json\/wp\/v2\/categories?post=12714"},{"taxonomy":"post_tag","embeddable":true,"href":"https:\/\/revistaacropolis.com\/index.php\/wp-json\/wp\/v2\/tags?post=12714"}],"curies":[{"name":"wp","href":"https:\/\/api.w.org\/{rel}","templated":true}]}}