{"id":1272,"date":"2023-03-01T15:27:13","date_gmt":"2023-03-01T15:27:13","guid":{"rendered":"https:\/\/revistaacropolis.com\/?p=1272"},"modified":"2023-03-01T15:27:15","modified_gmt":"2023-03-01T15:27:15","slug":"por-sequia-120-mil-hectareas-del-campo-afectadas-en-hidalgo","status":"publish","type":"post","link":"https:\/\/revistaacropolis.com\/index.php\/por-sequia-120-mil-hectareas-del-campo-afectadas-en-hidalgo\/sociedad\/","title":{"rendered":"Por sequ\u00eda, 120 mil hect\u00e1reas del campo afectadas en Hidalgo"},"content":{"rendered":"\n<p>Alrededor de <strong>120 mil hect\u00e1reas resultaron afectadas por la sequ\u00eda del a\u00f1o pasado en la entidad<\/strong>, por lo que buscan que los productores sean indemnizados por el seguro que contrat\u00f3 el gobierno estatal <strong>con valor de 54 millones de pesos<\/strong>, se\u00f1al\u00f3 el secretario de Desarrollo Agropecuario de Hidalgo, Napole\u00f3n Gonz\u00e1lez P\u00e9rez.<\/p>\n\n\n\n<p>Indic\u00f3 que, en agosto del a\u00f1o pasado, la administraci\u00f3n del exgobernador Omar Fayad Meneses <strong>contrat\u00f3 un seguro catastr\u00f3fico agr\u00edcola por 54 millones 12 mil 698.56 pesos a la empresa Protecci\u00f3n Agropecuaria Compa\u00f1\u00eda de Seguros S.A,<\/strong> por lo que dijo que est\u00e1n buscando que se haga v\u00e1lido.<\/p>\n\n\n\n<blockquote class=\"wp-block-quote is-layout-flow wp-block-quote-is-layout-flow\">\n<p>\u201cTenemos alrededor de 120 mil hect\u00e1reas afectadas por la sequ\u00eda del a\u00f1o pasado, que estamos viendo c\u00f3mo se les apoya, c\u00f3mo se hace valer el seguro catastr\u00f3fico agr\u00edcola para que puedan recibir, aunque sea lo que marca la p\u00f3liza, un apoyo m\u00ednimo, si de algo les sirve, y estamos luchando para que se le pueda apoyar a la gran mayor\u00eda. Son afectaciones que tenemos por la falta de agua\u201d, mencion\u00f3 Gonz\u00e1lez P\u00e9rez.<\/p>\n<\/blockquote>\n\n\n\n<p>El titular de la Secretar\u00eda de Desarrollo Agropecuario estatal (Sedagroh) dijo que al momento <strong>solo han logrado validar da\u00f1os en alrededor de 50 mil hect\u00e1reas; es decir, el 42 por ciento de las tierras de cultivo afectadas,<\/strong> principalmente ubicadas en el Altiplano y los valles Tulancingo y del Mezquital.<\/p>\n\n\n\n<div class=\"wp-block-query is-layout-flow wp-block-query-is-layout-flow\"><ul class=\"wp-block-post-template is-layout-flow wp-block-post-template-is-layout-flow\"><li class=\"wp-block-post post-23409 post type-post status-publish format-standard has-post-thumbnail hentry category-sociedad tag-cecilia-del-rayo-vargas-chacon tag-desayuno-empresarial tag-hidalgo tag-paola-cruz tag-redmuem tag-silvino-lopez-tovar\">\n\n<div class=\"wp-block-columns are-vertically-aligned-center has-small-font-size is-layout-flex wp-container-core-columns-is-layout-9d6595d7 wp-block-columns-is-layout-flex\">\n<div class=\"wp-block-column is-vertically-aligned-center is-layout-flow wp-block-column-is-layout-flow\" style=\"flex-basis:25%\"><figure class=\"wp-block-post-featured-image\"><a href=\"https:\/\/revistaacropolis.com\/index.php\/redmuem-hidalgo-fortalece-su-comunidad-empresarial-en-desayuno-exclusivo\/sociedad\/\" target=\"_self\"  ><img fetchpriority=\"high\" decoding=\"async\" width=\"2049\" height=\"1152\" src=\"https:\/\/revistaacropolis.com\/wp-content\/uploads\/2026\/04\/Portadas-Paginas-web-2026-04-30T125532.404.png\" class=\"attachment-post-thumbnail size-post-thumbnail wp-post-image\" alt=\"Redmuem Hidalgo fortalece su comunidad empresarial en desayuno exclusivo\" style=\"object-fit:cover;\" srcset=\"https:\/\/revistaacropolis.com\/wp-content\/uploads\/2026\/04\/Portadas-Paginas-web-2026-04-30T125532.404.png 2049w, https:\/\/revistaacropolis.com\/wp-content\/uploads\/2026\/04\/Portadas-Paginas-web-2026-04-30T125532.404-300x169.png 300w, https:\/\/revistaacropolis.com\/wp-content\/uploads\/2026\/04\/Portadas-Paginas-web-2026-04-30T125532.404-1024x576.png 1024w, https:\/\/revistaacropolis.com\/wp-content\/uploads\/2026\/04\/Portadas-Paginas-web-2026-04-30T125532.404-768x432.png 768w, https:\/\/revistaacropolis.com\/wp-content\/uploads\/2026\/04\/Portadas-Paginas-web-2026-04-30T125532.404-1536x864.png 1536w, https:\/\/revistaacropolis.com\/wp-content\/uploads\/2026\/04\/Portadas-Paginas-web-2026-04-30T125532.404-600x337.png 600w\" sizes=\"(max-width: 2049px) 100vw, 2049px\" \/><\/a><\/figure><\/div>\n\n\n\n<div class=\"wp-block-column is-vertically-aligned-center is-layout-flow wp-block-column-is-layout-flow\" style=\"flex-basis:75%\"><h2 class=\"wp-block-post-title\"><a href=\"https:\/\/revistaacropolis.com\/index.php\/redmuem-hidalgo-fortalece-su-comunidad-empresarial-en-desayuno-exclusivo\/sociedad\/\" target=\"_self\" >Redmuem Hidalgo fortalece su comunidad empresarial en desayuno exclusivo<\/a><\/h2><\/div>\n<\/div>\n\n<\/li><li class=\"wp-block-post post-23402 post type-post status-publish format-standard has-post-thumbnail hentry category-sociedad tag-cristhian-martinez tag-feria-del-helado-artesanal-2026 tag-hidalgo tag-tula-de-allende tag-turismo\">\n\n<div class=\"wp-block-columns are-vertically-aligned-center has-small-font-size is-layout-flex wp-container-core-columns-is-layout-9d6595d7 wp-block-columns-is-layout-flex\">\n<div class=\"wp-block-column is-vertically-aligned-center is-layout-flow wp-block-column-is-layout-flow\" style=\"flex-basis:25%\"><figure class=\"wp-block-post-featured-image\"><a href=\"https:\/\/revistaacropolis.com\/index.php\/impulsa-cristhian-martinez-el-turismo-la-cultura-y-la-gastronomia-con-la-feria-del-helado-artesanal-2026\/sociedad\/\" target=\"_self\"  ><img decoding=\"async\" width=\"2049\" height=\"1152\" src=\"https:\/\/revistaacropolis.com\/wp-content\/uploads\/2026\/04\/Portadas-Paginas-web-2026-04-29T124657.299.png\" class=\"attachment-post-thumbnail size-post-thumbnail wp-post-image\" alt=\"Impulsa Cristhian Mart\u00ednez el turismo, la cultura y la gastronom\u00eda con la Feria del Helado Artesanal 2026\" style=\"object-fit:cover;\" srcset=\"https:\/\/revistaacropolis.com\/wp-content\/uploads\/2026\/04\/Portadas-Paginas-web-2026-04-29T124657.299.png 2049w, https:\/\/revistaacropolis.com\/wp-content\/uploads\/2026\/04\/Portadas-Paginas-web-2026-04-29T124657.299-300x169.png 300w, https:\/\/revistaacropolis.com\/wp-content\/uploads\/2026\/04\/Portadas-Paginas-web-2026-04-29T124657.299-1024x576.png 1024w, https:\/\/revistaacropolis.com\/wp-content\/uploads\/2026\/04\/Portadas-Paginas-web-2026-04-29T124657.299-768x432.png 768w, https:\/\/revistaacropolis.com\/wp-content\/uploads\/2026\/04\/Portadas-Paginas-web-2026-04-29T124657.299-1536x864.png 1536w, https:\/\/revistaacropolis.com\/wp-content\/uploads\/2026\/04\/Portadas-Paginas-web-2026-04-29T124657.299-600x337.png 600w\" sizes=\"(max-width: 2049px) 100vw, 2049px\" \/><\/a><\/figure><\/div>\n\n\n\n<div class=\"wp-block-column is-vertically-aligned-center is-layout-flow wp-block-column-is-layout-flow\" style=\"flex-basis:75%\"><h2 class=\"wp-block-post-title\"><a href=\"https:\/\/revistaacropolis.com\/index.php\/impulsa-cristhian-martinez-el-turismo-la-cultura-y-la-gastronomia-con-la-feria-del-helado-artesanal-2026\/sociedad\/\" target=\"_self\" >Impulsa Cristhian Mart\u00ednez el turismo, la cultura y la gastronom\u00eda con la Feria del Helado Artesanal 2026<\/a><\/h2><\/div>\n<\/div>\n\n<\/li><\/ul><\/div>\n\n\n\n<figure class=\"wp-block-pullquote\"><blockquote><p>\u201cPero seguimos peleando, seguimos trabajando para que se pueda dar esa indemnizaci\u00f3n a la gran mayor\u00eda. Si logramos que nos paguen todas esas (hect\u00e1reas afectadas), ah\u00ed ya tendr\u00edamos un beneficio de tener un seguro\u201d, dijo.<br><\/p><\/blockquote><\/figure>\n\n\n\n<p>Agreg\u00f3 que en lo que va de este a\u00f1o tambi\u00e9n <strong>fueron afectadas mil 400 hect\u00e1reas de un ejido en Tula, de las cuales primero solo les hab\u00eda tomado en cuenta 80<\/strong>, pero tras una revisi\u00f3n con los t\u00e9cnicos de la Sedagroh lograron validar da\u00f1os en 800.<\/p>\n","protected":false},"excerpt":{"rendered":"<p>Alrededor de 120 mil hect\u00e1reas resultaron afectadas por la sequ\u00eda del a\u00f1o pasado en la entidad, por lo que buscan que los productores sean indemnizados por el seguro que contrat\u00f3&hellip; <\/p>\n","protected":false},"author":4,"featured_media":1273,"comment_status":"closed","ping_status":"closed","sticky":false,"template":"","format":"standard","meta":{"two_page_speed":[],"_joinchat":[],"footnotes":""},"categories":[57],"tags":[89,297,296],"class_list":["post-1272","post","type-post","status-publish","format-standard","has-post-thumbnail","hentry","category-sociedad","tag-hidalgo","tag-seguro-catastrofico","tag-sequia"],"_links":{"self":[{"href":"https:\/\/revistaacropolis.com\/index.php\/wp-json\/wp\/v2\/posts\/1272","targetHints":{"allow":["GET"]}}],"collection":[{"href":"https:\/\/revistaacropolis.com\/index.php\/wp-json\/wp\/v2\/posts"}],"about":[{"href":"https:\/\/revistaacropolis.com\/index.php\/wp-json\/wp\/v2\/types\/post"}],"author":[{"embeddable":true,"href":"https:\/\/revistaacropolis.com\/index.php\/wp-json\/wp\/v2\/users\/4"}],"replies":[{"embeddable":true,"href":"https:\/\/revistaacropolis.com\/index.php\/wp-json\/wp\/v2\/comments?post=1272"}],"version-history":[{"count":1,"href":"https:\/\/revistaacropolis.com\/index.php\/wp-json\/wp\/v2\/posts\/1272\/revisions"}],"predecessor-version":[{"id":1274,"href":"https:\/\/revistaacropolis.com\/index.php\/wp-json\/wp\/v2\/posts\/1272\/revisions\/1274"}],"wp:featuredmedia":[{"embeddable":true,"href":"https:\/\/revistaacropolis.com\/index.php\/wp-json\/wp\/v2\/media\/1273"}],"wp:attachment":[{"href":"https:\/\/revistaacropolis.com\/index.php\/wp-json\/wp\/v2\/media?parent=1272"}],"wp:term":[{"taxonomy":"category","embeddable":true,"href":"https:\/\/revistaacropolis.com\/index.php\/wp-json\/wp\/v2\/categories?post=1272"},{"taxonomy":"post_tag","embeddable":true,"href":"https:\/\/revistaacropolis.com\/index.php\/wp-json\/wp\/v2\/tags?post=1272"}],"curies":[{"name":"wp","href":"https:\/\/api.w.org\/{rel}","templated":true}]}}