{"id":12908,"date":"2024-02-22T17:24:37","date_gmt":"2024-02-22T17:24:37","guid":{"rendered":"https:\/\/revistaacropolis.com\/?p=12908"},"modified":"2024-02-22T17:24:49","modified_gmt":"2024-02-22T17:24:49","slug":"policia-de-pachuca-detiene-a-hombre-por-maltrato-infantil","status":"publish","type":"post","link":"https:\/\/revistaacropolis.com\/index.php\/policia-de-pachuca-detiene-a-hombre-por-maltrato-infantil\/sociedad\/comunicados\/","title":{"rendered":"Polic\u00eda de Pachuca detiene a hombre por maltrato infantil."},"content":{"rendered":"\n<p>Elementos de la Secretar\u00eda de Seguridad P\u00fablica, Tr\u00e1nsito y Vialidad de Pachuca detuvieron a un hombre en la colonia Periodistas, por presunto maltrato infantil.<\/p>\n\n\n\n<p>Sobre recorrido de seguridad y vigilancia en la colonia Periodistas, polic\u00edas municipales atendieron a una persona que solicitaba apoyo ya que un hombre estaba agrediendo a su hijo.<\/p>\n\n\n\n<p>Afuera de una escuela, los elementos de seguridad encontraron a un hombre rega\u00f1ando y maltratando f\u00edsicamente a su hijo, y algunos padres de familia se\u00f1alaron que no es la primera vez que esto suced\u00eda.<\/p>\n\n\n\n<p>Por tal motivo se aplic\u00f3 el protocolo establecido para dar aviso a las instancias involucradas en el sistema de protecci\u00f3n a menores; y se detuvo a quien dijo llamarse F. J. G. H. de 23 a\u00f1os de edad, quien fue puesto a disposici\u00f3n de las autoridades correspondientes.<\/p>\n\n\n\n<blockquote class=\"wp-block-quote is-layout-flow wp-block-quote-is-layout-flow\">\n<p>La Secretar\u00eda de Seguridad P\u00fablica, Tr\u00e1nsito y Vialidad de Pachuca reitera el llamado a la ciudadan\u00eda para contribuir con sus denuncias y reportes mediante el n\u00famero directo del C4 7717110707, 9-1-1 de Emergencias y\/o 089 para Denuncia An\u00f3nima.<\/p>\n<\/blockquote>\n","protected":false},"excerpt":{"rendered":"<p>Elementos de la Secretar\u00eda de Seguridad P\u00fablica, Tr\u00e1nsito y Vialidad de Pachuca detuvieron a un hombre en la colonia Periodistas, por presunto maltrato infantil. Sobre recorrido de seguridad y vigilancia&hellip; <\/p>\n","protected":false},"author":16,"featured_media":12909,"comment_status":"closed","ping_status":"closed","sticky":false,"template":"","format":"standard","meta":{"two_page_speed":[],"_joinchat":[],"footnotes":""},"categories":[86,1078],"tags":[],"class_list":["post-12908","post","type-post","status-publish","format-standard","has-post-thumbnail","hentry","category-comunicados","category-seguridadyjusticia"],"_links":{"self":[{"href":"https:\/\/revistaacropolis.com\/index.php\/wp-json\/wp\/v2\/posts\/12908","targetHints":{"allow":["GET"]}}],"collection":[{"href":"https:\/\/revistaacropolis.com\/index.php\/wp-json\/wp\/v2\/posts"}],"about":[{"href":"https:\/\/revistaacropolis.com\/index.php\/wp-json\/wp\/v2\/types\/post"}],"author":[{"embeddable":true,"href":"https:\/\/revistaacropolis.com\/index.php\/wp-json\/wp\/v2\/users\/16"}],"replies":[{"embeddable":true,"href":"https:\/\/revistaacropolis.com\/index.php\/wp-json\/wp\/v2\/comments?post=12908"}],"version-history":[{"count":1,"href":"https:\/\/revistaacropolis.com\/index.php\/wp-json\/wp\/v2\/posts\/12908\/revisions"}],"predecessor-version":[{"id":12910,"href":"https:\/\/revistaacropolis.com\/index.php\/wp-json\/wp\/v2\/posts\/12908\/revisions\/12910"}],"wp:featuredmedia":[{"embeddable":true,"href":"https:\/\/revistaacropolis.com\/index.php\/wp-json\/wp\/v2\/media\/12909"}],"wp:attachment":[{"href":"https:\/\/revistaacropolis.com\/index.php\/wp-json\/wp\/v2\/media?parent=12908"}],"wp:term":[{"taxonomy":"category","embeddable":true,"href":"https:\/\/revistaacropolis.com\/index.php\/wp-json\/wp\/v2\/categories?post=12908"},{"taxonomy":"post_tag","embeddable":true,"href":"https:\/\/revistaacropolis.com\/index.php\/wp-json\/wp\/v2\/tags?post=12908"}],"curies":[{"name":"wp","href":"https:\/\/api.w.org\/{rel}","templated":true}]}}