{"id":12970,"date":"2024-02-26T21:35:03","date_gmt":"2024-02-26T21:35:03","guid":{"rendered":"https:\/\/revistaacropolis.com\/?p=12970"},"modified":"2024-02-26T21:35:16","modified_gmt":"2024-02-26T21:35:16","slug":"llama-menchaca-a-respetar-veda-electoral-ley-es-muy-severa-advierte-por-uso-de-recursos-publicos","status":"publish","type":"post","link":"https:\/\/revistaacropolis.com\/index.php\/llama-menchaca-a-respetar-veda-electoral-ley-es-muy-severa-advierte-por-uso-de-recursos-publicos\/politica\/","title":{"rendered":"Llama Menchaca a respetar veda electoral; \u00abley es muy severa\u00bb, advierte por uso de recursos p\u00fablicos"},"content":{"rendered":"\n<p>A d\u00edas del comienzo de la veda electoral, <strong>el gobernador Julio Menchaca Salazar emiti\u00f3 un \u201cllamado y advertencia\u201d a los funcionar de la administraci\u00f3n estatal a que respeten la ley en la materia y no utilicen recursos p\u00fablicos en los comicios.<\/strong><\/p>\n\n\n\n<p>\u201cLa ley es muy severa, que tengan mucho cuidado en respetarla, en no utilizaci\u00f3n de los recursos p\u00fablicos, en que sepan cu\u00e1les son sus derechos como ciudadanos, que ejerzan sus derechos como ciudadanos, porque tampoco es que se van a encerrar en su casa, pero que se respete la ley\u201d, sostuvo.<\/p>\n\n\n\n<p>El morenista afirm\u00f3 que<strong> habr\u00e1 sanciones para quienes incumplan con la veda,<\/strong> no \u00fanicamente las que pueda aplicar su administraci\u00f3n, sino las facultadas para otras instancias contra funcionarios municipales, estatales y federales.<\/p>\n\n\n\n<p>Menchaca Salazar <strong>pidi\u00f3 a su gabinete hacer bien su trabajo<\/strong>, lo cual -dijo-calificar\u00e1 la ciudadan\u00eda.\u00a0<\/p>\n\n\n\n<figure class=\"wp-block-pullquote\"><blockquote><p>No podemos autocalificarnos\u201d, consider\u00f3 el mandatario.<\/p><\/blockquote><\/figure>\n\n\n\n<p>La veda, durante la cual las administraciones de distintos niveles no pueden realizar promoci\u00f3n de las actividades gubernamentales, comienza el pr\u00f3ximo 1 de marzo y terminar\u00e1 tras la jornada electoral del 2 de junio.<\/p>\n\n\n\n<h3 class=\"wp-block-heading\">PIDE A ASPIRANTES DEFENDERSE\u00a0<\/h3>\n\n\n\n<p>Sobre los se\u00f1alamientos a aspirantes de cara a los campa\u00f1as electorales, el mandatario dijo que, de cualquier partido, tienen derecho a defenderse de la \u201cguerra sucia\u201d.<\/p>\n\n\n\n<p>El morenista pidi\u00f3 a los candidatos defender \u201csu nombre\u201d con elementos para evitar \u00abdifamaciones\u00bb.\u00a0<\/p>\n\n\n\n<blockquote class=\"wp-block-quote is-layout-flow wp-block-quote-is-layout-flow\">\n<p>Mi sugerencia es que no nada m\u00e1s digas \u2018yo no fui\u2019, sino que presenten los elementos que les permita dentro de esta situaci\u00f3n poner a salvo su nombre (\u2026) para eliminar cualquier cosas que pudiera no estar apegada a la verdad\u201d, dijo.<\/p>\n<\/blockquote>\n\n\n\n<h3 class=\"wp-block-heading\">DatoAcro<\/h3>\n\n\n\n<p><em>-El gobernador afirm\u00f3 que el pr\u00f3ximo 4 de marzo sostendr\u00e1 una reuni\u00f3n el presidente Andr\u00e9s Manuel L\u00f3pez Obrador, encuentro en el cual buscar\u00e1 abordar el tema e la remodelaci\u00f3n del Reloj Monumental de Pachuca.<\/em><\/p>\n\n\n\n<p><em>-\u201cEst\u00e1 debidamente socializado, y, adem\u00e1s, una de las cuestiones que incluye el proyecto es mec\u00e1nica de suelos para que se pueda saber qu\u00e9 peso es el que puede soportar la plancha y otras cosas que se propone, para hacerlo un lugar dignos, decoroso, agradable, pues es el s\u00edmbolo del estado , desafortunadamente en el transcurso del tiempo ha sido vandalizado, y vamos a recuperarlo para bien de las y de los hidalguenses\u201d, expres\u00f3.\u00a0<\/em><\/p>\n","protected":false},"excerpt":{"rendered":"<p>A d\u00edas del comienzo de la veda electoral, el gobernador Julio Menchaca Salazar emiti\u00f3 un \u201cllamado y advertencia\u201d a los funcionar de la administraci\u00f3n estatal a que respeten la ley&hellip; <\/p>\n","protected":false},"author":4,"featured_media":12971,"comment_status":"closed","ping_status":"closed","sticky":false,"template":"","format":"standard","meta":{"two_page_speed":[],"_joinchat":[],"footnotes":""},"categories":[1],"tags":[93,2460],"class_list":["post-12970","post","type-post","status-publish","format-standard","has-post-thumbnail","hentry","category-politica","tag-menchaca","tag-veda-electoral"],"_links":{"self":[{"href":"https:\/\/revistaacropolis.com\/index.php\/wp-json\/wp\/v2\/posts\/12970","targetHints":{"allow":["GET"]}}],"collection":[{"href":"https:\/\/revistaacropolis.com\/index.php\/wp-json\/wp\/v2\/posts"}],"about":[{"href":"https:\/\/revistaacropolis.com\/index.php\/wp-json\/wp\/v2\/types\/post"}],"author":[{"embeddable":true,"href":"https:\/\/revistaacropolis.com\/index.php\/wp-json\/wp\/v2\/users\/4"}],"replies":[{"embeddable":true,"href":"https:\/\/revistaacropolis.com\/index.php\/wp-json\/wp\/v2\/comments?post=12970"}],"version-history":[{"count":1,"href":"https:\/\/revistaacropolis.com\/index.php\/wp-json\/wp\/v2\/posts\/12970\/revisions"}],"predecessor-version":[{"id":12972,"href":"https:\/\/revistaacropolis.com\/index.php\/wp-json\/wp\/v2\/posts\/12970\/revisions\/12972"}],"wp:featuredmedia":[{"embeddable":true,"href":"https:\/\/revistaacropolis.com\/index.php\/wp-json\/wp\/v2\/media\/12971"}],"wp:attachment":[{"href":"https:\/\/revistaacropolis.com\/index.php\/wp-json\/wp\/v2\/media?parent=12970"}],"wp:term":[{"taxonomy":"category","embeddable":true,"href":"https:\/\/revistaacropolis.com\/index.php\/wp-json\/wp\/v2\/categories?post=12970"},{"taxonomy":"post_tag","embeddable":true,"href":"https:\/\/revistaacropolis.com\/index.php\/wp-json\/wp\/v2\/tags?post=12970"}],"curies":[{"name":"wp","href":"https:\/\/api.w.org\/{rel}","templated":true}]}}