{"id":13030,"date":"2024-02-29T03:06:58","date_gmt":"2024-02-29T03:06:58","guid":{"rendered":"https:\/\/revistaacropolis.com\/?p=13030"},"modified":"2024-02-29T03:10:47","modified_gmt":"2024-02-29T03:10:47","slug":"dice-morena-que-no-esconde-a-andrade-denunciado-por-violacion-aun-no-les-notifican-candidatura","status":"publish","type":"post","link":"https:\/\/revistaacropolis.com\/index.php\/dice-morena-que-no-esconde-a-andrade-denunciado-por-violacion-aun-no-les-notifican-candidatura\/politica\/","title":{"rendered":"Dice Morena que no esconde a Andrade, denunciado por violaci\u00f3n; a\u00fan no les notifican candidatura\u00a0"},"content":{"rendered":"\n<p>El presidente estatal de Morena, <strong>Marco Antonio Rico Mercado, afirm\u00f3 que no han presentado oficialmente a Daniel Andrade Zurutuza<\/strong> porque la dirigencia nacional de Morena no le ha notificado al Comit\u00e9 Ejecutivo Estatal que es el candidato por el distrito federal de Huejutla, <strong>no porque est\u00e9n escondiendo ante los se\u00f1alamientos en su contra por violaci\u00f3n, asever\u00f3.<\/strong><\/p>\n\n\n\n<blockquote class=\"wp-block-quote is-layout-flow wp-block-quote-is-layout-flow\">\n<p>No digo que no sea, nosotros no hemos sido notificados\u201d, sostuvo en rueda de prensa.<\/p>\n<\/blockquote>\n\n\n\n<p>Tras la denuncia <strong>por violaci\u00f3n sexual que Iliana Escamilla interpuso contra el alcalde de Huejutla de Reyes, el dirigente guinda afirm\u00f3 que la misma se atendi\u00f3 \u201cde manera inmediata\u201d<\/strong> por parte de la Procuradur\u00eda General de Justicia de Hidalgo (PGJH), que \u201cdesde hace dos a\u00f1os\u201d -dijo- determin\u00f3 el no ejercicio de la acci\u00f3n penal.<\/p>\n\n\n\n<p>Rico Mercado asegur\u00f3 no poner en duda la credibilidad del dicho de la denunciante, pero asegur\u00f3 que se debe respetar la presunci\u00f3n de inocencia del edil emanado del extinto Encuentro Social.<\/p>\n\n\n\n<figure class=\"wp-block-pullquote\"><blockquote><p>Son dos principios que se contraponen. Qu\u00e9 tendremos que esperar, pues lo que resuelva la propia procuradur\u00eda al respecto, el por qu\u00e9 no le dio acceso a las carpetas a la se\u00f1ora, cual era su derecho, es algo que tendr\u00e1 que explicar la autoridad para descartar cualquier indicio de violaci\u00f3n al proceso, o tambi\u00e9n para no vulnera el principio de inocencia\u201d, a\u00f1adi\u00f3.<\/p><\/blockquote><\/figure>\n\n\n\n<p>Record\u00f3 que <strong>todo aspirante de Morena a una candidatura para este proceso electoral firm\u00f3 una carta de consentimiento para que la Comisi\u00f3n Nacional de Elecciones (CNE) pudiera indagar <\/strong>en fiscal\u00edas, \u00f3rganos de control y auditor\u00edas si no estaban sujetos a una sanci\u00f3n que imposibilite su participaci\u00f3n pol\u00edtica.<\/p>\n\n\n\n<figure class=\"wp-block-embed is-type-wp-embed is-provider-acr-polis wp-block-embed-acr-polis\"><div class=\"wp-block-embed__wrapper\">\n<blockquote class=\"wp-embedded-content\" data-secret=\"IjeS0SektN\"><a href=\"https:\/\/revistaacropolis.com\/index.php\/joven-que-denuncio-a-edil-de-huejutla-por-presunta-violacion-acusa-carpetazo\/politica\/\">Joven que denunci\u00f3 a edil de Huejutla por presunta violaci\u00f3n acusa carpetazo<\/a><\/blockquote><iframe class=\"wp-embedded-content\" sandbox=\"allow-scripts\" security=\"restricted\" style=\"position: absolute; clip: rect(1px, 1px, 1px, 1px);\" title=\"\u00abJoven que denunci\u00f3 a edil de Huejutla por presunta violaci\u00f3n acusa carpetazo\u00bb \u2014 ACR\u00d3POLIS\" src=\"https:\/\/revistaacropolis.com\/index.php\/joven-que-denuncio-a-edil-de-huejutla-por-presunta-violacion-acusa-carpetazo\/politica\/embed\/#?secret=xWVyDFbrsU#?secret=IjeS0SektN\" data-secret=\"IjeS0SektN\" width=\"600\" height=\"338\" frameborder=\"0\" marginwidth=\"0\" marginheight=\"0\" scrolling=\"no\"><\/iframe>\n<\/div><\/figure>\n\n\n\n<p>Tras reavivarse el caso del que se desprendi\u00f3 una denuncia en 2022, el dirigente <strong>pidi\u00f3 esperar lo que resuelva la CNE al respecto de la postulaci\u00f3n de Andrade Zurutuza.<\/strong> De no mantenerse \u00e9l, dijo, cuenta con perfiles \u201ccompetitivos\u201d.<\/p>\n\n\n\n<figure class=\"wp-block-pullquote\"><blockquote><p>Sin poner en tele juicio en ning\u00fan momento, y que se atienda el llamado de la v\u00edctima, pero tambi\u00e9n que no se vulnere los derechos presunci\u00f3n de inocencia. Son temas muy delicados en una l\u00ednea muy delgada\u201d, agreg\u00f3.<\/p><\/blockquote><\/figure>\n\n\n\n<p>Sin embargo, cuestion\u00f3 que el caso haya resurgido en tiempos electorales y no antes.<\/p>\n\n\n\n<blockquote class=\"wp-block-quote is-layout-flow wp-block-quote-is-layout-flow\">\n<p>Eso ser\u00eda terrible, que solamente en tiempos electorales recurri\u00e9ramos o salieran este tipo de cosas, porque vamos a debilitar todos los protocolos de actuaci\u00f3n que se han dado en favor de la protecci\u00f3n a las mujeres\u201d, expres\u00f3.<\/p>\n<\/blockquote>\n\n\n\n<h3 class=\"wp-block-heading\">CANDIDATURA COM\u00daN SIN PT Y VERDE, NIEGA DESPRECIO<\/h3>\n\n\n\n<p>El dirigente de Morena asever\u00f3 que en la determinaci\u00f3n de solo ir en candidatura com\u00fan por las 18 diputaciones locales con el partido Nueva Alianza Hidalgo (Panalh), sin el Verde y el Partido del Trabajo (PT,) \u201cse ponderaron muchas cosas\u201d.<\/p>\n\n\n\n<p>Afirm\u00f3 que no se trat\u00f3 de \u201cun tema de despreci\u00f3\u201d hacia sus dos aliados, sino de que requieren fortalecer sus \u201cpresencia territorial\u201d en el estado, pues record\u00f3 que ambos contender\u00e1n en solitario por el Senado, en busca \u201cdel Plan C\u201d.<\/p>\n\n\n\n<p>Rico Mercado agreg\u00f3 que el convenio por las diputaciones locales, que da 14 postulaciones a Morena y 4 al Panalh, pude ser modificado. En este documento se estableci\u00f3 una transferencia de votos de 65 por ciento para el partido lopezobradorista y 35 por ciento para el magisterial.<\/p>\n\n\n\n<p>Adelant\u00f3 que <strong>el convenio de candidatura com\u00fan con Nueva Alianza para contender por los ayuntamientos<\/strong> -que deber\u00e1n registrar a m\u00e1s tardar el viernes- <strong>tambi\u00e9n ser\u00e1 total: en los 84 municipios. <\/strong>Sin embargo, sostuvo que a\u00fan est\u00e1n en an\u00e1lisis de los espacios que encabezar\u00e1 cada uno.\u00a0<\/p>\n\n\n\n<p><\/p>\n","protected":false},"excerpt":{"rendered":"<p>El presidente estatal de Morena, Marco Antonio Rico Mercado, afirm\u00f3 que no han presentado oficialmente a Daniel Andrade Zurutuza porque la dirigencia nacional de Morena no le ha notificado al&hellip; <\/p>\n","protected":false},"author":4,"featured_media":13032,"comment_status":"closed","ping_status":"closed","sticky":false,"template":"","format":"standard","meta":{"two_page_speed":[],"_joinchat":[],"footnotes":""},"categories":[1],"tags":[2467,50,147],"class_list":["post-13030","post","type-post","status-publish","format-standard","has-post-thumbnail","hentry","category-politica","tag-daniel-andrade","tag-morena","tag-violacion"],"_links":{"self":[{"href":"https:\/\/revistaacropolis.com\/index.php\/wp-json\/wp\/v2\/posts\/13030","targetHints":{"allow":["GET"]}}],"collection":[{"href":"https:\/\/revistaacropolis.com\/index.php\/wp-json\/wp\/v2\/posts"}],"about":[{"href":"https:\/\/revistaacropolis.com\/index.php\/wp-json\/wp\/v2\/types\/post"}],"author":[{"embeddable":true,"href":"https:\/\/revistaacropolis.com\/index.php\/wp-json\/wp\/v2\/users\/4"}],"replies":[{"embeddable":true,"href":"https:\/\/revistaacropolis.com\/index.php\/wp-json\/wp\/v2\/comments?post=13030"}],"version-history":[{"count":2,"href":"https:\/\/revistaacropolis.com\/index.php\/wp-json\/wp\/v2\/posts\/13030\/revisions"}],"predecessor-version":[{"id":13034,"href":"https:\/\/revistaacropolis.com\/index.php\/wp-json\/wp\/v2\/posts\/13030\/revisions\/13034"}],"wp:featuredmedia":[{"embeddable":true,"href":"https:\/\/revistaacropolis.com\/index.php\/wp-json\/wp\/v2\/media\/13032"}],"wp:attachment":[{"href":"https:\/\/revistaacropolis.com\/index.php\/wp-json\/wp\/v2\/media?parent=13030"}],"wp:term":[{"taxonomy":"category","embeddable":true,"href":"https:\/\/revistaacropolis.com\/index.php\/wp-json\/wp\/v2\/categories?post=13030"},{"taxonomy":"post_tag","embeddable":true,"href":"https:\/\/revistaacropolis.com\/index.php\/wp-json\/wp\/v2\/tags?post=13030"}],"curies":[{"name":"wp","href":"https:\/\/api.w.org\/{rel}","templated":true}]}}