{"id":13038,"date":"2024-02-29T06:30:40","date_gmt":"2024-02-29T06:30:40","guid":{"rendered":"https:\/\/revistaacropolis.com\/?p=13038"},"modified":"2024-02-29T06:30:42","modified_gmt":"2024-02-29T06:30:42","slug":"comparecen-edil-de-progreso-insiste-en-no-aceptar-recomendacion-de-cdheh","status":"publish","type":"post","link":"https:\/\/revistaacropolis.com\/index.php\/comparecen-edil-de-progreso-insiste-en-no-aceptar-recomendacion-de-cdheh\/politica\/","title":{"rendered":"Comparecen edil de Progreso: insiste en no aceptar recomendaci\u00f3n de CDHEH"},"content":{"rendered":"\n<p>El alcalde de Progreso de Obreg\u00f3n, <strong>Armando Mera Olgu\u00edn, compareci\u00f3 este mi\u00e9rcoles en el Congreso local, donde mantuvo su postura de no aceptar la recomendaci\u00f3n emitida por la Comisi\u00f3n de Derechos Humanos del Estado de Hidalgo (CDHEH) por la muerte de un joven<\/strong> durante su intervenci\u00f3n por elementos de polic\u00edas municipales; asever\u00f3 que existe acoso del ente aut\u00f3nomo y de la Secretar\u00eda de Gobierno estatal.<\/p>\n\n\n\n<p>Ante la Comisi\u00f3n de Derechos Humanos y Atenci\u00f3n a las Personas con Discapacidad de la LXV Legislatura local, el edil emiti\u00f3 su postura sobre el rechazo a las observaciones del ente que presidente la ombudsperson Ana Karen Parra Bonilla.<\/p>\n\n\n\n<p>Mantuvo la postura de su gobierno, con respaldo de la mayor\u00eda del Cabildo, de no aceptar los se\u00f1alamientos del expediente CDHEH-VMJ-0095-23, que deriv\u00f3 en l<strong>a recomendaci\u00f3n R-VMJ-0006-23, por la muerte de un joven a causa de presuntos golpes y lesiones tras su detenci\u00f3n por parte de elementos de Seguridad P\u00fablica municipal y traslado al Hospital de Cinta Larga<\/strong>, en agosto de 2023.<\/p>\n\n\n\n<p>Durante la relator\u00eda, el alcalde mencion\u00f3 que todo se deriv\u00f3 de informaci\u00f3n de una nota period\u00edstica que se replic\u00f3 en otros medios. <strong>Calific\u00f3<\/strong> <strong>los hechos como falsos <\/strong>y refiri\u00f3 que la polic\u00eda atendi\u00f3 un reporte sobre un joven en estado \u201cinconveniente\u201d que hizo destrozos en una tienda.<\/p>\n\n\n\n<p>Refiri\u00f3 que al llegar los elementos, en el lugar ya se encontraba la madre del hombre, a la que tambi\u00e9n quer\u00eda agredir, por lo cual lo intervinieron. En el siti\u00f3 lo revisaron y se constat\u00f3 que el estado de salud del detenido empeoraba, por lo que se llam\u00f3 a Protecci\u00f3n Civil, que acompa\u00f1\u00f3 esa versi\u00f3n, por lo cual fue traslado al hospital a solicitud de la progenitora, asever\u00f3.\u00a0<\/p>\n\n\n\n<p>El edil <strong>sostuvo que en el dictamen del perito se establece que nada tuvo que ver la polic\u00eda municipal<\/strong> en la muerte de este joven, que -dijo- muri\u00f3 por un infarto.<\/p>\n\n\n\n<figure class=\"wp-block-pullquote\"><blockquote><p>El chico nunca estuvo retenido en galera, nunca estuvo bajo resguardo de la polic\u00eda, por eso es parte esencial porque no podemos emitir, porque no podemos aceptar dicha recomendaci\u00f3n\u201d, afirm\u00f3 ante los diputados.<\/p><\/blockquote><\/figure>\n\n\n\n<p>Mera Olgu\u00edn <strong>acus\u00f3 persistencia y acoso de la presidenta de la CDHEH,<\/strong> a fin de que el municipio aceptar\u00e1n la recomendaci\u00f3n, pese a que se cumplieron con las medidas de no repetici\u00f3n, a ra\u00edz de la muerte de la doctora Beatriz Hern\u00e1ndez dentro de las galera municipales, sostuvo.<\/p>\n\n\n\n<p>\u201cNos sentimos perseguidos, nos sentimos acosados\u201d, refiri\u00f3 como escenario desde el gobierno de Omar Fayad Meneses con el caso de la doctora, en el que no hubo delito que perseguir, asever\u00f3.<\/p>\n\n\n\n<p>\u201cAl defendernos en ese momento nos trae como consecuencia que nuevamente tengamos que aceptar otra recomendaci\u00f3n, nosotros ante la Comisi\u00f3n de Derechos Humanos hemos sido acosados constantemente y ninguna, ninguna de sus denuncias, ha prosperado\u201d, manifest\u00f3 el mandatario local.<\/p>\n\n\n\n<p>Adem\u00e1s,<strong> acus\u00f3 que hubo grupos pol\u00edticos detr\u00e1s del asesoramiento legal de los padres del joven<\/strong> a fin de denunciar a los polic\u00edas, pero no prosper\u00f3, de acuerdo con Mera Olgu\u00edn.<\/p>\n\n\n\n<p>Insisti\u00f3 en que<strong> la CDHEH \u201cintimid\u00f3\u201d a su gobierno <\/strong>para que aceptara la recomendaci\u00f3n y evitar la comparecencia ante los diputados locales.<\/p>\n\n\n\n<figure class=\"wp-block-pullquote\"><blockquote><p>Aceptar una recomendaci\u00f3n es aceptar que la polic\u00eda se vio involucrada\u201d, dijo como argumento para su rechazo.\u00a0<\/p><\/blockquote><\/figure>\n\n\n\n<p>Indic\u00f3 que la recomendaci\u00f3n, del 6 de noviembre de 2023, se emiti\u00f3 un mes despu\u00e9s de la que un juez de control aval\u00f3 que ya no exist\u00edan observaciones por el caso de la muerte de la doctora.<\/p>\n\n\n\n<p>\u201cYo por eso estoy aqu\u00ed para defender que nosotros no tuvimos como gobierno municipal ninguna incumbencia en la muerte de este joven, en ning\u00fan momento el joven estuvo en \u00e1rea de retenci\u00f3n ni retenido, en todo momento estuvo con la madre\u201d, reiter\u00f3.<\/p>\n\n\n\n<p>Posteriormente, los legisladores le pidieron mencionar si sus elementos est\u00e1n debidamente capacitados en materia de derechos humanos, a lo cual sostuvo que no solamente en ese t\u00f3pico.<\/p>\n\n\n\n<p>Entre los cuestionamientos por los incidentes en lo que dos personas murieron en su administraci\u00f3n por un presunto actuar negligente de sus uniformados, Mera Olgu\u00edn refiri\u00f3 que, en el primer caso se acept\u00f3 la recomendaci\u00f3n por \u201cel mero hecho nada m\u00e1s de haberse perdido una vida\u201d.<\/p>\n\n\n\n<p>En esa ocasi\u00f3n, dijo, se ten\u00edan evidencias que acreditaban que la joven se quit\u00f3 la vida en el \u00e1rea de detenci\u00f3n municipal.<\/p>\n\n\n\n<p>Replic\u00f3 que en los centros penitenciarios, donde dijo que pasan cuestiones \u201csimilares\u201d, no hay respuesta de las autoridades ni se\u00f1alados como presuntos responsables por homicidios culposos.<\/p>\n\n\n\n<h3 class=\"wp-block-heading\">ACUSA A OLIVARES DE VIOLENTAR\u00a0A SU SECRETARIA<\/h3>\n\n\n\n<p>La comparecencia tambi\u00e9n sirvi\u00f3 para que <strong>Mera Olgu\u00edn acusara al secretario de Gobierno, Guillermo Olivares Reyna, de asumir facultades que no le corresponden, as\u00ed como de violentar derechos de la secretaria general municipal de Progreso de Obreg\u00f3n<\/strong>, Rosenda Oyuki Mujica, a quien -sostuvo- exhibi\u00f3 y arrebat\u00f3 el micr\u00f3fono durante las mesas de acercamiento realizada el pasado 16 de agosto de 2023, evento al cual no acudi\u00f3 el alcalde.<\/p>\n\n\n\n<p>En este sentido, refiri\u00f3 que la funcionaria local interpuso una queja en contra del encargado de la pol\u00edtica interna del estado, lo cual sigue sin tener respuesta a m\u00e1s de seis meses del sucesos.<\/p>\n\n\n\n<p><strong>Dijo que Olivares Reyna excede las atribuciones que se le confiere en su encargo<\/strong>, al exigir rendici\u00f3n de cuentas a los funcionarios y alcaldes, situaci\u00f3n que no est\u00e1 dentro de sus facultades, consider\u00f3.<\/p>\n\n\n\n<p>Adem\u00e1s, Mera Olgu\u00edn afirm\u00f3 que en ese encuentro el secretario de Gobierno oblig\u00f3 a su funcionaria a emitir un permiso para la l\u00ednea de transportes Lusa, cuyo antecedente era la Fiscal\u00eda General de la Rep\u00fablica (FGR) la incaut\u00f3 por tener combustible en contenedores de dudosa procedencia.<\/p>\n","protected":false},"excerpt":{"rendered":"<p>El alcalde de Progreso de Obreg\u00f3n, Armando Mera Olgu\u00edn, compareci\u00f3 este mi\u00e9rcoles en el Congreso local, donde mantuvo su postura de no aceptar la recomendaci\u00f3n emitida por la Comisi\u00f3n de&hellip; <\/p>\n","protected":false},"author":14,"featured_media":13039,"comment_status":"closed","ping_status":"closed","sticky":false,"template":"","format":"standard","meta":{"two_page_speed":[],"_joinchat":[],"footnotes":""},"categories":[1],"tags":[1822,1643,688],"class_list":["post-13038","post","type-post","status-publish","format-standard","has-post-thumbnail","hentry","category-politica","tag-armando-mera-olguin","tag-comparecencia","tag-progreso"],"_links":{"self":[{"href":"https:\/\/revistaacropolis.com\/index.php\/wp-json\/wp\/v2\/posts\/13038","targetHints":{"allow":["GET"]}}],"collection":[{"href":"https:\/\/revistaacropolis.com\/index.php\/wp-json\/wp\/v2\/posts"}],"about":[{"href":"https:\/\/revistaacropolis.com\/index.php\/wp-json\/wp\/v2\/types\/post"}],"author":[{"embeddable":true,"href":"https:\/\/revistaacropolis.com\/index.php\/wp-json\/wp\/v2\/users\/14"}],"replies":[{"embeddable":true,"href":"https:\/\/revistaacropolis.com\/index.php\/wp-json\/wp\/v2\/comments?post=13038"}],"version-history":[{"count":1,"href":"https:\/\/revistaacropolis.com\/index.php\/wp-json\/wp\/v2\/posts\/13038\/revisions"}],"predecessor-version":[{"id":13040,"href":"https:\/\/revistaacropolis.com\/index.php\/wp-json\/wp\/v2\/posts\/13038\/revisions\/13040"}],"wp:featuredmedia":[{"embeddable":true,"href":"https:\/\/revistaacropolis.com\/index.php\/wp-json\/wp\/v2\/media\/13039"}],"wp:attachment":[{"href":"https:\/\/revistaacropolis.com\/index.php\/wp-json\/wp\/v2\/media?parent=13038"}],"wp:term":[{"taxonomy":"category","embeddable":true,"href":"https:\/\/revistaacropolis.com\/index.php\/wp-json\/wp\/v2\/categories?post=13038"},{"taxonomy":"post_tag","embeddable":true,"href":"https:\/\/revistaacropolis.com\/index.php\/wp-json\/wp\/v2\/tags?post=13038"}],"curies":[{"name":"wp","href":"https:\/\/api.w.org\/{rel}","templated":true}]}}