{"id":13112,"date":"2024-03-01T23:09:26","date_gmt":"2024-03-02T05:09:26","guid":{"rendered":"https:\/\/revistaacropolis.com\/?p=13112"},"modified":"2024-03-01T23:09:37","modified_gmt":"2024-03-02T05:09:37","slug":"no-espera-osiris-muchas-licencias-de-diputados-por-candidaturas","status":"publish","type":"post","link":"https:\/\/revistaacropolis.com\/index.php\/no-espera-osiris-muchas-licencias-de-diputados-por-candidaturas\/politica\/","title":{"rendered":"No espera Osiris muchas licencias de diputados por candidaturas"},"content":{"rendered":"\n<p>El presidente de la Junta de Gobierno del Congreso de Hidalgo, <strong>Jes\u00fas Osiris Leines Med\u00e9cigo, estim\u00f3 que no ser\u00e1n muchos los diputados que pidan licencia para buscar una candidatura local, <\/strong>mientras que \u00e9l esperar\u00e1 15 d\u00edas para saber si se define su aspiraci\u00f3n por la alcald\u00eda de Mineral de la Reforma y dejar el cargo.<\/p>\n\n\n\n<p>Este d\u00eda, el inicio de las campa\u00f1as electorales\u00a0\u00a0federales coincidi\u00f3 con la apertura del segundo periodo ordinario de sesiones del tercer a\u00f1o y, por ende, \u00faltimo de esta LXV legislatura local, momento en el cual se le cuestion\u00f3 al legislador del Partido del Trabajo (PT) sobre sus aspiraciones a la presidencia municipal y cu\u00e1ndo pretende deja su curul.<\/p>\n\n\n\n<p>Se limit\u00f3 a manifestar que esperar\u00e1 15 d\u00edas para tomar la determinaci\u00f3n, sobre todo, si ser\u00e1 el abanderado por parte del PT, pues Morena -donde se registr\u00f3 en el proceso interno- no ir\u00e1 en candidatura com\u00fan con ese partido.<\/p>\n\n\n\n<figure class=\"wp-block-image size-large\"><img fetchpriority=\"high\" decoding=\"async\" width=\"1024\" height=\"683\" src=\"https:\/\/revistaacropolis.com\/wp-content\/uploads\/2024\/03\/image-6-1024x683.png\" alt=\"\" class=\"wp-image-13113\" srcset=\"https:\/\/revistaacropolis.com\/wp-content\/uploads\/2024\/03\/image-6-1024x683.png 1024w, https:\/\/revistaacropolis.com\/wp-content\/uploads\/2024\/03\/image-6-300x200.png 300w, https:\/\/revistaacropolis.com\/wp-content\/uploads\/2024\/03\/image-6-768x512.png 768w, https:\/\/revistaacropolis.com\/wp-content\/uploads\/2024\/03\/image-6-600x400.png 600w, https:\/\/revistaacropolis.com\/wp-content\/uploads\/2024\/03\/image-6.png 1286w\" sizes=\"(max-width: 1024px) 100vw, 1024px\" \/><\/figure>\n\n\n\n<blockquote class=\"wp-block-quote is-layout-flow wp-block-quote-is-layout-flow\">\n<p>Todav\u00eda no me voy\u201d, manifest\u00f3 el legislador al ser cuestionado sobre qui\u00e9n de su bancada se quedar\u00eda en la presidencia de la Junta de Gobierno.<\/p>\n<\/blockquote>\n\n\n\n<p>Sobre sus compa\u00f1eros que buscan competir por alcald\u00edas, consider\u00f3 que no ser\u00e1n muchos quienes pidan licencia para dejar el cargo en los pr\u00f3ximos d\u00edas.<\/p>\n\n\n\n<figure class=\"wp-block-pullquote\"><blockquote><p>Esperemos estos 15 d\u00edas qui\u00e9n pide licencia, pero pues no van a ser muchos\u201d, dijo.<\/p><\/blockquote><\/figure>\n\n\n\n<p>Para el llamado de los suplentes de los legisladores que vayan a la contienda electoral, <strong>Leines Med\u00e9cigo puntualiz\u00f3 que primero deben saber por cu\u00e1ntos d\u00edas piden licencias, pues si solamente la requieren por 60 d\u00edas no ser\u00eda necesario.<\/strong><\/p>\n\n\n\n<h3 class=\"wp-block-heading\">REZAGO LEGISLATIVO<\/h3>\n\n\n\n<p>Sobre los pendientes del Poder Legislativo en materia de iniciativas no dictaminadas, el <strong>legislador reconoci\u00f3 que quedar\u00e1 rezago<\/strong>, pues no aprobar\u00e1n todas las propuestas de los diputados locales.<\/p>\n\n\n\n<blockquote class=\"wp-block-quote is-layout-flow wp-block-quote-is-layout-flow\">\n<p>De que va a quedar rezago legislativo, s\u00ed va a quedar, o sea, finalmente el compromiso ahorita es que los compa\u00f1eros diputados y diputadas suban menos n\u00famero de iniciativas, que suben promedio por semana, por sesi\u00f3n, para que, si no nunca alcanzar\u00edamos\u201d, afirm\u00f3.<\/p>\n<\/blockquote>\n\n\n\n<p>Sin embargo, consider\u00f3 que ser\u00eda muy adelantado establecer un porcentaje o promedio de las iniciativas que no prosperar\u00e1n en lo que resta del \u00faltimo a\u00f1o de la LXV Legislatura local.<\/p>\n\n\n\n<p>Presumi\u00f3 que en los seis meses previos aprobaron el mismo n\u00famero de iniciativas que se presentaron en el primero y en el segundo a\u00f1o legislativo.<\/p>\n\n\n\n<h2 class=\"wp-block-heading\">DatoAcro<\/h2>\n\n\n\n<p><em>-El diputado del PT refiri\u00f3 que entre los iniciativas prioritarios se encuentra la reforma al Poder Judicial, en la cual van \u201cavanzados\u201d. Dijo que la revisi\u00f3n concluir\u00e1 este mes para su posible aprobaci\u00f3n, prevista tambi\u00e9n para marzo.<\/em><\/p>\n","protected":false},"excerpt":{"rendered":"<p>El presidente de la Junta de Gobierno del Congreso de Hidalgo, Jes\u00fas Osiris Leines Med\u00e9cigo, estim\u00f3 que no ser\u00e1n muchos los diputados que pidan licencia para buscar una candidatura local,&hellip; <\/p>\n","protected":false},"author":14,"featured_media":13113,"comment_status":"closed","ping_status":"closed","sticky":false,"template":"","format":"standard","meta":{"two_page_speed":[],"_joinchat":[],"footnotes":""},"categories":[1],"tags":[1627,2060,1832],"class_list":["post-13112","post","type-post","status-publish","format-standard","has-post-thumbnail","hentry","category-politica","tag-licencias","tag-osiris","tag-pt"],"_links":{"self":[{"href":"https:\/\/revistaacropolis.com\/index.php\/wp-json\/wp\/v2\/posts\/13112","targetHints":{"allow":["GET"]}}],"collection":[{"href":"https:\/\/revistaacropolis.com\/index.php\/wp-json\/wp\/v2\/posts"}],"about":[{"href":"https:\/\/revistaacropolis.com\/index.php\/wp-json\/wp\/v2\/types\/post"}],"author":[{"embeddable":true,"href":"https:\/\/revistaacropolis.com\/index.php\/wp-json\/wp\/v2\/users\/14"}],"replies":[{"embeddable":true,"href":"https:\/\/revistaacropolis.com\/index.php\/wp-json\/wp\/v2\/comments?post=13112"}],"version-history":[{"count":1,"href":"https:\/\/revistaacropolis.com\/index.php\/wp-json\/wp\/v2\/posts\/13112\/revisions"}],"predecessor-version":[{"id":13114,"href":"https:\/\/revistaacropolis.com\/index.php\/wp-json\/wp\/v2\/posts\/13112\/revisions\/13114"}],"wp:featuredmedia":[{"embeddable":true,"href":"https:\/\/revistaacropolis.com\/index.php\/wp-json\/wp\/v2\/media\/13113"}],"wp:attachment":[{"href":"https:\/\/revistaacropolis.com\/index.php\/wp-json\/wp\/v2\/media?parent=13112"}],"wp:term":[{"taxonomy":"category","embeddable":true,"href":"https:\/\/revistaacropolis.com\/index.php\/wp-json\/wp\/v2\/categories?post=13112"},{"taxonomy":"post_tag","embeddable":true,"href":"https:\/\/revistaacropolis.com\/index.php\/wp-json\/wp\/v2\/tags?post=13112"}],"curies":[{"name":"wp","href":"https:\/\/api.w.org\/{rel}","templated":true}]}}