{"id":1348,"date":"2023-03-03T02:58:28","date_gmt":"2023-03-03T02:58:28","guid":{"rendered":"https:\/\/revistaacropolis.com\/?p=1348"},"modified":"2023-03-03T07:18:23","modified_gmt":"2023-03-03T07:18:23","slug":"prision-preventiva-contra-exdirector-de-radio-y-television-no-debe-cambiar-santiago-nieto","status":"publish","type":"post","link":"https:\/\/revistaacropolis.com\/index.php\/prision-preventiva-contra-exdirector-de-radio-y-television-no-debe-cambiar-santiago-nieto\/politica\/","title":{"rendered":"Prisi\u00f3n preventiva contra exdirector de Radio y Televisi\u00f3n no debe cambiar: Santiago Nieto"},"content":{"rendered":"\n<p>Luego de que Cristian G.B., <strong>exdirector del Sistema Estatal de Radio y Televisi\u00f3n de Hidalgo (SRH), obtuvo un amparo en contra de la prisi\u00f3n preventiva <\/strong>que le fue dictada en el proceso penal que enfrenta por el delito de ejercicio indebido del servicio p\u00fablico, el encargado de despacho de la Procuradur\u00eda General de Justicia estatal (PGJH), <strong>Santiago Nieto Castillo, consider\u00f3 que esta medida cautelar no debe varias y pidi\u00f3 a las autoridades judiciales recordar que el da\u00f1o que se hizo con la p\u00e9rdida de 11 estaciones radiof\u00f3nicas.<\/strong><\/p>\n\n\n\n<p><br>\u201c\u00c9l (exfuncionario de la administraci\u00f3n del exgobernador Omar Fayad) est\u00e1 en su derecho en acudir al juicio de amparo, se tendr\u00e1 que desarrollar nuevamente la audiencia, nosotros daremos las razones por las cuales consideramos que la media de presi\u00f3n preventiva justificada no debe variar.<\/p>\n\n\n\n<figure class=\"wp-block-pullquote\"><blockquote><p><br>Es un tema importante que se repare el da\u00f1o, y acu\u00e9rdense de lo que se perdi\u00f3, fueron 11 estaciones de radio de todas y de todos ustedes, eso que no se nos olvide, que no se nos olvide\u201d, mencion\u00f3 en entrevista.<\/p><\/blockquote><\/figure>\n\n\n\n<p><br>De acuerdo <strong>la resoluci\u00f3n del expediente 1973\/2022, la jueza Bertha Patricia Orozco Hern\u00e1ndez le concedi\u00f3 el amparo al extitular del organismo y orden\u00f3 a la jueza de control Karina Vert\u00edz Mar\u00edn dejar insubsistente la audiencia de medidas cautelares del 14 de diciembre del a\u00f1o pasado, as\u00ed como la resoluci\u00f3n que emiti\u00f3 en dicha diligencia<\/strong>; es decir, la medida cautelar de prisi\u00f3n preventiva justificada.<\/p>\n\n\n\n<p><br>Tambi\u00e9n <strong>requiri\u00f3 que cite a las partes a una nueva audiencia de medidas cautelares, en la que se subsanen los vicios de motivaci\u00f3n advertidos en la resoluci\u00f3n<\/strong>. Tomando en cuenta que las partes no podr\u00e1n expresar nuevos argumentos, sino que <strong>Vert\u00edz Mar\u00edn deber\u00e1 resolver lo conducente sobre la base de los que ya fueron expuestos en la audiencia inicial.<\/strong><\/p>\n\n\n\n<blockquote class=\"wp-block-quote is-layout-flow wp-block-quote-is-layout-flow\">\n<p><br>En el entendido que <strong>la resoluci\u00f3n que emita podr\u00e1 ser en el mismo sentido o en diverso, pero en caso de reiterar su decisi\u00f3n,<\/strong> deber\u00e1 dar mayores causas, razones y motivos que justifiquen y sean suficientes para imponer la medida cautelar de la prisi\u00f3n preventiva, que es de car\u00e1cter excepcional, desde luego derivadas de las exposiciones de la fiscal\u00eda\u201d, se\u00f1al\u00f3 Orozco Hern\u00e1ndez.<\/p>\n<\/blockquote>\n\n\n\n<p><br>En la resoluci\u00f3n, la jueza federal detalla que <strong>una de las justificaciones para imponerle la medida cautelar de prisi\u00f3n preventiva al imputado es que el Ministerio P\u00fablico (MP) argument\u00f3 que el acusado tiene un domicilio en Pachuca y otro en Cuernavaca, Morelos, lo cual consider\u00f3 discriminatorio<\/strong>. Asimismo, porque se solicit\u00f3 la pena m\u00e1xima de seis a\u00f1os de prisi\u00f3n y una reparaci\u00f3n del da\u00f1o de m\u00e1s de 10 millones de pesos, y porque al haber sido director del organismo puede obstaculizar las investigaciones por haber contratado personal de confianza que le debe lealtad y por temor a represalias por parte de otros funcionarios que puedan declarar.<\/p>\n\n\n\n<p>Sin embargo, <strong>la autoridad judicial consider\u00f3 que no fueron suficientes estos argumentos y se\u00f1al\u00f3 que debido a que Cristian padece c\u00e1ncer requiere de atenci\u00f3n m\u00e9dica <\/strong>y sustraerse de la justicia podr\u00eda poner en riesgo su vida.<\/p>\n\n\n\n<p>Respecto a la contrataci\u00f3n de equipo en el Sistema Estatal de Radio y Televisi\u00f3n en la anterior administraci\u00f3n y un supuesto uso irregular del mismo, dijo que las investigaciones siguen en proceso de integraci\u00f3n en la PGJH.<\/p>\n\n\n\n<h3 class=\"wp-block-heading\"><strong>EN CASO MORA, SIGILO<\/strong><\/h3>\n\n\n\n<p>Al ser cuestionado sobre que el excontralor <strong>C\u00e9sar Mora Vel\u00e1zquez se encuentra presuntamente pr\u00f3fugo de la justicia, dijo que prefer\u00eda no informar debido al sigilo <\/strong>de las carpetas de investigaci\u00f3n.<\/p>\n\n\n\n<p>Sin embargo, se\u00f1al\u00f3 que la PGJH tienen \u00f3rdenes de aprehensi\u00f3n pendientes de cumplementar derivado de las investigaciones de la <strong>Estafa Siniestra, un mecanismo de desv\u00edo de 522 millones de pesos de recursos p\u00fablicos, a trav\u00e9s del pago de servicios y obras no realizadas con empresas fachada,<\/strong> en el cual est\u00e1n involucrados 13 gobiernos municipales y dos secretar\u00edas de la administraci\u00f3n del exgobernador Fayad Meneses.<\/p>\n","protected":false},"excerpt":{"rendered":"<p>Luego de que Cristian G.B., exdirector del Sistema Estatal de Radio y Televisi\u00f3n de Hidalgo (SRH), obtuvo un amparo en contra de la prisi\u00f3n preventiva que le fue dictada en&hellip; <\/p>\n","protected":false},"author":9,"featured_media":1349,"comment_status":"closed","ping_status":"closed","sticky":false,"template":"","format":"standard","meta":{"two_page_speed":[],"_joinchat":[],"footnotes":""},"categories":[1],"tags":[327,236],"class_list":["post-1348","post","type-post","status-publish","format-standard","has-post-thumbnail","hentry","category-politica","tag-radio-y-television","tag-santiago-nieto"],"_links":{"self":[{"href":"https:\/\/revistaacropolis.com\/index.php\/wp-json\/wp\/v2\/posts\/1348","targetHints":{"allow":["GET"]}}],"collection":[{"href":"https:\/\/revistaacropolis.com\/index.php\/wp-json\/wp\/v2\/posts"}],"about":[{"href":"https:\/\/revistaacropolis.com\/index.php\/wp-json\/wp\/v2\/types\/post"}],"author":[{"embeddable":true,"href":"https:\/\/revistaacropolis.com\/index.php\/wp-json\/wp\/v2\/users\/9"}],"replies":[{"embeddable":true,"href":"https:\/\/revistaacropolis.com\/index.php\/wp-json\/wp\/v2\/comments?post=1348"}],"version-history":[{"count":1,"href":"https:\/\/revistaacropolis.com\/index.php\/wp-json\/wp\/v2\/posts\/1348\/revisions"}],"predecessor-version":[{"id":1350,"href":"https:\/\/revistaacropolis.com\/index.php\/wp-json\/wp\/v2\/posts\/1348\/revisions\/1350"}],"wp:featuredmedia":[{"embeddable":true,"href":"https:\/\/revistaacropolis.com\/index.php\/wp-json\/wp\/v2\/media\/1349"}],"wp:attachment":[{"href":"https:\/\/revistaacropolis.com\/index.php\/wp-json\/wp\/v2\/media?parent=1348"}],"wp:term":[{"taxonomy":"category","embeddable":true,"href":"https:\/\/revistaacropolis.com\/index.php\/wp-json\/wp\/v2\/categories?post=1348"},{"taxonomy":"post_tag","embeddable":true,"href":"https:\/\/revistaacropolis.com\/index.php\/wp-json\/wp\/v2\/tags?post=1348"}],"curies":[{"name":"wp","href":"https:\/\/api.w.org\/{rel}","templated":true}]}}