{"id":13493,"date":"2024-03-15T23:45:18","date_gmt":"2024-03-16T05:45:18","guid":{"rendered":"https:\/\/revistaacropolis.com\/?p=13493"},"modified":"2024-03-15T23:45:31","modified_gmt":"2024-03-16T05:45:31","slug":"no-se-busca-cambiar-historia-en-caso-adriel-victima-de-bullying-sino-saber-que-paso-menchaca","status":"publish","type":"post","link":"https:\/\/revistaacropolis.com\/index.php\/no-se-busca-cambiar-historia-en-caso-adriel-victima-de-bullying-sino-saber-que-paso-menchaca\/politica\/","title":{"rendered":"No se busca \u201ccambiar historia\u201d en caso Adriel, v\u00edctima de bullying, sino saber qu\u00e9 pas\u00f3: Menchaca"},"content":{"rendered":"\n<p>El gobernador <strong>Julio Menchaca Salazar afirm\u00f3 que las autoridades no tratan de \u201ccambiar historias\u201d en le caso del menor Adriel Moreno Mej\u00eda<\/strong>, alumno de primaria Benito Juarez 1930, en Santiago de Anaya, que falleci\u00f3 a causa de las lesiones por bullying, sino saber \u201cexactamente lo que pas\u00f3\u201d.<\/p>\n\n\n\n<p>Ello, tras la versi\u00f3n que emiti\u00f3  la SEPH respecto de que las lesiones al infante que le provocaron al muerto fueron producto de \u201cun accidente\u201d.<\/p>\n\n\n\n<figure class=\"wp-block-pullquote\"><blockquote><p>Es un hecho muy desafortunado, tom\u00f3 conocimiento la Secretar\u00eda de Educaci\u00f3n P\u00fablica (SEPH) en su momento, est\u00e1 la procuradur\u00eda haciendo todo lo que corresponde, es muy lamentablemente, y estamos solidarios con ese evento muy desafortunado\u201d, dijo tras acudir al primero informe del rector Octavio Castillo Acosta.<\/p><\/blockquote><\/figure>\n\n\n\n<p>Sobre del actuar del director del plantel, quien el 7 de marzo, d\u00eda del incidente, <strong>no canaliz\u00f3 al infante a un hospital, sino que lo llev\u00f3 su casa con sus padres, <\/strong>el mandario dijo que, seg\u00fan lo que le inform\u00f3 por el titular la SEPH, Natividad Castrej\u00f3n V\u00e1ldez,\u00a0\u00a0no hubo \u201cuna situaci\u00f3n inmediata\u201d, sino que posteriormente al incidente, el en cual el alumno de sexto de primaria fue golpeado por dos compa\u00f1eros, \u201ctuvo que recurriese a la atenci\u00f3n m\u00e9dica\u201d para el menor, que <strong>muri\u00f3 en el Hospital General de Actopan el 12 de marzo.<\/strong><\/p>\n\n\n\n<figure class=\"wp-block-pullquote\"><blockquote><p>En cualquier caso en verdad que es lamentable, y va a tener todo el acompa\u00f1amiento institucional (la familia)\u201d, dijo sobre el abandono gubernamental que han acusado los padres.<\/p><\/blockquote><\/figure>\n\n\n\n<p>Indic\u00f3 que hasta el momento <strong>el directivo, de nombre Rufino, no ha sido separado de su cargo,<\/strong> pues consider\u00f3 que todos los funcionarios educativos involucran deben estar para que se deslinden responsabilidades.<\/p>\n\n\n\n<p>Menchaca Salazar dijo que el acoso escolar no es una situaci\u00f3n nueva y que se deben generar las condiciones de denuncia, pues en los lugares alejados manifestarlo hace que se multiplique esta conducta y no la inhibe.<\/p>\n\n\n\n<p>Respecto del pronunciamiento hecho por la presidenta de la Comisi\u00f3n de Derechos Humanos (CDHEH), Ana Karen Parra Bonilla, <strong>respecto a que la violencia escolar en el estado es un foco rojo para ese ente,<\/strong> el mandatario consider\u00f3 que cuando se lastimen a un menor y pierda la vida es motivo de \u201cuna preocupaci\u00f3n para toda la sociedad\u201d.<\/p>\n\n\n\n<figure class=\"wp-block-pullquote\"><blockquote><p>Nos debe de generar un impulso a poder generar mejores protocolos, mejores condiciones, en cada una de las escuelas, en eso estamos trabajando institucionalmente\u201d, sostuvo.<\/p><\/blockquote><\/figure>\n\n\n\n<h3 class=\"wp-block-heading\">SIN PROTECCI\u00d3N A CANDIDATOS<\/h3>\n\n\n\n<p>Menchaca Salazar afirm\u00f3 que hasta el momento no hay solicitud de partidos para la protecci\u00f3n de candidatos en el estado.<\/p>\n\n\n\n<p>Afirm\u00f3 que las condiciones de Hidalgo son distintas a otras entidades, pero sostuvo que cuando las peticiones sean justificadas lo brindar\u00e1n.<\/p>\n\n\n\n<blockquote class=\"wp-block-quote is-layout-flow wp-block-quote-is-layout-flow\">\n<p>Que la efervescencia pol\u00edtica se d\u00e9 en el discurso, que se d\u00e9 dentro de los causes, aunque son r\u00edspidos, pero que no alteren la paz p\u00fablica\u201d, dijo.<\/p>\n<\/blockquote>\n","protected":false},"excerpt":{"rendered":"<p>El gobernador Julio Menchaca Salazar afirm\u00f3 que las autoridades no tratan de \u201ccambiar historias\u201d en le caso del menor Adriel Moreno Mej\u00eda, alumno de primaria Benito Juarez 1930, en Santiago&hellip; <\/p>\n","protected":false},"author":4,"featured_media":13494,"comment_status":"closed","ping_status":"closed","sticky":false,"template":"","format":"standard","meta":{"two_page_speed":[],"_joinchat":[],"footnotes":""},"categories":[1],"tags":[2527,2526,93],"class_list":["post-13493","post","type-post","status-publish","format-standard","has-post-thumbnail","hentry","category-politica","tag-adriel","tag-bullying","tag-menchaca"],"_links":{"self":[{"href":"https:\/\/revistaacropolis.com\/index.php\/wp-json\/wp\/v2\/posts\/13493","targetHints":{"allow":["GET"]}}],"collection":[{"href":"https:\/\/revistaacropolis.com\/index.php\/wp-json\/wp\/v2\/posts"}],"about":[{"href":"https:\/\/revistaacropolis.com\/index.php\/wp-json\/wp\/v2\/types\/post"}],"author":[{"embeddable":true,"href":"https:\/\/revistaacropolis.com\/index.php\/wp-json\/wp\/v2\/users\/4"}],"replies":[{"embeddable":true,"href":"https:\/\/revistaacropolis.com\/index.php\/wp-json\/wp\/v2\/comments?post=13493"}],"version-history":[{"count":1,"href":"https:\/\/revistaacropolis.com\/index.php\/wp-json\/wp\/v2\/posts\/13493\/revisions"}],"predecessor-version":[{"id":13495,"href":"https:\/\/revistaacropolis.com\/index.php\/wp-json\/wp\/v2\/posts\/13493\/revisions\/13495"}],"wp:featuredmedia":[{"embeddable":true,"href":"https:\/\/revistaacropolis.com\/index.php\/wp-json\/wp\/v2\/media\/13494"}],"wp:attachment":[{"href":"https:\/\/revistaacropolis.com\/index.php\/wp-json\/wp\/v2\/media?parent=13493"}],"wp:term":[{"taxonomy":"category","embeddable":true,"href":"https:\/\/revistaacropolis.com\/index.php\/wp-json\/wp\/v2\/categories?post=13493"},{"taxonomy":"post_tag","embeddable":true,"href":"https:\/\/revistaacropolis.com\/index.php\/wp-json\/wp\/v2\/tags?post=13493"}],"curies":[{"name":"wp","href":"https:\/\/api.w.org\/{rel}","templated":true}]}}