{"id":13591,"date":"2024-03-20T11:45:19","date_gmt":"2024-03-20T17:45:19","guid":{"rendered":"https:\/\/revistaacropolis.com\/?p=13591"},"modified":"2024-03-20T11:45:31","modified_gmt":"2024-03-20T17:45:31","slug":"se-van-5-diputados-a-campana-distrito-de-tepeji-quedara-sin-representacion","status":"publish","type":"post","link":"https:\/\/revistaacropolis.com\/index.php\/se-van-5-diputados-a-campana-distrito-de-tepeji-quedara-sin-representacion\/politica\/","title":{"rendered":"Se van 5 diputados a campa\u00f1a; distrito de Tepeji quedar\u00e1 sin representaci\u00f3n"},"content":{"rendered":"\n<p>En total <strong>cinco diputados locales dejar\u00e1n su encargo a partir del 1 de abril para contender por una alcald\u00eda o una curul en San L\u00e1zaro, por lo que la representaci\u00f3n Tepeji del R\u00edo se quedar\u00e1 ac\u00e9fala<\/strong>, pues la propietaria y suplente van como candidatas a presidencias municipales de la regi\u00f3n.<\/p>\n\n\n\n<p>Previo a que se agote el tiempo para pedir licencia a su puesto como representantes populares, misma que fenece el 4 de abril pr\u00f3ximo,\u00a0 <strong>los legisladores de Morena, De la Revoluci\u00f3n Democr\u00e1tica (PRD), Partido del Trabajo (PT) y Verde Ecologista de M\u00e9xico (PVEM) obtuvieron licencia para dejar su curul<\/strong>.<\/p>\n\n\n\n<p>Desde el pasado 13 de marzo, el pleno del Congreso de Hidalgo aprob\u00f3 la licencia de tres integrantes de la LXV Legislatura, quienes contender\u00e1n por las alcald\u00edas de donde son originarios: <strong>Octavio Maga\u00f1a Soto<\/strong>, por Tula de Allende; <strong>Jorge Hern\u00e1ndez Araus<\/strong>, por Cuautepec de Hinojosa, y <strong>Tania Valdez Cu\u00e9llar<\/strong>, por Tepeji del R\u00edo de Ocampo. Competir\u00e1 por el Verde el primero y por Morena los otros dos.<\/p>\n\n\n\n<p>Los suplentes que asumir\u00e1n la diputaci\u00f3n son <strong>Efr\u00e9n Eduardo Olgu\u00edn Cruz<\/strong>, representante de Morena, por el distrito de Tula, y <strong>Jorge Daniel Tapia Garc\u00eda<\/strong>, por el Apan.<\/p>\n\n\n\n<h3 class=\"wp-block-heading\">CURUL VAC\u00cdA<\/h3>\n\n\n\n<p>En el caso <strong>del distrito de Tepeji del R\u00edo<\/strong>, la suplente es Yocelyn Tovar Mendoza, quien ser\u00e1 candidata por el ayuntamiento de Atotonilco de Tula, por lo que esa curul, cuya propietaria es Valdez Cu\u00e9llar, <strong>quedar\u00e1 ac\u00e9fala, pues durante el periodo de campa\u00f1as y la elecci\u00f3n no tendr\u00e1 representante.<\/strong><\/p>\n\n\n\n<p>En caso de que ambas candidatas fueran electas alcaldesas, expandir\u00eda esta situaci\u00f3n hasta el cierre de la legislatura.<\/p>\n\n\n\n<p>Ayer, el pleno del Congreso tambi\u00e9n aprob\u00f3 la licencia del diputado morenista de Huejutla de Reyes, <strong>Fortunato Gonz\u00e1lez Islas,<\/strong> quien busca contender por el distrito federal 01 con cabecera en Huejutla por el PT. En este caso asumir\u00e1 la curul <strong>Rebeca Medell\u00edn Gonz\u00e1lez,<\/strong> bajo la fracci\u00f3n de Morena.<\/p>\n\n\n\n<p>Tambi\u00e9n autoriz\u00f3 la solicitud para separarse del cargo al perredista <strong>Miguel \u00c1ngel Mart\u00ednez G\u00f3mez,<\/strong> el Oso, quien ser\u00e1 candidato en el municipio de Metepec por Morena. Su suplente,<strong> Benito San Juan San Agust\u00edn<\/strong>, deber\u00e1 ser llamada a asumir este cargo.<\/p>\n\n\n\n<p>Los suplentes de cada uno de los legisladores con licencia tendr\u00edan que asumir el cargo, de acuerdo el presidente de la Junta de Gobierno, Jes\u00fas Osiris Leines Med\u00e9cigo, el primer de abril o cuando sea la pr\u00f3xima sesi\u00f3n ordinaria, para tomarles protesta, excepto en el caso del distrito de Tepeji del R\u00edo.<\/p>\n","protected":false},"excerpt":{"rendered":"<p>En total cinco diputados locales dejar\u00e1n su encargo a partir del 1 de abril para contender por una alcald\u00eda o una curul en San L\u00e1zaro, por lo que la representaci\u00f3n&hellip; <\/p>\n","protected":false},"author":14,"featured_media":13593,"comment_status":"closed","ping_status":"closed","sticky":false,"template":"","format":"standard","meta":{"two_page_speed":[],"_joinchat":[],"footnotes":""},"categories":[1],"tags":[710,1627,2549],"class_list":["post-13591","post","type-post","status-publish","format-standard","has-post-thumbnail","hentry","category-politica","tag-diputados","tag-licencias","tag-suplentes"],"_links":{"self":[{"href":"https:\/\/revistaacropolis.com\/index.php\/wp-json\/wp\/v2\/posts\/13591","targetHints":{"allow":["GET"]}}],"collection":[{"href":"https:\/\/revistaacropolis.com\/index.php\/wp-json\/wp\/v2\/posts"}],"about":[{"href":"https:\/\/revistaacropolis.com\/index.php\/wp-json\/wp\/v2\/types\/post"}],"author":[{"embeddable":true,"href":"https:\/\/revistaacropolis.com\/index.php\/wp-json\/wp\/v2\/users\/14"}],"replies":[{"embeddable":true,"href":"https:\/\/revistaacropolis.com\/index.php\/wp-json\/wp\/v2\/comments?post=13591"}],"version-history":[{"count":1,"href":"https:\/\/revistaacropolis.com\/index.php\/wp-json\/wp\/v2\/posts\/13591\/revisions"}],"predecessor-version":[{"id":13594,"href":"https:\/\/revistaacropolis.com\/index.php\/wp-json\/wp\/v2\/posts\/13591\/revisions\/13594"}],"wp:featuredmedia":[{"embeddable":true,"href":"https:\/\/revistaacropolis.com\/index.php\/wp-json\/wp\/v2\/media\/13593"}],"wp:attachment":[{"href":"https:\/\/revistaacropolis.com\/index.php\/wp-json\/wp\/v2\/media?parent=13591"}],"wp:term":[{"taxonomy":"category","embeddable":true,"href":"https:\/\/revistaacropolis.com\/index.php\/wp-json\/wp\/v2\/categories?post=13591"},{"taxonomy":"post_tag","embeddable":true,"href":"https:\/\/revistaacropolis.com\/index.php\/wp-json\/wp\/v2\/tags?post=13591"}],"curies":[{"name":"wp","href":"https:\/\/api.w.org\/{rel}","templated":true}]}}