{"id":13688,"date":"2024-03-22T21:51:58","date_gmt":"2024-03-23T03:51:58","guid":{"rendered":"https:\/\/revistaacropolis.com\/?p=13688"},"modified":"2024-03-22T21:52:10","modified_gmt":"2024-03-23T03:52:10","slug":"maestra-de-caso-adriel-victima-mortal-de-bullying-promueve-amparo-para-no-ser-detenida","status":"publish","type":"post","link":"https:\/\/revistaacropolis.com\/index.php\/maestra-de-caso-adriel-victima-mortal-de-bullying-promueve-amparo-para-no-ser-detenida\/politica\/","title":{"rendered":"Maestra de caso Adriel, v\u00edctima mortal de bullying, promueve amparo para no ser detenida"},"content":{"rendered":"\n<p>Flor Isela, <strong>maestra del alumno de la primaria Benito Ju\u00e1rez 1930, en Santiago de Anaya\u00a0Adriel Moreno Mej\u00eda, fallecido a consecuencia de bullying, interpuso una demanda de amparo<\/strong> contra una orden de aprehensi\u00f3n y detenci\u00f3n.<\/p>\n\n\n\n<p>De acuerdo con el expediente 454\/2024, radicado en el Juzgado Segundos de Distrito de Hidalgo, <strong>la solicitud de la docente fue ingresado el pasado 19 de marzo pasado.<\/strong><\/p>\n\n\n\n<figure class=\"wp-block-image size-large\"><img fetchpriority=\"high\" decoding=\"async\" width=\"1600\" height=\"899\" src=\"https:\/\/revistaacropolis.com\/wp-content\/uploads\/2024\/03\/image-113-edited.png\" alt=\"\" class=\"wp-image-13690\" srcset=\"https:\/\/revistaacropolis.com\/wp-content\/uploads\/2024\/03\/image-113-edited.png 1600w, https:\/\/revistaacropolis.com\/wp-content\/uploads\/2024\/03\/image-113-edited-300x169.png 300w, https:\/\/revistaacropolis.com\/wp-content\/uploads\/2024\/03\/image-113-edited-1024x575.png 1024w, https:\/\/revistaacropolis.com\/wp-content\/uploads\/2024\/03\/image-113-edited-768x432.png 768w, https:\/\/revistaacropolis.com\/wp-content\/uploads\/2024\/03\/image-113-edited-1536x863.png 1536w, https:\/\/revistaacropolis.com\/wp-content\/uploads\/2024\/03\/image-113-edited-600x337.png 600w\" sizes=\"(max-width: 1600px) 100vw, 1600px\" \/><\/figure>\n\n\n\n<p><strong>\u00a0<\/strong><\/p>\n\n\n\n<p>Ese mismo d\u00eda, fuentes judiciales confirmaron que un juez local de T<strong>ula liber\u00f3 a la la Procuradur\u00eda General de Justicia de Hidalgo (PGJH) una orden de aprehensi\u00f3n contra Flor Isela P. M. y el director Rufino,<\/strong> por el delito de homicidio culposo por comisi\u00f3n de omisi\u00f3n.<\/p>\n\n\n\n<p>Ello, derivado de la muerte del infante de sexto grado, quien falleci\u00f3 el 12 de marzo tras permanecer cinco d\u00edas en el Hospital General de Actopan derivado de la agresi\u00f3n f\u00edsica que presuntamente cometieron dos compa\u00f1eros contra Adriel.<\/p>\n\n\n\n<p>De acuerdo con los padres de la v\u00edctima de acosos escolar, e<strong>l director llev\u00f3 al infante a su casa el 7 de marzo y les dijo que solamente se hab\u00eda sufrido una ca\u00edda y que solamente se hab\u00eda zafado el brazo<\/strong>, por lo que les aconsej\u00f3 llevarlo al hospital, sin brindarle atenci\u00f3n m\u00e9dica.<\/p>\n\n\n\n<p><strong>La audiencia incidental del caso se llevar\u00e1 a cabo el 2 de abril y la\u00a0constitucional, el pr\u00f3ximo 30 de abril.<\/strong><\/p>\n\n\n\n<p>El juzgado federal <strong>concedi\u00f3 a la maestra de grupo la suspensi\u00f3n provisional para que las autoridades responsables no la priven de la libertad<\/strong> hasta que se resuelva sobre la suspensi\u00f3n definitiva del acto reclamado.<\/p>\n\n\n\n<figure class=\"wp-block-pullquote\"><blockquote><p>\u2026 la medida cautelar decretada no tiene el efecto de paralizar la continuaci\u00f3n del procedimiento penal correspondiente, pues este constituye una situaci\u00f3n de orden p\u00fablico e inter\u00e9s social respecto del cual se encuentra vedada legalmente la medida cautelar solicitada; y se decreta en tanto se resuelva esta incidencia en definitiva\u201d, dice el expediente.<\/p><\/blockquote><\/figure>\n\n\n\n<p>De ser concedida al suspensi\u00f3n provisional, la solicitante tendr\u00e1 la obligaci\u00f3n de comparecer ante el juez de la causa.<\/p>\n","protected":false},"excerpt":{"rendered":"<p>Flor Isela, maestra del alumno de la primaria Benito Ju\u00e1rez 1930, en Santiago de Anaya\u00a0Adriel Moreno Mej\u00eda, fallecido a consecuencia de bullying, interpuso una demanda de amparo contra una orden&hellip; <\/p>\n","protected":false},"author":4,"featured_media":13690,"comment_status":"closed","ping_status":"closed","sticky":false,"template":"","format":"standard","meta":{"two_page_speed":[],"_joinchat":[],"footnotes":""},"categories":[1],"tags":[2527,2561,679],"class_list":["post-13688","post","type-post","status-publish","format-standard","has-post-thumbnail","hentry","category-politica","tag-adriel","tag-maestra","tag-santiago-de-anaya"],"_links":{"self":[{"href":"https:\/\/revistaacropolis.com\/index.php\/wp-json\/wp\/v2\/posts\/13688","targetHints":{"allow":["GET"]}}],"collection":[{"href":"https:\/\/revistaacropolis.com\/index.php\/wp-json\/wp\/v2\/posts"}],"about":[{"href":"https:\/\/revistaacropolis.com\/index.php\/wp-json\/wp\/v2\/types\/post"}],"author":[{"embeddable":true,"href":"https:\/\/revistaacropolis.com\/index.php\/wp-json\/wp\/v2\/users\/4"}],"replies":[{"embeddable":true,"href":"https:\/\/revistaacropolis.com\/index.php\/wp-json\/wp\/v2\/comments?post=13688"}],"version-history":[{"count":2,"href":"https:\/\/revistaacropolis.com\/index.php\/wp-json\/wp\/v2\/posts\/13688\/revisions"}],"predecessor-version":[{"id":13692,"href":"https:\/\/revistaacropolis.com\/index.php\/wp-json\/wp\/v2\/posts\/13688\/revisions\/13692"}],"wp:featuredmedia":[{"embeddable":true,"href":"https:\/\/revistaacropolis.com\/index.php\/wp-json\/wp\/v2\/media\/13690"}],"wp:attachment":[{"href":"https:\/\/revistaacropolis.com\/index.php\/wp-json\/wp\/v2\/media?parent=13688"}],"wp:term":[{"taxonomy":"category","embeddable":true,"href":"https:\/\/revistaacropolis.com\/index.php\/wp-json\/wp\/v2\/categories?post=13688"},{"taxonomy":"post_tag","embeddable":true,"href":"https:\/\/revistaacropolis.com\/index.php\/wp-json\/wp\/v2\/tags?post=13688"}],"curies":[{"name":"wp","href":"https:\/\/api.w.org\/{rel}","templated":true}]}}