{"id":13961,"date":"2024-04-02T16:50:42","date_gmt":"2024-04-02T22:50:42","guid":{"rendered":"https:\/\/revistaacropolis.com\/?p=13961"},"modified":"2024-04-02T17:34:32","modified_gmt":"2024-04-02T23:34:32","slug":"fgr-no-pudo-imputar-a-danu-por-portacion-de-arma-de-fuego-por-falta-de-juicio-de-procedencia","status":"publish","type":"post","link":"https:\/\/revistaacropolis.com\/index.php\/fgr-no-pudo-imputar-a-danu-por-portacion-de-arma-de-fuego-por-falta-de-juicio-de-procedencia\/politica\/","title":{"rendered":"FGR no pudo imputar a Da\u00f1u por portaci\u00f3n de arma de fuego por falta de juicio de procedencia"},"content":{"rendered":"\n<p>La Fiscal\u00eda General de la Rep\u00fablica <strong>(FGR) no pudo presentar imputaci\u00f3n por uso y portaci\u00f3n de arma de fuego de uso exclusivo contra el diputado suspendido Edgar Hern\u00e1ndez Da\u00f1u<\/strong>, pues no cuenta con el juicio de procedencia, avalado por el Congreso local, para poder juzgarlo por delitos del fuero federal.<\/p>\n\n\n\n<p>En audiencia celebrada este d\u00eda en el Centro de Justicia Federal en el Estado de Hidalgo, en Pachuca, <strong>como parte de la causa penal 369\/2023<\/strong>, la defensa del legislador del Partido del Trabajo (PT), Juan Roberto Ram\u00edrez Gonz\u00e1lez, indic\u00f3 que no pod\u00edan ejercer la acci\u00f3n penal que pide el Ministerio P\u00fablico contra su cliente por no cumplir con ese requerimiento, pues cuenta con inmunidad procesal.<\/p>\n\n\n\n<p>Expuso que <strong>el cargo es irrenunciable<\/strong> y que el 21 de septiembre, tras vencer su licencia, <strong>Hern\u00e1ndez Da\u00f1u fue sustituido por Aar\u00f3n Charrez Paloma,<\/strong> luego de ser<strong> vinculado a proceso el 28 de septiembre de 2023 por el delito de fueron com\u00fan de narcomenudeo<\/strong>, ya que fue suspendido por el tiempo que dure el proceso en su contra.<\/p>\n\n\n\n<p>Asimismo, <strong>indic\u00f3 que no se cumple con el p\u00e1rrafo quinto del art\u00edculo 111 constitucional<\/strong>, que establece que poder proceder penalmente por delitos federales contra diputados locales se requiere la declaraci\u00f3n de procedencia del Congreso estatal, avalado por mayor\u00eda absoluta.<\/p>\n\n\n\n<p>En tanto, Hern\u00e1ndez Da\u00f1u<strong> argument\u00f3 que aunque no est\u00e9 en funciones sigue siendo legislador local.<\/strong><\/p>\n\n\n\n<p><strong>La jueza de control federal Ver\u00f3nica Guti\u00e9rrez Fuentes ratific\u00f3 el argumento de la defensa.<\/strong> Apunt\u00f3 que la representaci\u00f3n social de la federaci\u00f3n <strong>omiti\u00f3 el requerimiento de presentar el juicio de procedencia -para retirarle la inmunidad procesal- contra el petista, quien est\u00e1 indagado en la causa penal 369\/2023 junto a Blanca Areli L. D., su pareja.<\/strong><\/p>\n\n\n\n<figure class=\"wp-block-pullquote\"><blockquote><p>Resulta evidente que previamente debe cerciorarse que el procedimiento se haya respetado\u201d, indic\u00f3 la juzgadora, quien record\u00f3 que en audiencia pasada, que se difiri\u00f3, le hab\u00eda advertido que ello ser\u00eda motivo de revisi\u00f3n.<\/p><\/blockquote><\/figure>\n\n\n\n<p>Agreg\u00f3 que <strong>es un delito proceder penalmente contra un servidor p\u00fabico sin antes haberle retirado el fuero <\/strong>(inmunidad procesal), por lo que<strong> no permiti\u00f3 al representante de la FGR formular imputaci\u00f3n contra los dos acusados.<\/strong><\/p>\n\n\n\n<figure class=\"wp-block-pullquote\"><blockquote><p>No se ha cumplido con el procedimiento que marca el art\u00edculo 111 constitucional\u201d, expuso Guti\u00e9rrez Fuentes.<\/p><\/blockquote><\/figure>\n\n\n\n<p>Hern\u00e1ndez Da\u00f1u <strong>se encuentra vinculado a procesos por un delito del orden local sin juicio de procedencia,<\/strong> pues de la Constituci\u00f3n del Estado de Hidalgo se elimin\u00f3 el fuero a servidores; sin embargo, la Constituci\u00f3n de la rep\u00fablica es un ordenamiento mayor y marca el procedimiento en el caso de il\u00edcitos del orden federal.<\/p>\n\n\n\n<p>En tanto, el MP federal <strong>tiene tres d\u00edas para decidir si formula imputaci\u00f3n \u00fanicamente contra Blanca Areli o si espera a que el legislador suspendido termine su periodo el 4 de septiembre para hacer la acusaci\u00f3n a ambos.<\/strong> Tambi\u00e9n puede solicitarse el juicio de procedencia ante el Congreso estatal.<\/p>\n\n\n\n<h3 class=\"wp-block-heading\">\u00abTEMA DE \u00cdNDOLE POL\u00cdTICO\u00bb<\/h3>\n\n\n\n<p>En entrevista posterior, el abogado defensor Cristian Maldonado P\u00e9rez <strong>afirm\u00f3 que el delito federal que se le busca imputar al legislador del PT es \u201cun tema de \u00edndole pol\u00edtico\u00bb.<\/strong><\/p>\n\n\n\n<p>Pese a la falta de cumplimiento del requisitos para formular imputaci\u00f3n, <strong>el jurista no consider\u00f3 que exista desconocimiento del MP.<\/strong><\/p>\n\n\n\n<figure class=\"wp-block-pullquote\"><blockquote><p>\u00c9l sab\u00eda y compart\u00eda el criterio; sin embargo, ellos deben de seguir instrucciones, pero \u00e9l comparte el criterio, y el criterio de la jueza fue muy puntual: es un tema de derecho constitucional\u201d, expuso.<\/p><\/blockquote><\/figure>\n\n\n\n<p>Agreg\u00f3 que la FGR puede solicitar en cualquier momento el juicio de procedencia contra su cliente, para el retiro del fuero.<\/p>\n\n\n\n<p><strong>El legislador fue detenido el 21 de septiembre de 2023 luego de que elementos de la Procuradur\u00eda General de Justicia de Hidalgo (PGJH) ejecutaron un cateo <\/strong>en un departamento donde se encontraba junto con su novia. En este, la autoridad estatal r<strong>eport\u00f3 el hallazgo de droga diversa y armas de fuego <\/strong>y explosivos de uso exclusivo del Ej\u00e9rcito y Fuerzas Armadas.<\/p>\n\n\n\n<h3 class=\"wp-block-heading\">DatoAcro<\/h3>\n\n\n\n<p><em>-La jueza de control federal indic\u00f3 que la inmunidad procesal; es decir, el fuero, no representa impunidad.<\/em><\/p>\n","protected":false},"excerpt":{"rendered":"<p>La Fiscal\u00eda General de la Rep\u00fablica (FGR) no pudo presentar imputaci\u00f3n por uso y portaci\u00f3n de arma de fuego de uso exclusivo contra el diputado suspendido Edgar Hern\u00e1ndez Da\u00f1u, pues&hellip; <\/p>\n","protected":false},"author":4,"featured_media":13962,"comment_status":"closed","ping_status":"closed","sticky":false,"template":"","format":"standard","meta":{"two_page_speed":[],"_joinchat":[],"footnotes":""},"categories":[1],"tags":[1838,2017],"class_list":["post-13961","post","type-post","status-publish","format-standard","has-post-thumbnail","hentry","category-politica","tag-armas","tag-danu"],"_links":{"self":[{"href":"https:\/\/revistaacropolis.com\/index.php\/wp-json\/wp\/v2\/posts\/13961","targetHints":{"allow":["GET"]}}],"collection":[{"href":"https:\/\/revistaacropolis.com\/index.php\/wp-json\/wp\/v2\/posts"}],"about":[{"href":"https:\/\/revistaacropolis.com\/index.php\/wp-json\/wp\/v2\/types\/post"}],"author":[{"embeddable":true,"href":"https:\/\/revistaacropolis.com\/index.php\/wp-json\/wp\/v2\/users\/4"}],"replies":[{"embeddable":true,"href":"https:\/\/revistaacropolis.com\/index.php\/wp-json\/wp\/v2\/comments?post=13961"}],"version-history":[{"count":6,"href":"https:\/\/revistaacropolis.com\/index.php\/wp-json\/wp\/v2\/posts\/13961\/revisions"}],"predecessor-version":[{"id":13970,"href":"https:\/\/revistaacropolis.com\/index.php\/wp-json\/wp\/v2\/posts\/13961\/revisions\/13970"}],"wp:featuredmedia":[{"embeddable":true,"href":"https:\/\/revistaacropolis.com\/index.php\/wp-json\/wp\/v2\/media\/13962"}],"wp:attachment":[{"href":"https:\/\/revistaacropolis.com\/index.php\/wp-json\/wp\/v2\/media?parent=13961"}],"wp:term":[{"taxonomy":"category","embeddable":true,"href":"https:\/\/revistaacropolis.com\/index.php\/wp-json\/wp\/v2\/categories?post=13961"},{"taxonomy":"post_tag","embeddable":true,"href":"https:\/\/revistaacropolis.com\/index.php\/wp-json\/wp\/v2\/tags?post=13961"}],"curies":[{"name":"wp","href":"https:\/\/api.w.org\/{rel}","templated":true}]}}