{"id":14072,"date":"2024-04-05T15:25:39","date_gmt":"2024-04-05T21:25:39","guid":{"rendered":"https:\/\/revistaacropolis.com\/?p=14072"},"modified":"2024-04-05T17:38:25","modified_gmt":"2024-04-05T23:38:25","slug":"rechaza-ine-imponer-medidas-cautelares-a-morena-por-publicacion-de-escandalos-de-viggiano","status":"publish","type":"post","link":"https:\/\/revistaacropolis.com\/index.php\/rechaza-ine-imponer-medidas-cautelares-a-morena-por-publicacion-de-escandalos-de-viggiano\/politica\/","title":{"rendered":"Rechaza INE imponer medidas cautelares a Morena por publicaci\u00f3n de \u00abesc\u00e1ndalos\u00bb de Viggiano"},"content":{"rendered":"\n<p>El Consejo local en Hidalgo Instituto Nacional Electoral <strong>(INE) rechaz\u00f3 imponer medias cautelares a Morena por una publicaci\u00f3n hecha sobre la candidata a senadora por el Partido Revolucionario Institucional (PRI), Carolina Viggiano Austria<\/strong>, a quien se\u00f1ala de <strong>postural a personas corruptas<\/strong> y tener \u201c<strong>esc\u00e1ndalos<\/strong>\u201d en sus bienes inmuebles.<\/p>\n\n\n\n<p>En sesi\u00f3n extraordinaria urgente, el ente electoral <strong>resolvi\u00f3 el Procedimiento Especial Sancionador CL\/PE\/PRI\/CL\/HGO\/PEF\/002\/2024, <\/strong>en el cual la abanderada de la coalici\u00f3n Fuerza y Coraz\u00f3n por M\u00e9xico <strong>acus\u00f3 calumnias por parte del Morena<\/strong>, que efectu\u00f3 una publicaci\u00f3n en la cuenta de Instagram morena_partido.<\/p>\n\n\n\n<p>Tras verificar el contenido denunciado el 25 de marzo, <strong>el INE determin\u00f3 como improcedente la queja de la secretaria general del PRI, pues \u201cse debe atender al contexto del momento proceso electoral federal\u201d<\/strong> actual, que <strong>corresponde a una campa\u00f1a que permite la \u201ccr\u00edtica fuerte y vigorosa\u201d<\/strong> sobre las personas candidatas en el marco del debate pol\u00edtico.<\/p>\n\n\n\n<figure class=\"wp-block-pullquote\"><blockquote><p>En los procesos electorales se maximiza la libertad de expresi\u00f3n para que la ciudadan\u00eda cuente con mayores elementos para emitir un voto libre e informado\u201d, expuso.&nbsp;<\/p><\/blockquote><\/figure>\n\n\n\n<p>En el anuncio proselitista de Morena se acusa a<strong> Viggiano Austria de estar \u201cinvolucrada en esc\u00e1ndalo por irregulares de en sus bienes inmuebles\u201d,<\/strong> lo cual, a decir del Consejo local, <strong>no representa un imputaci\u00f3n clara de un delito como el enriquecimiento il\u00edcito.<\/strong><\/p>\n\n\n\n<p>Asimismo, el mensaje la se\u00f1alan, como \u201cintegrante del PRIAN\u201d, <strong>de postular a candidatos acusados de corrupci\u00f3n, <\/strong>por lo que el partido guinda pide que \u201cs\u00ed los ves en una boleta, no votes por ellos\u201d.<\/p>\n\n\n\n<p>No obstante, <strong>el INE se\u00f1al\u00f3 que aunque la palabra corrupci\u00f3n puede tener una connotaci\u00f3n penal, tambi\u00e9n tiene un uso \u201ccoloquial y generalizado\u201d en el contexto del debate pol\u00edtic<\/strong>o, por lo que esta expresi\u00f3n debe <strong>ser considerada como una cr\u00edtica pol\u00edtica y no calumniosa<\/strong>, pues no es la imputaci\u00f3n de un hecho falso, sino <strong>opiniones e ideas \u201cque no exigen un canon de veracidad\u201d,<\/strong> que protege la libertad de expresi\u00f3n.<\/p>\n\n\n\n<figure class=\"wp-block-pullquote\"><blockquote><p>Se encuentre bajo criterios de juicios de valor en la opini\u00f3n p\u00fablica y de cada persona en particular, debido a que se advierte que los medios de comunicaci\u00f3n han dado cuenta de noticias en relaci\u00f3n con los bienes inmuebles de la quejosa, por lo que este Consejo local considera que se trata de un tema que se encuentra en la opini\u00f3n p\u00fablica, lo cual incluye a los propios partido pol\u00edticos para emitir sus opiniones en el contexto del debate pol\u00edtico\u201d, se\u00f1al\u00f3 el secretario general del INE Hidalgo, Ra\u00fal Becerra Bravo.<\/p><\/blockquote><\/figure>\n\n\n\n<p><strong>Gerardo Tavera \u00c1ngeles, representante del PRI ante el INE<\/strong>, insisti\u00f3 en que lo que&nbsp;se public\u00f3 en la red social oficial del Morena <strong>es una imagen que \u201cconstituye propaganda electoral negra y calumniosa\u201d, <\/strong>derivado a que es la imputaci\u00f3n de \u201cun hecho falso, que podr\u00eda constituir un delito\u201d, \u201csin ning\u00fan elemento probatorio\u201d.<\/p>\n\n\n\n<figure class=\"wp-block-image size-large\"><img fetchpriority=\"high\" decoding=\"async\" width=\"1024\" height=\"682\" src=\"https:\/\/revistaacropolis.com\/wp-content\/uploads\/2024\/04\/image-39-1024x682.png\" alt=\"\" class=\"wp-image-14075\" srcset=\"https:\/\/revistaacropolis.com\/wp-content\/uploads\/2024\/04\/image-39-1024x682.png 1024w, https:\/\/revistaacropolis.com\/wp-content\/uploads\/2024\/04\/image-39-300x200.png 300w, https:\/\/revistaacropolis.com\/wp-content\/uploads\/2024\/04\/image-39-768x512.png 768w, https:\/\/revistaacropolis.com\/wp-content\/uploads\/2024\/04\/image-39-600x400.png 600w, https:\/\/revistaacropolis.com\/wp-content\/uploads\/2024\/04\/image-39.png 1280w\" sizes=\"(max-width: 1024px) 100vw, 1024px\" \/><\/figure>\n\n\n\n<p>\u201cCuando se carece de propuestas e ideas, solo restan las denostaciones. Que quede perfectamente claro: Morena de manera sistem\u00e1tica y ante la falta de propuestas y solo valerse de artima\u00f1as en el uso desmedido de programas sociales, le apuesta a la calumnia y desinformaci\u00f3n\u201d, expuso.<\/p>\n\n\n\n<p>En tanto, Baldemar Amador Zavala, representante de Morena ante el INE, <strong>dijo que el proceso especial sancionado debi\u00f3 ser desechado \u201cdesde la entrada <\/strong>por ser notoriamente improcedente\u201d por no cumplir con lo que dice la ley sobre el concepto de calumnia.<\/p>\n\n\n\n<figure class=\"wp-block-image size-large\"><img decoding=\"async\" width=\"1024\" height=\"682\" src=\"https:\/\/revistaacropolis.com\/wp-content\/uploads\/2024\/04\/image-38-1024x682.png\" alt=\"\" class=\"wp-image-14074\" srcset=\"https:\/\/revistaacropolis.com\/wp-content\/uploads\/2024\/04\/image-38-1024x682.png 1024w, https:\/\/revistaacropolis.com\/wp-content\/uploads\/2024\/04\/image-38-300x200.png 300w, https:\/\/revistaacropolis.com\/wp-content\/uploads\/2024\/04\/image-38-768x512.png 768w, https:\/\/revistaacropolis.com\/wp-content\/uploads\/2024\/04\/image-38-600x400.png 600w, https:\/\/revistaacropolis.com\/wp-content\/uploads\/2024\/04\/image-38.png 1280w\" sizes=\"(max-width: 1024px) 100vw, 1024px\" \/><\/figure>\n\n\n\n<figure class=\"wp-block-pullquote\"><blockquote><p>Las medidas cautelares no deben de interpretarse de manera exagerada\u201d, expuso.<\/p><\/blockquote><\/figure>\n\n\n\n<p>Becerra Bravo respondi\u00f3 que haber admitido el procedimiento no prejuzga \u201csobre el fondo del sentido que en su momento emita la Sala Regional Especializada\u201d del Tribunal del Poder Judicial de la Federaci\u00f3n.<\/p>\n","protected":false},"excerpt":{"rendered":"<p>El Consejo local en Hidalgo Instituto Nacional Electoral (INE) rechaz\u00f3 imponer medias cautelares a Morena por una publicaci\u00f3n hecha sobre la candidata a senadora por el Partido Revolucionario Institucional (PRI),&hellip; <\/p>\n","protected":false},"author":4,"featured_media":14083,"comment_status":"closed","ping_status":"closed","sticky":false,"template":"","format":"standard","meta":{"two_page_speed":[],"_joinchat":[],"footnotes":""},"categories":[1],"tags":[47,50,122,1402],"class_list":["post-14072","post","type-post","status-publish","format-standard","has-post-thumbnail","hentry","category-politica","tag-ine","tag-morena","tag-pri","tag-viggiano"],"_links":{"self":[{"href":"https:\/\/revistaacropolis.com\/index.php\/wp-json\/wp\/v2\/posts\/14072","targetHints":{"allow":["GET"]}}],"collection":[{"href":"https:\/\/revistaacropolis.com\/index.php\/wp-json\/wp\/v2\/posts"}],"about":[{"href":"https:\/\/revistaacropolis.com\/index.php\/wp-json\/wp\/v2\/types\/post"}],"author":[{"embeddable":true,"href":"https:\/\/revistaacropolis.com\/index.php\/wp-json\/wp\/v2\/users\/4"}],"replies":[{"embeddable":true,"href":"https:\/\/revistaacropolis.com\/index.php\/wp-json\/wp\/v2\/comments?post=14072"}],"version-history":[{"count":3,"href":"https:\/\/revistaacropolis.com\/index.php\/wp-json\/wp\/v2\/posts\/14072\/revisions"}],"predecessor-version":[{"id":14090,"href":"https:\/\/revistaacropolis.com\/index.php\/wp-json\/wp\/v2\/posts\/14072\/revisions\/14090"}],"wp:featuredmedia":[{"embeddable":true,"href":"https:\/\/revistaacropolis.com\/index.php\/wp-json\/wp\/v2\/media\/14083"}],"wp:attachment":[{"href":"https:\/\/revistaacropolis.com\/index.php\/wp-json\/wp\/v2\/media?parent=14072"}],"wp:term":[{"taxonomy":"category","embeddable":true,"href":"https:\/\/revistaacropolis.com\/index.php\/wp-json\/wp\/v2\/categories?post=14072"},{"taxonomy":"post_tag","embeddable":true,"href":"https:\/\/revistaacropolis.com\/index.php\/wp-json\/wp\/v2\/tags?post=14072"}],"curies":[{"name":"wp","href":"https:\/\/api.w.org\/{rel}","templated":true}]}}