{"id":14325,"date":"2024-04-12T14:02:11","date_gmt":"2024-04-12T20:02:11","guid":{"rendered":"https:\/\/revistaacropolis.com\/?p=14325"},"modified":"2024-04-12T14:02:23","modified_gmt":"2024-04-12T20:02:23","slug":"preve-coparmex-cuatro-dialogos-ciudadanos-con-candidatos-al-senado-diputaciones-local-y-federal-y-pachuca","status":"publish","type":"post","link":"https:\/\/revistaacropolis.com\/index.php\/preve-coparmex-cuatro-dialogos-ciudadanos-con-candidatos-al-senado-diputaciones-local-y-federal-y-pachuca\/politica\/","title":{"rendered":"Prev\u00e9 Coparmex cuatro \u201cdi\u00e1logos ciudadanos\u201d con candidatos al Senado, diputaciones local y federal y Pachuca"},"content":{"rendered":"\n<p>El presidente Confederaci\u00f3n Patronal de la Rep\u00fablica Mexicana <strong>(Coparmex), Juan Manuel\u00a0Batres\u00a0Campos, afirm\u00f3 que el ente empresarial busca realizar cuatro encuentros, denominados \u201cdi\u00e1logos ciudadanos\u201d, con aspirantes al Senado, as\u00ed como a las diputaciones local y federal por Pachuca y el ayuntamiento capitalino.<\/strong><\/p>\n\n\n\n<p>En entrevista, el representante gremial <strong>dijo que el encuentro por el Senado se llevar\u00e1 a cabo el 25 de abril y el de aspirantes al distrito federal 06 de Pachuca, el 29 de abril,<\/strong> ambos en las instalaciones de <strong>la Universidad La Salle.<\/strong><\/p>\n\n\n\n<p>Batres Campos afirm\u00f3 que, tras firmar ayer un convenio con el Instituto Nacional Electoral (INE) en Hidalgo de promoci\u00f3n al voto, dejaron las invitaciones al organismo comicial para los di\u00e1logos.<\/p>\n\n\n\n<p>Record\u00f3 que para que los encuentros se lleven a cabo debe haber al menos dos participantes confirmados; de lo contrario, se convertir\u00eda en \u201cun mon\u00f3logo\u201d.<\/p>\n\n\n\n<p>Del <strong>encuentro entre las candidaturas del distrito local 13 de Pachuca, la Coparmex prev\u00e9 que se lleve a cabo en mayo<\/strong>, junto con el de aspirantes al ayuntamiento de Pachuca.<\/p>\n\n\n\n<p>\u201cYa se mandaron invitaciones (para los encuentros con los candados a cargos locales)\u201d, expuso.<\/p>\n\n\n\n<p>Agreg\u00f3 que<strong> la c\u00e1mara emiti\u00f3 una convocatoria abierta el p\u00fablico en general en busca de las personas que moderar\u00e1n los di\u00e1logos, <\/strong>con base en la normatividad electoral.<\/p>\n\n\n\n<p>\u201cYa hay varios inscritos en nuestra convocatoria\u201d, sostuvo.<\/p>\n\n\n\n<p>A\u00f1adi\u00f3 que en los encuentros a organizar por el ente empresarial, los cuales estima con <strong>duraci\u00f3n de una hora 20 minutos, <\/strong>las instancias comiciales, como el Instituto Estatal Electoral de Hidalgo (IEEH) y el INE, solo fungir\u00edan de \u201cvigilantes\u201d.<\/p>\n\n\n\n<p>Entre los temas a abordar se encuentran <strong>educaci\u00f3n, salud y seguridad, el cual consider\u00f3 prioritario, <\/strong>ya que los empresarios han sido \u201cafectados\u201d en ese rubro.<\/p>\n\n\n\n<p>Asimismo, es de inter\u00e9s de la Coparmex abordar <strong>el empleo informal en Pachuca y el Centro Hist\u00f3rico<\/strong>, las mujeres y las personas ind\u00edgenas, dijo.<\/p>\n\n\n\n<p>\u201cYa tenemos el formato, ya lo presentamos, va a participar la sociedad civil, van a participar l\u00edderes de opini\u00f3n, va a haber preguntas por parte de la sociedad civil, por parte de l\u00edderes de opini\u00f3n, van a haber preguntas que se hagan en torno a este comit\u00e9 que existe, y un cierre final\u201d, agreg\u00f3.<\/p>\n\n\n\n<p>Sostuvo que una de las prioridades de la c\u00e1mara es combatir el abstencionismo y que en la jornada del 2 de junio salga a votar el 70 por ciento del electorado.<\/p>\n\n\n\n<h4 class=\"wp-block-heading\">DatoAcro<\/h4>\n\n\n\n<h4 class=\"wp-block-heading\"><em>-El representante indic\u00f3 que la Coparmex realizar\u00e1 la erogaci\u00f3n econ\u00f3mica para efectuar los encuentros.<\/em><\/h4>\n\n\n\n<h4 class=\"wp-block-heading\"><em>-Batres Campos dijo que est\u00e1n en espera de confirmar el lugar en donde se llevar\u00edan a cabo los ejercicios de participaci\u00f3n por el distrito local 13 de Pachuca y el ayuntamiento de Pachuca. Descart\u00f3 como sede las instalaciones de la Junta local del INE.<\/em><\/h4>\n","protected":false},"excerpt":{"rendered":"<p>El presidente Confederaci\u00f3n Patronal de la Rep\u00fablica Mexicana (Coparmex), Juan Manuel\u00a0Batres\u00a0Campos, afirm\u00f3 que el ente empresarial busca realizar cuatro encuentros, denominados \u201cdi\u00e1logos ciudadanos\u201d, con aspirantes al Senado, as\u00ed como a&hellip; <\/p>\n","protected":false},"author":4,"featured_media":14326,"comment_status":"closed","ping_status":"closed","sticky":false,"template":"","format":"standard","meta":{"two_page_speed":[],"_joinchat":[],"footnotes":""},"categories":[1],"tags":[259,710,89,2443],"class_list":["post-14325","post","type-post","status-publish","format-standard","has-post-thumbnail","hentry","category-politica","tag-coparmex","tag-diputados","tag-hidalgo","tag-politica"],"_links":{"self":[{"href":"https:\/\/revistaacropolis.com\/index.php\/wp-json\/wp\/v2\/posts\/14325","targetHints":{"allow":["GET"]}}],"collection":[{"href":"https:\/\/revistaacropolis.com\/index.php\/wp-json\/wp\/v2\/posts"}],"about":[{"href":"https:\/\/revistaacropolis.com\/index.php\/wp-json\/wp\/v2\/types\/post"}],"author":[{"embeddable":true,"href":"https:\/\/revistaacropolis.com\/index.php\/wp-json\/wp\/v2\/users\/4"}],"replies":[{"embeddable":true,"href":"https:\/\/revistaacropolis.com\/index.php\/wp-json\/wp\/v2\/comments?post=14325"}],"version-history":[{"count":1,"href":"https:\/\/revistaacropolis.com\/index.php\/wp-json\/wp\/v2\/posts\/14325\/revisions"}],"predecessor-version":[{"id":14327,"href":"https:\/\/revistaacropolis.com\/index.php\/wp-json\/wp\/v2\/posts\/14325\/revisions\/14327"}],"wp:featuredmedia":[{"embeddable":true,"href":"https:\/\/revistaacropolis.com\/index.php\/wp-json\/wp\/v2\/media\/14326"}],"wp:attachment":[{"href":"https:\/\/revistaacropolis.com\/index.php\/wp-json\/wp\/v2\/media?parent=14325"}],"wp:term":[{"taxonomy":"category","embeddable":true,"href":"https:\/\/revistaacropolis.com\/index.php\/wp-json\/wp\/v2\/categories?post=14325"},{"taxonomy":"post_tag","embeddable":true,"href":"https:\/\/revistaacropolis.com\/index.php\/wp-json\/wp\/v2\/tags?post=14325"}],"curies":[{"name":"wp","href":"https:\/\/api.w.org\/{rel}","templated":true}]}}