{"id":14370,"date":"2024-04-13T17:31:02","date_gmt":"2024-04-13T23:31:02","guid":{"rendered":"https:\/\/revistaacropolis.com\/?p=14370"},"modified":"2024-04-13T17:31:14","modified_gmt":"2024-04-13T23:31:14","slug":"ordena-ieeh-a-3-candidatos-del-pt-borrar-que-son-de-la-4t-impugnaran-medida-calixto","status":"publish","type":"post","link":"https:\/\/revistaacropolis.com\/index.php\/ordena-ieeh-a-3-candidatos-del-pt-borrar-que-son-de-la-4t-impugnaran-medida-calixto\/politica\/","title":{"rendered":"Ordena IEEH a 3 candidatos del PT borrar que son \u201cde la 4T\u201d; impugnar\u00e1n medida: Calixto"},"content":{"rendered":"\n<p>Tras la resoluci\u00f3n del Instituto Estatal Electoral de Hidalgo (IEEH) que orden\u00f3 a tres candidatos del Partido del Trabajo (PT) y al mismo ente pol\u00edtico borrar publicaciones en redes sociales con frases alusiva a \u201cla 4T\u201d tras una queja de la representaci\u00f3n de Morena, la dirigencia estatal, que dirige Javier V\u00e1zquez Calixto, anunci\u00f3 que impugnar\u00e1n la medida cautelar, y pidi\u00f3 a su exaliado \u201cno adue\u00f1arse\u201d del eslogan, toda vez que pertenece al movimiento popular del presidente Andr\u00e9s Manuel L\u00f3pez Obrador.<\/p>\n\n\n\n<p>La medida forma parte de un proceso especial sancionador emprendido por la representaci\u00f3n electoral estatal morenista, Dalia del Carmen Fern\u00e1ndez S\u00e1nchez, el 4 de abril pasado, como parte de la disputa ente ambos partidos, que en este caso aleg\u00f3 la facultad de asumirse como representante de la llamada cuarta transformaci\u00f3n en campa\u00f1as.<\/p>\n\n\n\n<p>Por medio del expediente IEEH\/SE\/PES\/050\/2024, Morena controvirti\u00f3 las publicaciones hechas en Facebook por candidatos del PT a diputados locales, por el empleo del eslogan de la 4T, pues argument\u00f3 que no contienden en alianza o candidatura com\u00fan y que el lema le pertenece al partido guindas, por ser parte de sus principios.<\/p>\n\n\n\n<p>\u201cCon motivo de ello, los sujetos denunciados y el Partido Pol\u00edtico del cual provienen, el Partido del Trabajo, de forma dolosa y tendenciosa, han publicado en sus diversas actividades de campa\u00f1a, de forma particular y en diversas publicaciones, un lema que corresponde de forma exclusiva al Partido Pol\u00edtico Morena\u201d, se\u00f1ala la parte quejosa en los agravios.<\/p>\n\n\n\n<p>En este tenor, considera que el lema \u00abQue siga la 4T\u00bb, el cual se acompa\u00f1a del nombre del candidato propuesto y el cargo para el que se postula, tiene un uso ilegal.<\/p>\n\n\n\n<p>Tras el an\u00e1lisis hecho por la Secretar\u00eda Ejecutiva del IEEH, dice el expediente al que Acr\u00f3polis Noticias tuvo acceso, \u201cse puede llegar a la conclusi\u00f3n preliminar de que existen indicios que justifican el dictado de las medidas precautorias, toda vez que dentro de las publicaciones y el video denunciados que hace alusi\u00f3n la quejosa contienen el lema por el que se rigen los principios del partido Morena\u201d.<\/p>\n\n\n\n<p>Derivado de ello, se declararon procedentes las medidas cautelares que solicita la quejosa en nombre de Morena.<\/p>\n\n\n\n<p>Por ello, se orden\u00f3 eliminar las referencias a la 4T (\u201cPodemos hacerlo con la 4T\u201d, \u201cVota as\u00ed\u201d) de sus publicaciones a Salvador Sosa Arroyo, candidato por el distrito 11 de Tulancingo de Bravo; a Ernesto Giovani Gonz\u00e1lez, abanderado del distrito 16 de Tizayuca, y a Aaron Charr\u00e9z Paloma, del distrito 05 de Ixmiquilpan, as\u00ed como una de la propia cuentas oficial del PT Hidalgo, sobre la presentaci\u00f3n de sus abanderados.<\/p>\n\n\n\n<p>Tales efectos el IEEH dio un plazo no mayor a 12 horas para acatar la orden y notificarle del cumplimiento del mismo.<\/p>\n\n\n\n<p>Aunque las medidas cautelares resultaron procedentes, \u201cno presuponen la configuraci\u00f3n o no de la infracci\u00f3n denunciada, la cual en el momento procesal oportuno deber\u00e1 ser calificada por el Tribunal Electoral del Estado de Hidalgo\u201d, a\u00f1ade la resoluci\u00f3n.<\/p>\n\n\n\n<p>4T NO ES MORENA<\/p>\n\n\n\n<p>En entrevista tras la resoluci\u00f3n del IEEH, V\u00e1zquez Calixto recrimin\u00f3 la medida y, sobre todo, el comportamiento de Morena, en el sentido de pretender adue\u00f1ar de la frase, que -a criterio del comisionado pol\u00edtico nacional del PT- no les pertenece, sino que es parte del movimiento.<\/p>\n\n\n\n<p>Adem\u00e1s, confirm\u00f3 que ya cumplieron con la medida cautelar, aunque adelant\u00f3 que impugnar\u00e1 la acci\u00f3n del IEEH por considerarla una \u201c fuera de lugar\u201d.<\/p>\n\n\n\n<p>V\u00e1zquez Calixto expres\u00f3 su extra\u00f1amiento con Morena, al considerar que est\u00e1n \u201cextraviados\u201d del origen de la frase y que pretendan hacerla propia.<\/p>\n\n\n\n<p>\u201cMe perece que los compa\u00f1eros de Morena est\u00e1n un poquito desorientados, ya que la frase 4T, Movimiento de la Cuarta Transformaci\u00f3n, pues es un movimiento del pueblo, es un movimiento que gener\u00f3 nuestro presidente, Andr\u00e9s Manuel L\u00f3pez Obrador, desde pr\u00e1cticamente hace 20 a\u00f1os, as\u00ed que el hecho que ellos se quieran adjudicar un nombre, en el cual no les pertenece a ellos como partido pol\u00edtico\u201d, manifest\u00f3 el dirigente del PT estatal.<\/p>\n\n\n\n<p>Consider\u00f3 que la queja promovida por su exaliado estatal responde a que ahora el pueblo \u201cse vuelca\u201d a las filas y simpat\u00edas de su partido.<\/p>\n\n\n\n<p>En tanto, afirm\u00f3 que el PT ya hizo la solicitud de registro ante el Instituto Mexicano de la Propiedad Industrial (IMPI) de una frase alusiva a la 4T, que al contrario que sus ahora contrincantes, ironiz\u00f3, si la emplean no los denunciar\u00e1n.<\/p>\n\n\n\n<p>\u201cEn el caso del PT, nosotros tenemos solicitud de registro ante el IMPI de la frase \u2018El PT es la 4T\u2019, y decirles que nosotros no los vamos a demandar para que la dejen de utilizar, les vamos a dar chance de que utilicen nuestra frase los de Morena, y tambi\u00e9n a los del Verde, les vamos a dar chance\u201d, apunt\u00f3.<\/p>\n\n\n\n<p>Asever\u00f3 que hay preocupaci\u00f3n en Morena por los cuadros del PT, ya que -sostuvo- en su caso fue \u201cel pueblo\u201d quien decidi\u00f3 las candidaturas a las alcald\u00edas y las diputaciones.<\/p>\n\n\n\n<p>En tanto, el l\u00edder de Grupo Universidad y candidato al Senado por el PT, Dami\u00e1n Sosa Castel\u00e1n, asever\u00f3 que como parte de sus recorridos proselitista no le permite entrar a Tlaxcoapan, donde Teresa Olivares Reyna, hermana del secretario de Gobierno, Guillermo Olivares Reyna, ser\u00e1 candidato a a la alcald\u00eda por Morena.<\/p>\n\n\n\n<p>\u201cLa regi\u00f3n no es de ning\u00fan secretario y tampoco el territorio hidalguense es de una persona\u201d, asever\u00f3.<\/p>\n","protected":false},"excerpt":{"rendered":"<p>Tras la resoluci\u00f3n del Instituto Estatal Electoral de Hidalgo (IEEH) que orden\u00f3 a tres candidatos del Partido del Trabajo (PT) y al mismo ente pol\u00edtico borrar publicaciones en redes sociales&hellip; <\/p>\n","protected":false},"author":14,"featured_media":14371,"comment_status":"closed","ping_status":"closed","sticky":false,"template":"","format":"standard","meta":{"two_page_speed":[],"_joinchat":[],"footnotes":""},"categories":[1],"tags":[89,2443],"class_list":["post-14370","post","type-post","status-publish","format-standard","has-post-thumbnail","hentry","category-politica","tag-hidalgo","tag-politica"],"_links":{"self":[{"href":"https:\/\/revistaacropolis.com\/index.php\/wp-json\/wp\/v2\/posts\/14370","targetHints":{"allow":["GET"]}}],"collection":[{"href":"https:\/\/revistaacropolis.com\/index.php\/wp-json\/wp\/v2\/posts"}],"about":[{"href":"https:\/\/revistaacropolis.com\/index.php\/wp-json\/wp\/v2\/types\/post"}],"author":[{"embeddable":true,"href":"https:\/\/revistaacropolis.com\/index.php\/wp-json\/wp\/v2\/users\/14"}],"replies":[{"embeddable":true,"href":"https:\/\/revistaacropolis.com\/index.php\/wp-json\/wp\/v2\/comments?post=14370"}],"version-history":[{"count":1,"href":"https:\/\/revistaacropolis.com\/index.php\/wp-json\/wp\/v2\/posts\/14370\/revisions"}],"predecessor-version":[{"id":14372,"href":"https:\/\/revistaacropolis.com\/index.php\/wp-json\/wp\/v2\/posts\/14370\/revisions\/14372"}],"wp:featuredmedia":[{"embeddable":true,"href":"https:\/\/revistaacropolis.com\/index.php\/wp-json\/wp\/v2\/media\/14371"}],"wp:attachment":[{"href":"https:\/\/revistaacropolis.com\/index.php\/wp-json\/wp\/v2\/media?parent=14370"}],"wp:term":[{"taxonomy":"category","embeddable":true,"href":"https:\/\/revistaacropolis.com\/index.php\/wp-json\/wp\/v2\/categories?post=14370"},{"taxonomy":"post_tag","embeddable":true,"href":"https:\/\/revistaacropolis.com\/index.php\/wp-json\/wp\/v2\/tags?post=14370"}],"curies":[{"name":"wp","href":"https:\/\/api.w.org\/{rel}","templated":true}]}}