{"id":14373,"date":"2024-04-15T12:48:24","date_gmt":"2024-04-15T18:48:24","guid":{"rendered":"https:\/\/revistaacropolis.com\/?p=14373"},"modified":"2024-04-15T12:48:36","modified_gmt":"2024-04-15T18:48:36","slug":"dice-simey-que-esta-dispuesta-a-debatir-viggiano-busca-generar-ruido-responde","status":"publish","type":"post","link":"https:\/\/revistaacropolis.com\/index.php\/dice-simey-que-esta-dispuesta-a-debatir-viggiano-busca-generar-ruido-responde\/politica\/","title":{"rendered":"Dice Simey que est\u00e1 dispuesta a debatir; Viggiano busca \u201cgenerar ruido\u201d, responde"},"content":{"rendered":"\n<p>La candidata de Morena al Senado por Hidalgo, <strong>Simey Olvera Bautista, afirm\u00f3 que est\u00e1 dispuesta a participar en el debate que su contrincante priista, Carolina Viggiano Austria, pidi\u00f3 organizar<\/strong> a la Junta Loca del Instituto Nacional Electoral (INE).<\/p>\n\n\n\n<p>\u201cNecesitamos haber dos para que se realice (\u2026) Nosotros desde hace tiempo dijimos que nos avisaran para que cruz\u00e1ramos bien la agenda, para que no saliera con que va a ser ma\u00f1ana y yo me encuentro en la Huasteca, por ejemplo, nada m\u00e1s previniendo para la agenda\u201d, sostuvo tras acudir a un encuentro en la C\u00e1mara Mexicana de la Industria de la Construcci\u00f3n (CMIC).<\/p>\n\n\n\n<p>Respecto de si ya respondi\u00f3 a la invitaci\u00f3n del INE, que dio como l\u00edmite para ello este 15 de septiembre, <strong>la exsecretaria del Bienestar e Inclusi\u00f3n dijo que le \u201cparece\u201d que su equipo lo hizo, pero lo sabr\u00e1 esta tarde <\/strong>en \u201cwar room\u201d, ya que estuvo de gira en la Sierra Gorda.<\/p>\n\n\n\n<p>Asimismo, asever\u00f3 que<strong> antes no hab\u00edan contestado al llamado del INE porque no ten\u00edan la solicitud,<\/strong> pese a que la presidenta de la Junta Local,<strong> Ma del Refugio Garc\u00eda L\u00f3pez, afirm\u00f3 que gir\u00f3 los oficios a todos los aspirantes federales en Hidalgo desde marzo pasado.<\/strong><\/p>\n\n\n\n<p>Sobre las menciones de Viggiano Austria respecto de que su contendiente rehuye al debate, <strong>la morenista asever\u00f3 que lo que busca la representantes del Partido Revolucionario Institucional (PRI) con sus declaraciones es \u201cgenerar ruido\u201d.<\/strong><\/p>\n\n\n\n<blockquote class=\"wp-block-quote is-layout-flow wp-block-quote-is-layout-flow\">\n<p>\u201cQu\u00e9 va decir ella, no tiene puntos con la gente, sus asesores o ella es lo que pueden argumentar, pero al contrario, ya le ganamos el debate en la c\u00e1mara, porque yo compart\u00ed con ella, ya le ganamos el debate en tierra, porque ella no sale, esto tambi\u00e9n obviamente se lo ganaremos\u201d, dijo.<\/p>\n<\/blockquote>\n\n\n\n<h3 class=\"wp-block-heading\">PERCIBE VIOLENCIA POL\u00cdTICA<\/h3>\n\n\n\n<p>Olvera Bautista <strong>consider\u00f3 que, \u201ccomenzado con la candidata\u201d del PRI, ha sido objeto de violencia pol\u00edtica de g\u00e9nero.<\/strong><\/p>\n\n\n\n<blockquote class=\"wp-block-quote is-layout-flow wp-block-quote-is-layout-flow\">\n<p>\u201cDice palabras que no deber\u00eda de ser viniendo de una mujer, hay que respetarnos, de hombres hacia las mujeres, pero sobre todo de las mujeres a las mujeres. Yo veo de pronto esta situaci\u00f3n y me parece sorprendente que se ataque as\u00ed\u201d, expres\u00f3.<\/p>\n<\/blockquote>\n\n\n\n<p>Entre las menciones hechas por Viggiano Austria se encuentra que<strong> el dicho de que la morenita es \u201csumisa\u201d y que de su partido le dijeron que procura no salir ni hablar, as\u00ed como \u201cflotar\u201d para evitar el contraste de candidatas.<\/strong><\/p>\n\n\n\n<p>Asever\u00f3 que ya ha padecido violencia pol\u00edtica en raz\u00f3n de g\u00e9nero, por lo cual inici\u00f3 un proceso.<\/p>\n\n\n\n<p>\u201cYo creo que viene cosas m\u00e1s fuertes, estamos a la mitad de campa\u00f1a y va a ver comentarios, supongo, pero nosotros estamos en contra de eso, contra cualquier mujer, cualquier partido\u201d, afirm\u00f3.<\/p>\n\n\n\n<p>Afirm\u00f3 que <strong>por este caso no ha iniciado ninguna procedimiento; <\/strong>sin embargo, afirm\u00f3 que depender\u00e1 de \u201cque se haya mencionado\u201d en su contra.<\/p>\n\n\n\n<blockquote class=\"wp-block-quote is-layout-flow wp-block-quote-is-layout-flow\">\n<p>\u201cHasta ahorita no he tenido tiempo de revisar, habla mucho de m\u00ed, en contra o favor, pero ser\u00eda cuesti\u00f3n de revisar\u201d,expuso.<\/p>\n<\/blockquote>\n\n\n\n<h3 class=\"wp-block-heading\">DatoAcro<\/h3>\n\n\n\n<h3 class=\"wp-block-heading\"><em>-Sobre las diferencias entre Morena y PT por el uso de la marca 4T, opin\u00f3 que no hay alianza en Hidalgo y asever\u00f3 que la llamada cuarta transformaci\u00f3n \u201ces guinda, es Morena\u201d.<\/em><\/h3>\n","protected":false},"excerpt":{"rendered":"<p>La candidata de Morena al Senado por Hidalgo, Simey Olvera Bautista, afirm\u00f3 que est\u00e1 dispuesta a participar en el debate que su contrincante priista, Carolina Viggiano Austria, pidi\u00f3 organizar a&hellip; <\/p>\n","protected":false},"author":4,"featured_media":14374,"comment_status":"closed","ping_status":"closed","sticky":false,"template":"","format":"standard","meta":{"two_page_speed":[],"_joinchat":[],"footnotes":""},"categories":[1],"tags":[89,50,2443],"class_list":["post-14373","post","type-post","status-publish","format-standard","has-post-thumbnail","hentry","category-politica","tag-hidalgo","tag-morena","tag-politica"],"_links":{"self":[{"href":"https:\/\/revistaacropolis.com\/index.php\/wp-json\/wp\/v2\/posts\/14373","targetHints":{"allow":["GET"]}}],"collection":[{"href":"https:\/\/revistaacropolis.com\/index.php\/wp-json\/wp\/v2\/posts"}],"about":[{"href":"https:\/\/revistaacropolis.com\/index.php\/wp-json\/wp\/v2\/types\/post"}],"author":[{"embeddable":true,"href":"https:\/\/revistaacropolis.com\/index.php\/wp-json\/wp\/v2\/users\/4"}],"replies":[{"embeddable":true,"href":"https:\/\/revistaacropolis.com\/index.php\/wp-json\/wp\/v2\/comments?post=14373"}],"version-history":[{"count":1,"href":"https:\/\/revistaacropolis.com\/index.php\/wp-json\/wp\/v2\/posts\/14373\/revisions"}],"predecessor-version":[{"id":14375,"href":"https:\/\/revistaacropolis.com\/index.php\/wp-json\/wp\/v2\/posts\/14373\/revisions\/14375"}],"wp:featuredmedia":[{"embeddable":true,"href":"https:\/\/revistaacropolis.com\/index.php\/wp-json\/wp\/v2\/media\/14374"}],"wp:attachment":[{"href":"https:\/\/revistaacropolis.com\/index.php\/wp-json\/wp\/v2\/media?parent=14373"}],"wp:term":[{"taxonomy":"category","embeddable":true,"href":"https:\/\/revistaacropolis.com\/index.php\/wp-json\/wp\/v2\/categories?post=14373"},{"taxonomy":"post_tag","embeddable":true,"href":"https:\/\/revistaacropolis.com\/index.php\/wp-json\/wp\/v2\/tags?post=14373"}],"curies":[{"name":"wp","href":"https:\/\/api.w.org\/{rel}","templated":true}]}}