{"id":14457,"date":"2024-04-17T22:56:24","date_gmt":"2024-04-18T04:56:24","guid":{"rendered":"https:\/\/revistaacropolis.com\/?p=14457"},"modified":"2024-04-17T22:56:36","modified_gmt":"2024-04-18T04:56:36","slug":"disidencia-morenista-en-receso-de-campana-solo-promoveran-a-sheinbaum","status":"publish","type":"post","link":"https:\/\/revistaacropolis.com\/index.php\/disidencia-morenista-en-receso-de-campana-solo-promoveran-a-sheinbaum\/politica\/","title":{"rendered":"Disidencia morenista, en \u201creceso de campa\u00f1a\u201d; solo promover\u00e1n a Sheinbaum"},"content":{"rendered":"\n<p>Militantes, simpatizantes y fundadores de Morena en Hidalgo <strong>inconformes con la entregada de candidaturas se declararon en \u201creceso de campa\u00f1a\u201d en la entidad, menos por la aspirante presidencia Claudia Sheinbaum Pardo, por la \u00fanica que har\u00e1n proselitismo<\/strong>, afirmaron.<\/p>\n\n\n\n<p>Aunado al rechazo <strong>por lo que consideran la imposici\u00f3n de candidaturas por el dirigente estatal morenista, Marco Antonio Rico Mercado; el delegado del Comit\u00e9 Ejecutivo Nacional, el senador C\u00e9sar Cravioto Romero, y el gobernador Julio Menchaca Salazar, <\/strong>Tonatiuh Herrera Guti\u00e9rrez, exaspirante a la alcald\u00eda de Pachuca, acus\u00f3 que el Comit\u00e9 Ejecutivo Estatal no hace proselitismo en favor de la exjefa de Gobierno de la Ciudad de M\u00e9xico.<\/p>\n\n\n\n<figure class=\"wp-block-pullquote\"><blockquote><p>De aqu\u00ed al 2 de junio vamos a apoyar a Claudia Sheinbaum, pero ser\u00eda muy saludable, no sabemos si se va a lograr, pero eso es lo razonable, que la dirigencia haga caso, porque no se ha interesado en esa campa\u00f1a, de la presidencia de la rep\u00fablica\u201d, asever\u00f3.<\/p><\/blockquote><\/figure>\n\n\n\n<p>Herrera Guti\u00e9rrez sostuvo que <strong>en las candidatas morenista hay muchos perfiles que son desconocidos, que no ha participado en la izquierda y que recientemente militaban en el Partido Revolucionario Institucional (PRI) <\/strong>y hasta hace poco eran funcionarios estatales.<\/p>\n\n\n\n<p>Aunque el partido lopezobradorista tiene prevista la apertura a for\u00e1neos para el 33 por ciento de las postulaciones, <strong>el grupo de inconformes acus\u00f3 que esa proporci\u00f3n se invirti\u00f3 y dej\u00f3 fuera a las bases<\/strong>, con candidaturas para perfiles provenientes del gobierno estatal.<\/p>\n\n\n\n<p>Indic\u00f3 que <strong>la reacci\u00f3n \u201ca la imposici\u00f3n es muy diversa\u201d<\/strong>, como la salida de morenistas hacia otros partido como el Verde (PVEM), el Del Trabajo (PT) y Movimiento Ciudadano (MC).<\/p>\n\n\n\n<p>\u201cNos une apoyar a Claudia Sheinbaum, por qu\u00e9 apoyamos a Claudia Sheinbaum, por las mismas razones que se ha despreciado por quienes han dirigido a la mayor parte de los candidatos\u201d, dijo.<\/p>\n\n\n\n<p>El exsubsecretario federal afirm\u00f3 que<strong> en el caso de los inconformes en Pachuca no se fueron a otros partidos, <\/strong>pero las huestes de otros municipios optaron por esa v\u00eda para no votar por quienes en el pasado fueron \u201csus verdugos\u201d o sus persecutores.<\/p>\n\n\n\n<p>Asever\u00f3 que <strong>despu\u00e9s de los comicios del 2 de junio buscar\u00e1n organizados \u201crecuperar el estado por la v\u00eda democr\u00e1tica\u201d<\/strong> y que se d\u00e9 el cambio de \u00abcabeza\u00bb en Morena, pues consider\u00f3 que est\u00e1 separada del \u201ccuerpo\u201d.<\/p>\n\n\n\n<figure class=\"wp-block-pullquote\"><blockquote><p>Despu\u00e9s del 2 junio nos vamos a seguir de frente para recuperar el estado, porque no nos parece lo que est\u00e1 ocurriendo ni pol\u00edticamente ni tampoco del propio gobierno (\u2026) no nos gusta porque no se tienen pol\u00edticas de izquierda que favorezcan la democracia\u201d, asever\u00f3.<\/p><\/blockquote><\/figure>\n\n\n\n<p>Sostuvo que el grupo de militantes, simpatizantes y fundadores inconformes<strong> hasta el momento se conforma por personas de 19 municipios.<\/strong><\/p>\n\n\n\n<h3 class=\"wp-block-heading\">AFIRMA QUE NO LLEGARON TARDE<\/h3>\n\n\n\n<p>Cuestionado <strong>si perfiles como el de \u00e9l y otros morenista inconformes no llegaron tarde al proceso<\/strong>, pues algunos de pol\u00edticos que ser\u00e1n candidatos comenzaron a promoverse hace m\u00e1s de un a\u00f1o, <strong>el hermano del exsecretario de Hacienda federal dijo que hab\u00eda una convocatoria y pensaron que en Morena se iba a respetar.<\/strong><\/p>\n\n\n\n<blockquote class=\"wp-block-quote is-layout-flow wp-block-quote-is-layout-flow\">\n<p>Estuvimos trabajando con los compa\u00f1eros en los barrios y colonias (\u2026) se quer\u00eda resolver todo en un caf\u00e9, con un cafecito se quer\u00eda resolver lo que pasaba en la capital\u201d, asever\u00f3 sobre la candidatura.<\/p>\n<\/blockquote>\n\n\n\n<p>Afirm\u00f3 que no se confiaron, sino que presionaron por la encuesta, pero \u201cse tuvo miedo a la militancia\u201d y -asegur\u00f3- <strong>no se llev\u00f3 a cabo la medici\u00f3n para definir al abanderado, que ser\u00e1 exsubsecretario de Infraestructura estatal Jorge Alberto Reyes Hern\u00e1ndez.<\/strong><\/p>\n\n\n\n<figure class=\"wp-block-pullquote\"><blockquote><p>No llegamos tarde, el asunto est\u00e1 en que nunca iba a llegar eso, nunca lo quisieron, pero nosotros no pod\u00edamos decir \u2018vamos a aceptar lo que ustedes digan\u2019, hay que lucharlo, venimos luchando desde hace d\u00e9cadas, no \u00edbamos a dejar de luchar ahora\u201d, asegur\u00f3. \u00a0<\/p><\/blockquote><\/figure>\n\n\n\n<p><strong>&nbsp;DatoAcro<\/strong><\/p>\n\n\n\n<p><em>-Herrera Gutierrez afirm\u00f3 que esta semana los recibir\u00e1 el presidente nacional de Morena, Mario Delgado Carrillo.<\/em><\/p>\n\n\n\n<p><em>-Se\u00f1al\u00f3 que en el caso de Pachuca no se presentaron los resultados de la encuestas para determinar la candidatura, que recay\u00f3 en Reyes Hernandez, persona cerca al gobernador.<\/em><\/p>\n","protected":false},"excerpt":{"rendered":"<p>Militantes, simpatizantes y fundadores de Morena en Hidalgo inconformes con la entregada de candidaturas se declararon en \u201creceso de campa\u00f1a\u201d en la entidad, menos por la aspirante presidencia Claudia Sheinbaum&hellip; <\/p>\n","protected":false},"author":4,"featured_media":14458,"comment_status":"closed","ping_status":"closed","sticky":false,"template":"","format":"standard","meta":{"two_page_speed":[],"_joinchat":[],"footnotes":""},"categories":[1],"tags":[50,1062,2640],"class_list":["post-14457","post","type-post","status-publish","format-standard","has-post-thumbnail","hentry","category-politica","tag-morena","tag-sheinbaum","tag-tonatiuh-herrera"],"_links":{"self":[{"href":"https:\/\/revistaacropolis.com\/index.php\/wp-json\/wp\/v2\/posts\/14457","targetHints":{"allow":["GET"]}}],"collection":[{"href":"https:\/\/revistaacropolis.com\/index.php\/wp-json\/wp\/v2\/posts"}],"about":[{"href":"https:\/\/revistaacropolis.com\/index.php\/wp-json\/wp\/v2\/types\/post"}],"author":[{"embeddable":true,"href":"https:\/\/revistaacropolis.com\/index.php\/wp-json\/wp\/v2\/users\/4"}],"replies":[{"embeddable":true,"href":"https:\/\/revistaacropolis.com\/index.php\/wp-json\/wp\/v2\/comments?post=14457"}],"version-history":[{"count":1,"href":"https:\/\/revistaacropolis.com\/index.php\/wp-json\/wp\/v2\/posts\/14457\/revisions"}],"predecessor-version":[{"id":14459,"href":"https:\/\/revistaacropolis.com\/index.php\/wp-json\/wp\/v2\/posts\/14457\/revisions\/14459"}],"wp:featuredmedia":[{"embeddable":true,"href":"https:\/\/revistaacropolis.com\/index.php\/wp-json\/wp\/v2\/media\/14458"}],"wp:attachment":[{"href":"https:\/\/revistaacropolis.com\/index.php\/wp-json\/wp\/v2\/media?parent=14457"}],"wp:term":[{"taxonomy":"category","embeddable":true,"href":"https:\/\/revistaacropolis.com\/index.php\/wp-json\/wp\/v2\/categories?post=14457"},{"taxonomy":"post_tag","embeddable":true,"href":"https:\/\/revistaacropolis.com\/index.php\/wp-json\/wp\/v2\/tags?post=14457"}],"curies":[{"name":"wp","href":"https:\/\/api.w.org\/{rel}","templated":true}]}}