{"id":14626,"date":"2024-04-23T19:54:52","date_gmt":"2024-04-24T01:54:52","guid":{"rendered":"https:\/\/revistaacropolis.com\/?p=14626"},"modified":"2024-04-23T19:55:06","modified_gmt":"2024-04-24T01:55:06","slug":"tras-detencion-de-mera-pt-acusa-a-olivares-de-atropello-y-persecucion","status":"publish","type":"post","link":"https:\/\/revistaacropolis.com\/index.php\/tras-detencion-de-mera-pt-acusa-a-olivares-de-atropello-y-persecucion\/politica\/","title":{"rendered":"Tras detenci\u00f3n de Mera, PT acusa a Olivares de atropello y persecuci\u00f3n\u00a0"},"content":{"rendered":"\n<p>Tras manifestar su respaldo al candidato a diputado local por Mixquiahuala de Ju\u00e1rez, <strong>Armando Mera Olgu\u00edn,<\/strong> detenido esta madrugada, <strong>el dirigente estatal Partido del Trabajo (PT), Javier V\u00e1zquez Calixto, y el abanderado al Senado por esa fuerza, Oscar Dami\u00e1n Sosa Castel\u00e1n, reiteraron su acusaci\u00f3n de que se trata de persecuci\u00f3n pol\u00edtica<\/strong> a sus aspirantes por parte del gobierno estatal, <strong>orquestado por el secretario de Gobierno, Guillermo Olivares Reyna.<\/strong><\/p>\n\n\n\n<p>En rueda de prensa desde el municipio de Huejutla, sitio al cual se trasladaron ante la visita que tendr\u00e1 ma\u00f1ana la candidata a la presidencia Claudia Sheinbaum Pardo, <strong>ambos manifestaron su rechazo por la detenci\u00f3n del alcalde con licencia de Progreso de Obreg\u00f3n,<\/strong> acusado por la Procuradur\u00eda General de Justicia de Hidalgo (PGJH) por el delito de uso indebido de atribuciones en su mandato por 5.7 millones de pesos observados por la Autoridad Superior del Estado de Hidalgo (ASEH).<\/p>\n\n\n\n<figure class=\"wp-block-pullquote\"><blockquote><p>Condenamos, condenamos la persecuci\u00f3n pol\u00edtica que hay del gobierno del estado hac\u00eda el Partido del Trabajo, condenamos y acusamos, por su puesto, al secretario de Gobierno, a Guillermo Olivares, por estos atropellamientos que hay en contra del Partido del Trabajo\u201d, manifest\u00f3 el candidato al Senado.<\/p><\/blockquote><\/figure>\n\n\n\n<p>Al se\u00f1alar al secretario de estar detr\u00e1s de la detenci\u00f3n del candidato del PT, el l\u00edder de Grupo Universidad <strong>dijo que \u201csi tan fuertes y s\u00f3lidos\u201d son los aspirantes del partido en el poder, les deben \u201cganan en las urnas <\/strong>sin hacer este tipo de atropellos\u201d.<\/p>\n\n\n\n<p>Record\u00f3 que <strong>hace 15 d\u00edas estuvieron en el Congreso de la Uni\u00f3n haciendo la denuncia p\u00fablica de persecuci\u00f3n,<\/strong> lo cual -dijo- hoy reafirman que existe contra de los candidatos del PT para beneficiar a los aspirantes de Morena, \u201cpor miedo\u201d a que les ganen el pr\u00f3ximo 2 de junio, insisti\u00f3.<\/p>\n\n\n\n<figure class=\"wp-block-pullquote\"><blockquote><p>Ah\u00ed nos dimos cuenta, lo que fuimos a platicar, lo que fuimos a denunciar hace 15 d\u00edas al Congreso de la Uni\u00f3n, hoy, hoy tristemente amanecemos con esta triste noticia que Armando Mera, candidato a diputado local, es detenido\u201d, manifest\u00f3.<\/p><\/blockquote><\/figure>\n\n\n\n<p>El candidato al Senado <strong>refiri\u00f3 que \u00e9l no ve que el gobernador Julio Menchaca Salazar sea quien se encuentre detr\u00e1s o d\u00e9 la orden de estos hechos<\/strong>, pues sostuvo que el PT \u201cle ayud\u00f3\u201d en su elecci\u00f3n.<\/p>\n\n\n\n<p>\u201cHoy condenamos firmemente, firmemente la persecuci\u00f3n del gobierno del estado hac\u00eda el Partido del Trabajo, y que seamos sinceros, aqu\u00ed no hay concesiones, en el Partido del Trabajo no hay concesi\u00f3n, en el partido del Trabajo no se venden candidaturas\u201d, agreg\u00f3 Sosa Castel\u00e1n.<\/p>\n\n\n\n<p>Por su parte <strong>V\u00e1zquez Calixto tambi\u00e9n arremeti\u00f3 contra Olivares Reyna, y ocup\u00f3 los comentarios previos de Dami\u00e1n para referir que donde s\u00ed hay \u201cconcesiones\u201d es en el gabinete de Menchaca<\/strong> <strong>Salazar<\/strong>, precisamente en la Secretar\u00eda de Gobierno, misma que emplea su titular para \u201camedrentar\u201d, dijo.<\/p>\n\n\n\n<figure class=\"wp-block-pullquote\"><blockquote><p>No se confunda, un puesto como la del secretario de Gobierno, esa s\u00ed es una concesi\u00f3n para estar violentando las garant\u00edas individuales de los ciudadanos hidalguenses\u201d, agreg\u00f3.<\/p><\/blockquote><\/figure>\n\n\n\n<p>El dirigente advirti\u00f3 que llevar\u00e1n el caso \u201ca los niveles que se tenga que llevar\u201d, y en el caso de que Mera Olgu\u00edn quede en prisi\u00f3n preventiva justificada, asever\u00f3, a\u00fan as\u00ed \u201cles ganar\u00e1 desde la c\u00e1rcel\u201d.<\/p>\n\n\n\n<p>De Menchaca Salazar, <strong>sostuvo que la ciudadan\u00eda est\u00e1 \u201cdecepcionada<\/strong>\u201d, y asegur\u00f3\u00a0\u00a0que el pasado 5 de junio de 2022 \u201cel pueblo de Hidalgo\u201d no vot\u00f3 por \u00e9l ni por Morena, sino por que se acabar\u00e1n \u201clas malas pr\u00e1cticas\u201d en Hidalgo.<\/p>\n\n\n\n<p>V\u00e1zquez Calixto <strong>reproch\u00f3 que antes de detener a Mera Olgu\u00edn se debi\u00f3 de aprehender a otros alcaldes se\u00f1alados de actos de corrupci\u00f3n, as\u00ed como exgobernadores \u201ccorruptos\u201d,<\/strong> de los cuales, asegur\u00f3, trabajan en la actual administraci\u00f3n.<\/p>\n\n\n\n<figure class=\"wp-block-pullquote\"><blockquote><p>Se\u00f1or gobernador, quer\u00edas pruebas de que est\u00e1s ejerciendo persecuci\u00f3n pol\u00edtica contra los candidatos del PT, hoy tus arrastrados funcionarios p\u00fablicos lo est\u00e1n demostrando, qu\u00e9 m\u00e1s prueba quieres se\u00f1or gobernador\u201d, arremeti\u00f3.<\/p><\/blockquote><\/figure>\n\n\n\n<p>En tanto, <strong>amag\u00f3 con presentar pruebas y denuncias ante la Fiscal\u00eda Especializada en Delitos Electorales (FEPADE) de la Fiscal\u00eda General de la Rep\u00fablica (FGR)<\/strong> por actos de corrupci\u00f3n de funcionarios estatales para intervenir en la elecci\u00f3n.<\/p>\n\n\n\n<p>\u00abTenemos pruebas, estamos armando paquetes, vamos a presentar las denuncias correspondientes contra tus secretarios, contra tus directores de \u00e1reas que est\u00e1n operando a favor de tu partido pol\u00edtico. Quieres pruebas, las vas a tener, vamos a presentar las denuncias a la Fepade, tanto federal como local, y vamos a se\u00f1alar los actos de corrupci\u00f3n que hoy tus funcionarios est\u00e1n cometiendo\u201d, a\u00f1adi\u00f3.<\/p>\n\n\n\n<h3 class=\"wp-block-heading\">NEUTRALIDAD PETISTA&nbsp;<\/h3>\n\n\n\n<p>Ante la detenci\u00f3n, se cuestion\u00f3 a los diputados de la bancada del PT en el Congreso de Hidalgo, a lo cual el coordinador de la fracci\u00f3n parlamentaria, <strong>Jes\u00fas Osiris Leines Med\u00e9cigo, pidi\u00f3 un trato justo para Mera Olgu\u00edn.<\/strong><\/p>\n\n\n\n<blockquote class=\"wp-block-quote is-layout-flow wp-block-quote-is-layout-flow\">\n<p>Esperemos que no hay ning\u00fan tema legal, que pueda demostrar su inocencia nuestro amigo, y si es as\u00ed, lo va a hacer\u201d, manifest\u00f3.<\/p>\n<\/blockquote>\n\n\n\n<p>Respecto si existe solidaridad con el edil con licencia por parte de la bancada petista, se limit\u00f3 a mencionar: \u201cNosotros como integrantes de un Grupo Legislativo, de aqu\u00ed del PT del Congreso, buscamos que en estos procesos se fortalezca la democracia (\u2026), buscamos que se consolide un proyecto de naci\u00f3n, buscamos que lleguen las mejores propuestas\u201d.<\/p>\n\n\n\n<p>Ante la postura de persecuci\u00f3n que ha acusado la dirigencia, <strong>el tambi\u00e9n candidato a diputado por Mineral de la Reforma consider\u00f3 que no deber\u00eda haber temor <\/strong>entre sus compa\u00f1eros aspirantes.<\/p>\n\n\n\n<figure class=\"wp-block-pullquote\"><blockquote><p>Yo creo que no deber\u00eda de existir temor, sino, vuelvo a insistir, tenemos que verlo como una fiesta democr\u00e1tica este proceso, se est\u00e1 en juego muchas cosas, el proyecto de naci\u00f3n, el estado, porque est\u00e1 lo local y, sobre todo, la gente quiere resultados\u201d, ataj\u00f3.<\/p><\/blockquote><\/figure>\n\n\n\n<p>En tanto, el diputado de Ixmiquilpan Aar\u00f3n Charrez Paloma se dijo neutral con desconocimiento del caso.<\/p>\n\n\n\n<p>\u201cYo me mantengo neutral en este momento porque no s\u00e9 en las condiciones en las que fue detenido, no conozco el tema, no conozco el caso, en redes sociales pueden argumentar muchas cosas, no, pero pues no tengo la certeza de que sea as\u00ed\u201d, apunt\u00f3.<\/p>\n\n\n\n<p>No obstante, <strong>asegur\u00f3 que Mera Olgu\u00edn es un compa\u00f1ero de lucha<\/strong> bajo el mismo partido y proyecto.<\/p>\n\n\n\n<figure class=\"wp-block-pullquote\"><blockquote><p>A t\u00edtulo personal, yo considero que es una persona muy trabajadora, por eso tiene ese respaldo social en su comunidad, en su municipio y en su distrito\u201d, agreg\u00f3.<\/p><\/blockquote><\/figure>\n\n\n\n<p>Charrez Paloma se pronunci\u00f3 que las instancias hagan su trabajo, exista la separaci\u00f3n de poderes y cumplan con su funci\u00f3n con apego a derecho.<\/p>\n","protected":false},"excerpt":{"rendered":"<p>Tras manifestar su respaldo al candidato a diputado local por Mixquiahuala de Ju\u00e1rez, Armando Mera Olgu\u00edn, detenido esta madrugada, el dirigente estatal Partido del Trabajo (PT), Javier V\u00e1zquez Calixto, y&hellip; <\/p>\n","protected":false},"author":14,"featured_media":14627,"comment_status":"closed","ping_status":"closed","sticky":false,"template":"","format":"standard","meta":{"two_page_speed":[],"_joinchat":[],"footnotes":""},"categories":[1],"tags":[93,1831,1832],"class_list":["post-14626","post","type-post","status-publish","format-standard","has-post-thumbnail","hentry","category-politica","tag-menchaca","tag-mera","tag-pt"],"_links":{"self":[{"href":"https:\/\/revistaacropolis.com\/index.php\/wp-json\/wp\/v2\/posts\/14626","targetHints":{"allow":["GET"]}}],"collection":[{"href":"https:\/\/revistaacropolis.com\/index.php\/wp-json\/wp\/v2\/posts"}],"about":[{"href":"https:\/\/revistaacropolis.com\/index.php\/wp-json\/wp\/v2\/types\/post"}],"author":[{"embeddable":true,"href":"https:\/\/revistaacropolis.com\/index.php\/wp-json\/wp\/v2\/users\/14"}],"replies":[{"embeddable":true,"href":"https:\/\/revistaacropolis.com\/index.php\/wp-json\/wp\/v2\/comments?post=14626"}],"version-history":[{"count":1,"href":"https:\/\/revistaacropolis.com\/index.php\/wp-json\/wp\/v2\/posts\/14626\/revisions"}],"predecessor-version":[{"id":14628,"href":"https:\/\/revistaacropolis.com\/index.php\/wp-json\/wp\/v2\/posts\/14626\/revisions\/14628"}],"wp:featuredmedia":[{"embeddable":true,"href":"https:\/\/revistaacropolis.com\/index.php\/wp-json\/wp\/v2\/media\/14627"}],"wp:attachment":[{"href":"https:\/\/revistaacropolis.com\/index.php\/wp-json\/wp\/v2\/media?parent=14626"}],"wp:term":[{"taxonomy":"category","embeddable":true,"href":"https:\/\/revistaacropolis.com\/index.php\/wp-json\/wp\/v2\/categories?post=14626"},{"taxonomy":"post_tag","embeddable":true,"href":"https:\/\/revistaacropolis.com\/index.php\/wp-json\/wp\/v2\/tags?post=14626"}],"curies":[{"name":"wp","href":"https:\/\/api.w.org\/{rel}","templated":true}]}}