{"id":15048,"date":"2024-05-04T18:14:23","date_gmt":"2024-05-05T00:14:23","guid":{"rendered":"https:\/\/revistaacropolis.com\/?p=15048"},"modified":"2024-05-04T20:38:13","modified_gmt":"2024-05-05T02:38:13","slug":"ataque-armado-no-que-contra-vivienda-candidata-del-pri-si-solicita-tendra-proteccion-menchaca","status":"publish","type":"post","link":"https:\/\/revistaacropolis.com\/index.php\/ataque-armado-no-que-contra-vivienda-candidata-del-pri-si-solicita-tendra-proteccion-menchaca\/politica\/","title":{"rendered":"Ataque armado no fue contra vivienda candidata del PRI; si solicita, tendr\u00e1 protecci\u00f3n: Menchaca"},"content":{"rendered":"\n<p>El gobernador de Hidalgo, Julio Menchaca Salazar, mencion\u00f3 que <em>hay indicios para considerar que la agresi\u00f3n armada que report\u00f3 la candidata del Partido Revolucionario Institucional (PRI) al ayuntamiento de Tula de Allende, Alejandra Mor\u00e1n Ram\u00edrez, no se trat\u00f3 de un ataque directo en su contra<\/em>; sin embargo, se le dotar\u00e1 de seguridad si lo requiere.<\/p>\n\n\n\n<p>Luego de que la tricolor <em>publicara en su cuenta de X que por la madrugada hab\u00edan baleado su casa y que se encontraba temerosa ante estos hechos,<\/em> aunado a que el PRI pidi\u00f3 protecci\u00f3n para su aspirante, el mandatario en principio refiri\u00f3 que se trataba de una noticia falsa, tras la consulta a las \u00e1reas de seguridad del gobierno estatal.<\/p>\n\n\n\n<p>No obstante, posteriormente rectific\u00f3, tras mencionarle su \u00e1rea de comunicaci\u00f3n que los hechos s\u00ed pasaron, pero que no fueron a la vivienda de la candidata, sino contra otra vivienda cercana a la de Mor\u00e1n Ram\u00edrez.<\/p>\n\n\n\n<p>Menchaca Salazar consider\u00f3 que las menciones de la tricolor sobre el ataca a su propiedad no son de mala fe y se\u00f1al\u00f3 que hubiera sido o no contra ella, estos hechos son reprobable, dijo.<\/p>\n\n\n\n<p>Indic\u00f3 que en el caso ya act\u00faan la Procuradur\u00eda General de Justicia (PGJEH) y la Secretar\u00eda de Seguridad P\u00fablica de Hidalgo (SSPH).<\/p>\n\n\n\n<p>Aunque consider\u00f3 que <em>los hechos no implicar\u00edan un ataque contra la candidata del PRI para intimidarla o hacerle da\u00f1o<\/em>, el gobernador pidi\u00f3 m\u00e1s de tiempo para poder confirmar esta versi\u00f3n, una vez que tuviera toda la informaci\u00f3n completa.<\/p>\n\n\n\n<p>\u201cD\u00e9jenme confirmarlo, en el transcurso de unas horas tendremos la informaci\u00f3n, para no estar especulando\u201d, manifest\u00f3.<\/p>\n\n\n\n<p>Pese a que no se observa, de acuerdo con los primeros indicios, que hubiese un ataque contra Mor\u00e1n Ram\u00edrez, el mandatario <em>asegur\u00f3 que, si ella lo pide y ve necesario, se le dar\u00e1 seguridad.<\/em><\/p>\n\n\n\n<p>\u201cSi la solicita, s\u00ed, al que la solicite (se le dar\u00e1 seguridad)\u201d, afirm\u00f3.<\/p>\n\n\n\n<p>Cuestionado sobre si se requiere reforzar la seguridad en la regi\u00f3n de Tula, en el lado lim\u00edtrofe del Estado de M\u00e9xico, el morenista refiri\u00f3 que es un \u00e1rea que por todo \u201clo complejo\u201d, no solamente el municipio, se necesita cuidarla mucho.<\/p>\n\n\n\n<p>A poco menos de un mes para que se desarrolle la jornada electoral para la elecci\u00f3n de puestos federales y locales, Menchaca Salazar <em>descart\u00f3 que exista alg\u00fan foco o zona roja para el desarrollo de la contienda electoral del 2 de junio.<\/em><\/p>\n\n\n\n<p>Seg\u00fan el mandatario, hay <em>un ambiente de tranquilidad<\/em> y que pese a que es intenso en cuanto a las acciones que emprenden los partidos pol\u00edticos, esto se desarrolla con normalidad.<\/p>\n\n\n\n<p>\u201cEl ambiente se ve con intensidad, los partidos est\u00e1n haciendo lo que les corresponde, defendiendo sus ideas, visitando las casas, yo creo que todo dentro del orden, es una situaci\u00f3n normal\u201d, consider\u00f3.<\/p>\n\n\n\n<p>En tanto, pidi\u00f3 que <em>las campa\u00f1as se desarrollen con normalidad<\/em> y sostuvo que los aspirante deben de ayudar mucho para no exacerbar los \u00e1nimos.<\/p>\n\n\n\n<p>\u201cSiento un buen \u00e1nimo, cada quien con sus preferencias, pero ojal\u00e1 y lo expresen en las urnas, es que es la invitaci\u00f3n a expresar todos su contento, su descontento, su preferencia, a trav\u00e9s del voto\u201d, consider\u00f3.<\/p>\n","protected":false},"excerpt":{"rendered":"<p>El gobernador de Hidalgo, Julio Menchaca Salazar, mencion\u00f3 que hay indicios para considerar que la agresi\u00f3n armada que report\u00f3 la candidata del Partido Revolucionario Institucional (PRI) al ayuntamiento de Tula&hellip; <\/p>\n","protected":false},"author":14,"featured_media":15049,"comment_status":"closed","ping_status":"closed","sticky":false,"template":"","format":"standard","meta":{"two_page_speed":[],"_joinchat":[],"footnotes":""},"categories":[1],"tags":[89,2443],"class_list":["post-15048","post","type-post","status-publish","format-standard","has-post-thumbnail","hentry","category-politica","tag-hidalgo","tag-politica"],"_links":{"self":[{"href":"https:\/\/revistaacropolis.com\/index.php\/wp-json\/wp\/v2\/posts\/15048","targetHints":{"allow":["GET"]}}],"collection":[{"href":"https:\/\/revistaacropolis.com\/index.php\/wp-json\/wp\/v2\/posts"}],"about":[{"href":"https:\/\/revistaacropolis.com\/index.php\/wp-json\/wp\/v2\/types\/post"}],"author":[{"embeddable":true,"href":"https:\/\/revistaacropolis.com\/index.php\/wp-json\/wp\/v2\/users\/14"}],"replies":[{"embeddable":true,"href":"https:\/\/revistaacropolis.com\/index.php\/wp-json\/wp\/v2\/comments?post=15048"}],"version-history":[{"count":2,"href":"https:\/\/revistaacropolis.com\/index.php\/wp-json\/wp\/v2\/posts\/15048\/revisions"}],"predecessor-version":[{"id":15056,"href":"https:\/\/revistaacropolis.com\/index.php\/wp-json\/wp\/v2\/posts\/15048\/revisions\/15056"}],"wp:featuredmedia":[{"embeddable":true,"href":"https:\/\/revistaacropolis.com\/index.php\/wp-json\/wp\/v2\/media\/15049"}],"wp:attachment":[{"href":"https:\/\/revistaacropolis.com\/index.php\/wp-json\/wp\/v2\/media?parent=15048"}],"wp:term":[{"taxonomy":"category","embeddable":true,"href":"https:\/\/revistaacropolis.com\/index.php\/wp-json\/wp\/v2\/categories?post=15048"},{"taxonomy":"post_tag","embeddable":true,"href":"https:\/\/revistaacropolis.com\/index.php\/wp-json\/wp\/v2\/tags?post=15048"}],"curies":[{"name":"wp","href":"https:\/\/api.w.org\/{rel}","templated":true}]}}