{"id":15068,"date":"2024-05-06T10:16:17","date_gmt":"2024-05-06T16:16:17","guid":{"rendered":"https:\/\/revistaacropolis.com\/?p=15068"},"modified":"2024-05-06T10:16:40","modified_gmt":"2024-05-06T16:16:40","slug":"tramitan-amparo-30-aspirantes-del-pt-para-no-ser-detenidos-afirma-damian-sosa","status":"publish","type":"post","link":"https:\/\/revistaacropolis.com\/index.php\/tramitan-amparo-30-aspirantes-del-pt-para-no-ser-detenidos-afirma-damian-sosa\/politica\/","title":{"rendered":"Tramitan amparo 30 aspirantes del PT para no ser detenidos, afirma Dami\u00e1n Sosa"},"content":{"rendered":"\n<p>El candidato de Partido del Trabajo (PT) al Senado por Hidalgo y l\u00edder de Grupo Universidad, <em>Dami\u00e1n Sosa Castel\u00e1n, afirm\u00f3 que, adem\u00e1s de \u00e9l, aproximadamente 30 aspirantes del partido de la estrella han tramitado amparos contra detenciones<\/em>, ante la persecuci\u00f3n pol\u00edtica que acusan desde el gobierno estatal.<\/p>\n\n\n\n<p>Entre ellos se\u00f1al\u00f3 a Miguel L\u00f3pez Hern\u00e1ndez, candidato del PT en Tlaxcoapan, quien -dijo- recibi\u00f3 cinco citatorios de la Procuradur\u00eda General de Justicia de Hidalgo (PGJH) \u201cen un mismos d\u00eda\u201d, lo cual adjudic\u00f3 a que el secretario de Gobierno, Guillermo Olivares Reyna, quien \u2013acus\u00f3\u2013 busca \u201cimponer\u201d en la presidencia a su hermana, Teresa Olivares Reyna, \u201ca pesar de que no viv\u00eda ah\u00ed desde hace 35 a\u00f1os\u201d.<\/p>\n\n\n\n<p>Afirm\u00f3 que a <em>sus \u201cliderazgos\u201d los \u201candan amedrentando\u201d,<\/em> pues recientemente hubo dos \u00f3rdenes de aprehensi\u00f3n contra dos de Tulancingo, as\u00ed como contra un aspirante de la planilla de Zacualtip\u00e1n.<\/p>\n\n\n\n<blockquote class=\"wp-block-quote is-layout-flow wp-block-quote-is-layout-flow\">\n<blockquote class=\"wp-block-quote is-layout-flow wp-block-quote-is-layout-flow\">\n<p>\u201cComo ve a un Partido del Trabajo avanzando, como ve a un Partido del Trabajo evolucionando, pues por eso est\u00e1 el tema de c\u00f3mo amedrentan a los diferentes actores pol\u00edticos, pero nosotros no les tenemos miedo\u201d, expres\u00f3.<\/p>\n<\/blockquote>\n<\/blockquote>\n\n\n\n<p>Por ello, dijo el integrante de Grupo Universidad, <em>inici\u00f3 la campa\u00f1a \u201cde esa manera\u201d;<\/em> de lo contrario, consider\u00f3 que ya estuviera detenido por \u201cfalsas calumnias\u201d con \u201cdenuncias an\u00f3nimas\u201d.<\/p>\n\n\n\n<p>Asever\u00f3 que <em>quienes no arrancaron proselitismo con la tramitaci\u00f3n de un amparo \u201choy en d\u00eda est\u00e1n detenidos\u201d,<\/em> como el alcalde con licencia y aspirante a diputado local por Mixquiahuala, Armando Mera Olgu\u00edn, imputado por uso il\u00edcito de atribuciones y facultades.<\/p>\n\n\n\n<blockquote class=\"wp-block-quote is-layout-flow wp-block-quote-is-layout-flow\">\n<p>\u201cPor qu\u00e9 no entra la procuradur\u00eda y las personas de Investigaci\u00f3n de la misma manera que entraron a la casa de Armando Mera con los delincuentes, con los huachicoleros, ellos saben qui\u00e9nes son, por d\u00f3nde est\u00e1n participando, c\u00f3mo est\u00e1 hoy en d\u00eda la inseguridad en Tula, en Tepeji, en Tulancingo, en Pachuca, en Huejutla\u201d, asever\u00f3.<\/p>\n<\/blockquote>\n\n\n\n<p>Asever\u00f3 que el \u201c\u00fanico responsable\u201d de la gobernabilidad en el estado es el mandatario Julio Menchaca Salazar, por lo que le corresponde la estabilidad pol\u00edtica de las elecciones, dijo.<\/p>\n\n\n\n<blockquote class=\"wp-block-quote is-layout-flow wp-block-quote-is-layout-flow\">\n<p>\u201cInvit\u00f3 al se\u00f1or gobernador para que las elecciones del 2 de junio realmente sea una fiesta\u201d, expuso.<\/p>\n<\/blockquote>\n\n\n\n<p>Asimismo, cuestion\u00f3 por qu\u00e9 procesan a los del PT y la PGJH no actu\u00f3 contra Daniel Andrade Zurutuza, aspirante de Morena a diputado federal del Huejutla, denunciado por violaci\u00f3n sexual.<\/p>\n\n\n\n<h3 class=\"wp-block-heading\">HABLAN CON SHEINBAUM<\/h3>\n\n\n\n<p>Sosa Castel\u00e1n <em>afirm\u00f3 que la dirigencia nacional del PT, que \u201cha defendido las candidaturas\u201d,<\/em> ha hablado del caso que acusan con la candidata presidencial Claudia Sheinbaum Pardo.<\/p>\n\n\n\n<p>Indic\u00f3 que \u201cya ha habido respuesta\u201d, pero no quiso indicar en qu\u00e9 consisti\u00f3 la misma.<\/p>\n\n\n\n<p>\u201cLas personas correspondientes se los informar\u00e1\u201d, agreg\u00f3 el aspirante petista al Senado de la rep\u00fablica.<\/p>\n","protected":false},"excerpt":{"rendered":"<p>El candidato de Partido del Trabajo (PT) al Senado por Hidalgo y l\u00edder de Grupo Universidad, Dami\u00e1n Sosa Castel\u00e1n, afirm\u00f3 que, adem\u00e1s de \u00e9l, aproximadamente 30 aspirantes del partido de&hellip; <\/p>\n","protected":false},"author":4,"featured_media":15069,"comment_status":"closed","ping_status":"closed","sticky":false,"template":"","format":"standard","meta":{"two_page_speed":[],"_joinchat":[],"footnotes":""},"categories":[1],"tags":[],"class_list":["post-15068","post","type-post","status-publish","format-standard","has-post-thumbnail","hentry","category-politica"],"_links":{"self":[{"href":"https:\/\/revistaacropolis.com\/index.php\/wp-json\/wp\/v2\/posts\/15068","targetHints":{"allow":["GET"]}}],"collection":[{"href":"https:\/\/revistaacropolis.com\/index.php\/wp-json\/wp\/v2\/posts"}],"about":[{"href":"https:\/\/revistaacropolis.com\/index.php\/wp-json\/wp\/v2\/types\/post"}],"author":[{"embeddable":true,"href":"https:\/\/revistaacropolis.com\/index.php\/wp-json\/wp\/v2\/users\/4"}],"replies":[{"embeddable":true,"href":"https:\/\/revistaacropolis.com\/index.php\/wp-json\/wp\/v2\/comments?post=15068"}],"version-history":[{"count":2,"href":"https:\/\/revistaacropolis.com\/index.php\/wp-json\/wp\/v2\/posts\/15068\/revisions"}],"predecessor-version":[{"id":15071,"href":"https:\/\/revistaacropolis.com\/index.php\/wp-json\/wp\/v2\/posts\/15068\/revisions\/15071"}],"wp:featuredmedia":[{"embeddable":true,"href":"https:\/\/revistaacropolis.com\/index.php\/wp-json\/wp\/v2\/media\/15069"}],"wp:attachment":[{"href":"https:\/\/revistaacropolis.com\/index.php\/wp-json\/wp\/v2\/media?parent=15068"}],"wp:term":[{"taxonomy":"category","embeddable":true,"href":"https:\/\/revistaacropolis.com\/index.php\/wp-json\/wp\/v2\/categories?post=15068"},{"taxonomy":"post_tag","embeddable":true,"href":"https:\/\/revistaacropolis.com\/index.php\/wp-json\/wp\/v2\/tags?post=15068"}],"curies":[{"name":"wp","href":"https:\/\/api.w.org\/{rel}","templated":true}]}}