{"id":15538,"date":"2024-05-16T00:06:42","date_gmt":"2024-05-16T06:06:42","guid":{"rendered":"https:\/\/revistaacropolis.com\/?p=15538"},"modified":"2024-05-16T00:06:57","modified_gmt":"2024-05-16T06:06:57","slug":"proponen-reponer-con-pluris-los-curules-que-queden-sin-representante-en-congreso-local","status":"publish","type":"post","link":"https:\/\/revistaacropolis.com\/index.php\/proponen-reponer-con-pluris-los-curules-que-queden-sin-representante-en-congreso-local\/politica\/","title":{"rendered":"Proponen reponer con pluris los curules que queden sin representante en Congreso local"},"content":{"rendered":"\n<p>Para que el <strong>Congreso de Hidalgo no se quede sin representaciones en alguna de las 30 curules, el Grupo Plural Independiente propuso la realizaci\u00f3n de una elecci\u00f3n extraordinaria o llamar a los integrantes de la lista<\/strong> de representaci\u00f3n proporcional para cubrir un espacio ac\u00e9falo.<\/p>\n\n\n\n<p>Este mi\u00e9rcoles, el legislador expriista Julio Manuel Valera Piedras present\u00f3 una iniciativa para reformar la Ley Org\u00e1nica del Poder Legislativo del Estado de Hidalgo en su art\u00edculo 28, as\u00ed como adicionar dos m\u00e1s bajo la denominaci\u00f3n Bis y Ter, para puntualizar c\u00f3mo actuar cuando no haya representaci\u00f3n en alg\u00fan distrito.<\/p>\n\n\n\n<p>Dijo que la iniciativa se deriva de lo que se observa en esta legislatura, en la que hay dos vacantes en las curules de Tepeji y Metepec.<\/p>\n\n\n\n<p>Abunda que aunque la ley establece el suplente de la falta del propietario, se dio una situaci\u00f3n at\u00edpica para la que no hay los mecanismos legales suficientes que permitan que el Congreso local tener \u201ca sus 30 diputados, que est\u00e9n completos, as\u00ed como que los municipios tengan a todos sus regidores\u201d.<\/p>\n\n\n\n<p>\u201cDebe haber un mecanismo legal, democr\u00e1tico, que le garantice a la ciudadan\u00eda que si vot\u00f3 porque haya 30 diputados, haya 30 diputados, que si vot\u00f3 porque haya el n\u00famero de regidores, tiene que estar los regidores\u201d, puntualiz\u00f3 el extricolor.<\/p>\n\n\n\n<p>La propuesta <strong>busca establecer un mecanismo para que, en caso de que no haya propietario ni diputado suplente, de inmediato se nombre a quien asuma la curul<\/strong>.<\/p>\n\n\n\n<p>Esto, respetando el voto de la ciudadan\u00eda sobre el partido por el cual se gan\u00f3 el distrito local.<\/p>\n\n\n\n<blockquote class=\"wp-block-quote is-layout-flow wp-block-quote-is-layout-flow\">\n<p>Entonces, si hoy no hay una diputada o un diputado de una fracci\u00f3n, pues hay que buscar que en la lista que ya est\u00e1, que fue votada por la ciudadan\u00eda democr\u00e1ticamente, se pueda decidir en la persona que sigue en el listado pueda ocuparla\u201d, manifest\u00f3 en referencia a los plurinominales.<\/p>\n<\/blockquote>\n\n\n\n<p>\u201cEn caso de licencia por tiempo indefinido o por haberse decretado la conclusi\u00f3n de su encargo, la Directiva llamar\u00e1 a su suplente\u201d, se\u00f1ala la propuesta de reforma al art\u00edculo 28 tercer p\u00e1rrafo, en el quese adiciona el concepto de decreto de fin de encargo.<\/p>\n\n\n\n<p>En tanto, en el art\u00edculo 28 Bis se establece que, a falta de las diputaci\u00f3n suplente, se llamar\u00e1 a una f\u00f3rmula de representaci\u00f3n proporcional, tambi\u00e9n llamadas plurinominal, del mismo partido conforme al procedimiento de asignaci\u00f3n de diputaciones de representaci\u00f3n proporcional, respetando el g\u00e9nero.<\/p>\n\n\n\n<p>En tanto, la propuesta establece en el art\u00edculo 28 Ter las bases para que, a falta de diputaciones suplentes electas por el criterio de mayor\u00eda relativa, durante el primer a\u00f1o de ejercicio constitucional, el Congreso local notifique al Consejo General Instituto Estatal Electoral (IEEH) para que convoque a elecciones extraordinarias para elegir la diputaci\u00f3n faltante.<\/p>\n\n\n\n<p>Por otra parte, <strong>si la falta de la suplencia se da durante los dos \u00faltimos a\u00f1os de la legislatura se llamar\u00e1 a la f\u00f3rmula de representaci\u00f3n proporcional del mismo partido que determine el organismo electoral local<\/strong>.<\/p>\n\n\n\n<p>La propuesta de reforma se da en el contexto de que Congreso de Hidalgo tiene dos vacantes, pues sus titulares son contendientes a un encargo de elecci\u00f3n popular y pidieron licencia y sus suplentes no asumieron el espacio.<\/p>\n\n\n\n<p>En el caso del distrito de Tepeji del R\u00edo, la legisladora Tania Valdez Cu\u00e9llar dej\u00f3 el cargo para ser postulada por Morena por la alcald\u00eda del ese municipio; adem\u00e1s, su suplente, Yocelyn Tovar Mendoza tambi\u00e9n fue postulada como abanderada por Atotonilco de Tula, lo cual dej\u00f3 el hueco en la curul.<\/p>\n\n\n\n<p>En tanto, por el distrito de Metepec, su titular, Miguel \u00c1ngel Mart\u00ednez G\u00f3mez, dej\u00f3 el Congreso local para ser candidato a la alcald\u00eda, mientras que su suplente, Benito San Juan San Agust\u00edn, no ha atendido el llamado del Congreso para tomar la curul vacante desde el pasado primero de abril.<\/p>\n","protected":false},"excerpt":{"rendered":"<p>Para que el Congreso de Hidalgo no se quede sin representaciones en alguna de las 30 curules, el Grupo Plural Independiente propuso la realizaci\u00f3n de una elecci\u00f3n extraordinaria o llamar&hellip; <\/p>\n","protected":false},"author":14,"featured_media":15539,"comment_status":"closed","ping_status":"closed","sticky":false,"template":"","format":"standard","meta":{"two_page_speed":[],"_joinchat":[],"footnotes":""},"categories":[1],"tags":[],"class_list":["post-15538","post","type-post","status-publish","format-standard","has-post-thumbnail","hentry","category-politica"],"_links":{"self":[{"href":"https:\/\/revistaacropolis.com\/index.php\/wp-json\/wp\/v2\/posts\/15538","targetHints":{"allow":["GET"]}}],"collection":[{"href":"https:\/\/revistaacropolis.com\/index.php\/wp-json\/wp\/v2\/posts"}],"about":[{"href":"https:\/\/revistaacropolis.com\/index.php\/wp-json\/wp\/v2\/types\/post"}],"author":[{"embeddable":true,"href":"https:\/\/revistaacropolis.com\/index.php\/wp-json\/wp\/v2\/users\/14"}],"replies":[{"embeddable":true,"href":"https:\/\/revistaacropolis.com\/index.php\/wp-json\/wp\/v2\/comments?post=15538"}],"version-history":[{"count":2,"href":"https:\/\/revistaacropolis.com\/index.php\/wp-json\/wp\/v2\/posts\/15538\/revisions"}],"predecessor-version":[{"id":15541,"href":"https:\/\/revistaacropolis.com\/index.php\/wp-json\/wp\/v2\/posts\/15538\/revisions\/15541"}],"wp:featuredmedia":[{"embeddable":true,"href":"https:\/\/revistaacropolis.com\/index.php\/wp-json\/wp\/v2\/media\/15539"}],"wp:attachment":[{"href":"https:\/\/revistaacropolis.com\/index.php\/wp-json\/wp\/v2\/media?parent=15538"}],"wp:term":[{"taxonomy":"category","embeddable":true,"href":"https:\/\/revistaacropolis.com\/index.php\/wp-json\/wp\/v2\/categories?post=15538"},{"taxonomy":"post_tag","embeddable":true,"href":"https:\/\/revistaacropolis.com\/index.php\/wp-json\/wp\/v2\/tags?post=15538"}],"curies":[{"name":"wp","href":"https:\/\/api.w.org\/{rel}","templated":true}]}}